{"id":7612,"date":"2020-01-07T11:51:11","date_gmt":"2020-01-07T10:51:11","guid":{"rendered":"http:\/\/spazio-news.it\/?p=7612"},"modified":"2020-01-07T15:29:08","modified_gmt":"2020-01-07T14:29:08","slug":"sicurezza-del-volo-rafforzata-la-collaborazione-ansv-ami","status":"publish","type":"post","link":"http:\/\/spazio-news.it\/?p=7612","title":{"rendered":"SICUREZZA DEL VOLO: RAFFORZATA LA COLLABORAZIONE ANSV-AMI"},"content":{"rendered":"<p class=\"western\" lang=\"en-US\"><span lang=\"it-IT\">Lo <a href=\"http:\/\/www.aeronautica.difesa.it\">Stato Maggiore dell\u2019Aeronautica<\/a> ha sottoscritto con l\u2019<a href=\"http:\/\/www.ansv.it\">Agenzia Nazionale per la Sicurezza del Volo \u2013 ANSV<\/a> il <\/span><span lang=\"it-IT\"><strong>nuovo protocollo d\u2019intesa<\/strong><\/span><span lang=\"it-IT\"> finalizzato al miglioramento della <\/span><span lang=\"it-IT\"><strong>sicurezza del volo<\/strong><\/span><span lang=\"it-IT\"> ed alla <\/span><span lang=\"it-IT\"><strong>prevenzione degli incidenti aerei<\/strong><\/span><span lang=\"it-IT\">.<\/span><\/p>\n<p class=\"western\" lang=\"en-US\">\u201c<span lang=\"it-IT\"><em>la nuova intesa firmata con l\u2019AMI<\/em><\/span><span lang=\"it-IT\"><em>parte dalla esperienza pi\u00f9 che positiva maturata in questi anni in sede di applicazione del protocollo in scadenza e tende ad assicurare, in linea con gli orientamenti nazionali, la massima sinergia tra le organizzazioni statali, con l\u2019obiettivo principale di aumentare l\u2019efficienza delle pubbliche istituzioni e ridurre i costi <\/em><\/span><span lang=\"it-IT\">&#8211; ha detto a <a href=\"http:\/\/www.spazio-news.it\">Spazio-News Magazine<\/a>, <\/span><span lang=\"it-IT\"><strong>Bruno <\/strong><\/span><span lang=\"it-IT\"><strong>Franchi<\/strong><\/span><span lang=\"it-IT\">, Presidente dell\u2019ANSV &#8211;<\/span><span lang=\"it-IT\"><em>. Tale protocollo render\u00e0 ancora pi\u00f9 incisiva e proficua la collaborazione tra l\u2019Agenzia e la Forza Armata, favorendo il miglioramento dell\u2019attivit\u00e0 di prevenzione degli incidenti e quindi della sicurezza del volo, tramite la messa a fattore comune delle rispettive competenze, tecnologie ed esperienze in materia. Tale protocollo avr\u00e0 anche positive ricadute di immagine per l\u2019Italia a livello internazionale e Comunitario\u201d.<\/em><\/span><\/p>\n<p class=\"western\" lang=\"en-US\"><span lang=\"it-IT\">Il protocollo, che sostituisce quello in scadenza, prevede il rafforzamento del positivo rapporto di <\/span><span lang=\"it-IT\"><strong>collaborazione istituzionale<\/strong><\/span><span lang=\"it-IT\"> gi\u00e0 in essere, tramite la <\/span><span lang=\"it-IT\"><strong>reciproca e tempestiva condivisione<\/strong><\/span><span lang=\"it-IT\">, nel campo della <\/span><span lang=\"it-IT\"><strong>prevenzione<\/strong><\/span><span lang=\"it-IT\">, di <\/span><span lang=\"it-IT\"><strong>informazioni<\/strong><\/span><span lang=\"it-IT\"> e dati riguardanti l\u2019<\/span><span lang=\"it-IT\"><strong>attivit\u00e0 di volo civile <\/strong><\/span><span lang=\"it-IT\">e <\/span><span lang=\"it-IT\"><strong>militare<\/strong><\/span><span lang=\"it-IT\"> e, per gli aspetti <\/span><span lang=\"it-IT\"><strong>investigativi<\/strong><\/span><span lang=\"it-IT\">, delle specifiche esperienze professionali.\u00a0 <\/span><\/p>\n<p class=\"western\" lang=\"en-US\">\u201cL<span lang=\"it-IT\"><em>\u2019accordo si inserisce nel contesto di collaborazione istituzionale fra comparti della Pubblica Amministrazione e consentir\u00e0 all\u2019Agenzia di far fronte, in maniera pi\u00f9 efficace e tempestiva, all\u2019assolvimento dei propri compiti d\u2019istituto contribuendo anche a rafforzare ulteriormente i positivi rapporti di collaborazione da tempo instaurati con l\u2019AM \u2013 <\/em><\/span><span lang=\"it-IT\">Ha aggiunto il <a href=\"http:\/\/www.aeronautica.difesa.it\">Sottocapo di Stato Maggiore dell\u2019Aeronautica Militare, Luca Goretti<\/a> -.<\/span><span lang=\"it-IT\"><em> Lo scambio di esperienze nel settore della sicurezza del volo e la condivisione delle informazioni contribuir\u00e0, inoltre, alla valorizzazione delle attivit\u00e0 formative ed operative del personale della Forza Armata che avr\u00e0 l\u2019opportunit\u00e0 di avvalersi delle strutture e dei laboratori dell\u2019Agenzia<\/em><\/span><span lang=\"it-IT\">\u201d.<\/span><\/p>\n","protected":false},"excerpt":{"rendered":"<p>Lo Stato Maggiore dell\u2019Aeronautica ha sottoscritto con l\u2019Agenzia Nazionale per la Sicurezza del Volo \u2013 ANSV il nuovo protocollo d\u2019intesa<\/p>\n","protected":false},"author":1,"featured_media":0,"comment_status":"closed","ping_status":"open","sticky":false,"template":"","format":"standard","meta":{"colormag_page_container_layout":"default_layout","colormag_page_sidebar_layout":"default_layout","footnotes":""},"categories":[32,4],"tags":[54,559,147,377,2785,9,560,1433,11,2064],"class_list":["post-7612","post","type-post","status-publish","format-standard","hentry","category-prima-pagina","category-istituzioni","tag-aeronautica-militare-italiana","tag-agenzia-nazionale-della-sicurezza-volo-ansv","tag-aviazione","tag-aviazione-civile","tag-aviazione-commerciale","tag-incidente","tag-incidente-aereo","tag-raccomandazione-di-sicurezza-ansv","tag-sicurezza-volo","tag-stato-maggiore-dellaeronautica"],"yoast_head":"<!-- This site is optimized with the Yoast SEO plugin v26.8 - https:\/\/yoast.com\/product\/yoast-seo-wordpress\/ -->\n<title>SICUREZZA DEL VOLO: RAFFORZATA LA COLLABORAZIONE ANSV-AMI &#187; Spazio-News Magazine<\/title>\n<meta name=\"description\" content=\"L&#039;Aeronautica ha sottoscritto con l\u2019ANSV una nuova intesa finalizzata al miglioramento della sicurezza e alla prevenzione degli incidenti aerei\" \/>\n<meta name=\"robots\" content=\"index, follow, max-snippet:-1, max-image-preview:large, max-video-preview:-1\" \/>\n<link rel=\"canonical\" href=\"http:\/\/spazio-news.it\/?p=7612\" \/>\n<meta property=\"og:locale\" content=\"it_IT\" \/>\n<meta property=\"og:type\" content=\"article\" \/>\n<meta property=\"og:title\" content=\"SICUREZZA DEL VOLO: RAFFORZATA LA COLLABORAZIONE ANSV-AMI &#187; Spazio-News Magazine\" \/>\n<meta property=\"og:description\" content=\"L&#039;Aeronautica ha sottoscritto con l\u2019ANSV una nuova intesa finalizzata al miglioramento della sicurezza e alla prevenzione degli incidenti aerei\" \/>\n<meta property=\"og:url\" content=\"http:\/\/spazio-news.it\/?p=7612\" \/>\n<meta property=\"og:site_name\" content=\"Spazio-News Magazine\" \/>\n<meta property=\"article:publisher\" content=\"https:\/\/m.facebook.com\/spazio-news-magazine\" \/>\n<meta property=\"article:author\" content=\"@SpazioNewsMagazine\" \/>\n<meta property=\"article:published_time\" content=\"2020-01-07T10:51:11+00:00\" \/>\n<meta property=\"article:modified_time\" content=\"2020-01-07T14:29:08+00:00\" \/>\n<meta property=\"og:image\" content=\"http:\/\/spazio-news.it\/wp-content\/uploads\/2023\/09\/Spazio-News-Magazine-Logo-IT-Senza-scritta.png\" \/>\n\t<meta property=\"og:image:width\" content=\"1280\" \/>\n\t<meta property=\"og:image:height\" content=\"720\" \/>\n\t<meta property=\"og:image:type\" content=\"image\/png\" \/>\n<meta name=\"author\" content=\"Redazione\" \/>\n<meta name=\"twitter:card\" content=\"summary_large_image\" \/>\n<meta name=\"twitter:creator\" content=\"@news_spazio\" \/>\n<meta name=\"twitter:site\" content=\"@News_spazio\" \/>\n<meta name=\"twitter:label1\" content=\"Scritto da\" \/>\n\t<meta name=\"twitter:data1\" content=\"Redazione\" \/>\n\t<meta name=\"twitter:label2\" content=\"Tempo di lettura stimato\" \/>\n\t<meta name=\"twitter:data2\" content=\"2 minuti\" \/>\n<script type=\"application\/ld+json\" class=\"yoast-schema-graph\">{\"@context\":\"https:\/\/schema.org\",\"@graph\":[{\"@type\":\"NewsArticle\",\"@id\":\"http:\/\/spazio-news.it\/?p=7612#article\",\"isPartOf\":{\"@id\":\"http:\/\/spazio-news.it\/?p=7612\"},\"author\":{\"name\":\"Redazione\",\"@id\":\"https:\/\/spazio-news.it\/#\/schema\/person\/c600904e882e9e166ed8e5e3773d37b3\"},\"headline\":\"SICUREZZA DEL VOLO: RAFFORZATA LA COLLABORAZIONE ANSV-AMI\",\"datePublished\":\"2020-01-07T10:51:11+00:00\",\"dateModified\":\"2020-01-07T14:29:08+00:00\",\"mainEntityOfPage\":{\"@id\":\"http:\/\/spazio-news.it\/?p=7612\"},\"wordCount\":328,\"publisher\":{\"@id\":\"https:\/\/spazio-news.it\/#organization\"},\"keywords\":[\"Aeronautica Militare Italiana\",\"Agenzia Nazionale della Sicurezza Volo - ANSV\",\"aviazione\",\"aviazione civile\",\"aviazione commerciale\",\"incidente\",\"incidente aereo\",\"Raccomandazione di sicurezza ANSV\",\"sicurezza volo\",\"Stato maggiore dell'Aeronautica\"],\"articleSection\":[\"01 - PRIMA PAGINA\",\"03 - ISTITUZIONI\"],\"inLanguage\":\"it-IT\"},{\"@type\":\"WebPage\",\"@id\":\"http:\/\/spazio-news.it\/?p=7612\",\"url\":\"http:\/\/spazio-news.it\/?p=7612\",\"name\":\"SICUREZZA DEL VOLO: RAFFORZATA LA COLLABORAZIONE ANSV-AMI &#187; Spazio-News Magazine\",\"isPartOf\":{\"@id\":\"https:\/\/spazio-news.it\/#website\"},\"datePublished\":\"2020-01-07T10:51:11+00:00\",\"dateModified\":\"2020-01-07T14:29:08+00:00\",\"description\":\"L'Aeronautica ha sottoscritto con l\u2019ANSV una nuova intesa finalizzata al miglioramento della sicurezza e alla prevenzione degli incidenti aerei\",\"breadcrumb\":{\"@id\":\"http:\/\/spazio-news.it\/?p=7612#breadcrumb\"},\"inLanguage\":\"it-IT\",\"potentialAction\":[{\"@type\":\"ReadAction\",\"target\":[\"http:\/\/spazio-news.it\/?p=7612\"]}]},{\"@type\":\"BreadcrumbList\",\"@id\":\"http:\/\/spazio-news.it\/?p=7612#breadcrumb\",\"itemListElement\":[{\"@type\":\"ListItem\",\"position\":1,\"name\":\"Home\",\"item\":\"https:\/\/spazio-news.it\/\"},{\"@type\":\"ListItem\",\"position\":2,\"name\":\"SICUREZZA DEL VOLO: RAFFORZATA LA COLLABORAZIONE ANSV-AMI\"}]},{\"@type\":\"WebSite\",\"@id\":\"https:\/\/spazio-news.it\/#website\",\"url\":\"https:\/\/spazio-news.it\/\",\"name\":\"Spazio-News Magazine\",\"description\":\"La guida che sfida la complessit\u00e0 del mondo industriale\",\"publisher\":{\"@id\":\"https:\/\/spazio-news.it\/#organization\"},\"alternateName\":\"Spazio-news.it\",\"potentialAction\":[{\"@type\":\"SearchAction\",\"target\":{\"@type\":\"EntryPoint\",\"urlTemplate\":\"https:\/\/spazio-news.it\/?s={search_term_string}\"},\"query-input\":{\"@type\":\"PropertyValueSpecification\",\"valueRequired\":true,\"valueName\":\"search_term_string\"}}],\"inLanguage\":\"it-IT\"},{\"@type\":\"Organization\",\"@id\":\"https:\/\/spazio-news.it\/#organization\",\"name\":\"Spazio-News Magazine\",\"url\":\"https:\/\/spazio-news.it\/\",\"logo\":{\"@type\":\"ImageObject\",\"inLanguage\":\"it-IT\",\"@id\":\"https:\/\/spazio-news.it\/#\/schema\/logo\/image\/\",\"url\":\"http:\/\/spazio-news.it\/wp-content\/uploads\/2023\/09\/Logo-Spazio-News-512-x-512-NO-testo.jpg\",\"contentUrl\":\"http:\/\/spazio-news.it\/wp-content\/uploads\/2023\/09\/Logo-Spazio-News-512-x-512-NO-testo.jpg\",\"width\":512,\"height\":512,\"caption\":\"Spazio-News Magazine\"},\"image\":{\"@id\":\"https:\/\/spazio-news.it\/#\/schema\/logo\/image\/\"},\"sameAs\":[\"https:\/\/m.facebook.com\/spazio-news-magazine\",\"https:\/\/x.com\/News_spazio\"]},{\"@type\":\"Person\",\"@id\":\"https:\/\/spazio-news.it\/#\/schema\/person\/c600904e882e9e166ed8e5e3773d37b3\",\"name\":\"Redazione\",\"sameAs\":[\"http:\/\/spazio-news.it\",\"@SpazioNewsMagazine\",\"https:\/\/x.com\/@news_spazio\"],\"url\":\"http:\/\/spazio-news.it\/?author=1\"}]}<\/script>\n<!-- \/ Yoast SEO plugin. -->","yoast_head_json":{"title":"SICUREZZA DEL VOLO: RAFFORZATA LA COLLABORAZIONE ANSV-AMI &#187; Spazio-News Magazine","description":"L'Aeronautica ha sottoscritto con l\u2019ANSV una nuova intesa finalizzata al miglioramento della sicurezza e alla prevenzione degli incidenti aerei","robots":{"index":"index","follow":"follow","max-snippet":"max-snippet:-1","max-image-preview":"max-image-preview:large","max-video-preview":"max-video-preview:-1"},"canonical":"http:\/\/spazio-news.it\/?p=7612","og_locale":"it_IT","og_type":"article","og_title":"SICUREZZA DEL VOLO: RAFFORZATA LA COLLABORAZIONE ANSV-AMI &#187; Spazio-News Magazine","og_description":"L'Aeronautica ha sottoscritto con l\u2019ANSV una nuova intesa finalizzata al miglioramento della sicurezza e alla prevenzione degli incidenti aerei","og_url":"http:\/\/spazio-news.it\/?p=7612","og_site_name":"Spazio-News Magazine","article_publisher":"https:\/\/m.facebook.com\/spazio-news-magazine","article_author":"@SpazioNewsMagazine","article_published_time":"2020-01-07T10:51:11+00:00","article_modified_time":"2020-01-07T14:29:08+00:00","og_image":[{"width":1280,"height":720,"url":"http:\/\/spazio-news.it\/wp-content\/uploads\/2023\/09\/Spazio-News-Magazine-Logo-IT-Senza-scritta.png","type":"image\/png"}],"author":"Redazione","twitter_card":"summary_large_image","twitter_creator":"@news_spazio","twitter_site":"@News_spazio","twitter_misc":{"Scritto da":"Redazione","Tempo di lettura stimato":"2 minuti"},"schema":{"@context":"https:\/\/schema.org","@graph":[{"@type":"NewsArticle","@id":"http:\/\/spazio-news.it\/?p=7612#article","isPartOf":{"@id":"http:\/\/spazio-news.it\/?p=7612"},"author":{"name":"Redazione","@id":"https:\/\/spazio-news.it\/#\/schema\/person\/c600904e882e9e166ed8e5e3773d37b3"},"headline":"SICUREZZA DEL VOLO: RAFFORZATA LA COLLABORAZIONE ANSV-AMI","datePublished":"2020-01-07T10:51:11+00:00","dateModified":"2020-01-07T14:29:08+00:00","mainEntityOfPage":{"@id":"http:\/\/spazio-news.it\/?p=7612"},"wordCount":328,"publisher":{"@id":"https:\/\/spazio-news.it\/#organization"},"keywords":["Aeronautica Militare Italiana","Agenzia Nazionale della Sicurezza Volo - ANSV","aviazione","aviazione civile","aviazione commerciale","incidente","incidente aereo","Raccomandazione di sicurezza ANSV","sicurezza volo","Stato maggiore dell'Aeronautica"],"articleSection":["01 - PRIMA PAGINA","03 - ISTITUZIONI"],"inLanguage":"it-IT"},{"@type":"WebPage","@id":"http:\/\/spazio-news.it\/?p=7612","url":"http:\/\/spazio-news.it\/?p=7612","name":"SICUREZZA DEL VOLO: RAFFORZATA LA COLLABORAZIONE ANSV-AMI &#187; Spazio-News Magazine","isPartOf":{"@id":"https:\/\/spazio-news.it\/#website"},"datePublished":"2020-01-07T10:51:11+00:00","dateModified":"2020-01-07T14:29:08+00:00","description":"L'Aeronautica ha sottoscritto con l\u2019ANSV una nuova intesa finalizzata al miglioramento della sicurezza e alla prevenzione degli incidenti aerei","breadcrumb":{"@id":"http:\/\/spazio-news.it\/?p=7612#breadcrumb"},"inLanguage":"it-IT","potentialAction":[{"@type":"ReadAction","target":["http:\/\/spazio-news.it\/?p=7612"]}]},{"@type":"BreadcrumbList","@id":"http:\/\/spazio-news.it\/?p=7612#breadcrumb","itemListElement":[{"@type":"ListItem","position":1,"name":"Home","item":"https:\/\/spazio-news.it\/"},{"@type":"ListItem","position":2,"name":"SICUREZZA DEL VOLO: RAFFORZATA LA COLLABORAZIONE ANSV-AMI"}]},{"@type":"WebSite","@id":"https:\/\/spazio-news.it\/#website","url":"https:\/\/spazio-news.it\/","name":"Spazio-News Magazine","description":"La guida che sfida la complessit\u00e0 del mondo industriale","publisher":{"@id":"https:\/\/spazio-news.it\/#organization"},"alternateName":"Spazio-news.it","potentialAction":[{"@type":"SearchAction","target":{"@type":"EntryPoint","urlTemplate":"https:\/\/spazio-news.it\/?s={search_term_string}"},"query-input":{"@type":"PropertyValueSpecification","valueRequired":true,"valueName":"search_term_string"}}],"inLanguage":"it-IT"},{"@type":"Organization","@id":"https:\/\/spazio-news.it\/#organization","name":"Spazio-News Magazine","url":"https:\/\/spazio-news.it\/","logo":{"@type":"ImageObject","inLanguage":"it-IT","@id":"https:\/\/spazio-news.it\/#\/schema\/logo\/image\/","url":"http:\/\/spazio-news.it\/wp-content\/uploads\/2023\/09\/Logo-Spazio-News-512-x-512-NO-testo.jpg","contentUrl":"http:\/\/spazio-news.it\/wp-content\/uploads\/2023\/09\/Logo-Spazio-News-512-x-512-NO-testo.jpg","width":512,"height":512,"caption":"Spazio-News Magazine"},"image":{"@id":"https:\/\/spazio-news.it\/#\/schema\/logo\/image\/"},"sameAs":["https:\/\/m.facebook.com\/spazio-news-magazine","https:\/\/x.com\/News_spazio"]},{"@type":"Person","@id":"https:\/\/spazio-news.it\/#\/schema\/person\/c600904e882e9e166ed8e5e3773d37b3","name":"Redazione","sameAs":["http:\/\/spazio-news.it","@SpazioNewsMagazine","https:\/\/x.com\/@news_spazio"],"url":"http:\/\/spazio-news.it\/?author=1"}]}},"_links":{"self":[{"href":"http:\/\/spazio-news.it\/index.php?rest_route=\/wp\/v2\/posts\/7612","targetHints":{"allow":["GET"]}}],"collection":[{"href":"http:\/\/spazio-news.it\/index.php?rest_route=\/wp\/v2\/posts"}],"about":[{"href":"http:\/\/spazio-news.it\/index.php?rest_route=\/wp\/v2\/types\/post"}],"author":[{"embeddable":true,"href":"http:\/\/spazio-news.it\/index.php?rest_route=\/wp\/v2\/users\/1"}],"replies":[{"embeddable":true,"href":"http:\/\/spazio-news.it\/index.php?rest_route=%2Fwp%2Fv2%2Fcomments&post=7612"}],"version-history":[{"count":1,"href":"http:\/\/spazio-news.it\/index.php?rest_route=\/wp\/v2\/posts\/7612\/revisions"}],"predecessor-version":[{"id":7614,"href":"http:\/\/spazio-news.it\/index.php?rest_route=\/wp\/v2\/posts\/7612\/revisions\/7614"}],"wp:attachment":[{"href":"http:\/\/spazio-news.it\/index.php?rest_route=%2Fwp%2Fv2%2Fmedia&parent=7612"}],"wp:term":[{"taxonomy":"category","embeddable":true,"href":"http:\/\/spazio-news.it\/index.php?rest_route=%2Fwp%2Fv2%2Fcategories&post=7612"},{"taxonomy":"post_tag","embeddable":true,"href":"http:\/\/spazio-news.it\/index.php?rest_route=%2Fwp%2Fv2%2Ftags&post=7612"}],"curies":[{"name":"wp","href":"https:\/\/api.w.org\/{rel}","templated":true}]}}