{"id":7870,"date":"2020-02-05T03:01:26","date_gmt":"2020-02-05T02:01:26","guid":{"rendered":"http:\/\/spazio-news.it\/?p=7870"},"modified":"2020-01-31T11:04:24","modified_gmt":"2020-01-31T10:04:24","slug":"scalfarotto-negli-usa-per-contrastare-i-dazi-americani-su-prodotti-italiani-e-ue","status":"publish","type":"post","link":"http:\/\/spazio-news.it\/?p=7870","title":{"rendered":"SCALFAROTTO: NEGLI USA PER CONTRASTARE I DAZI AMERICANI SU PRODOTTI ITALIANI E UE"},"content":{"rendered":"<p class=\"western\" lang=\"en-US\"><span lang=\"it-IT\">Il <\/span><a href=\"https:\/\/www.esteri.it\"><span lang=\"it-IT\">Sottosegretario agli esteri, Ivan Scalfarotto<\/span><\/a><span lang=\"it-IT\">, si \u00e8 recato in visita a <\/span><span lang=\"it-IT\"><strong>Washington<\/strong><\/span><span lang=\"it-IT\">, <\/span><span lang=\"it-IT\"><strong>USA<\/strong><\/span><span lang=\"it-IT\">, lo scorso luned\u00ec e marted\u00ec.<\/span><\/p>\n<p class=\"western\" lang=\"en-US\"><span lang=\"it-IT\">La missione, che si \u00e8 svolta all\u2019indomani della decisione del <\/span><span lang=\"it-IT\"><strong>Presidente USA<\/strong><\/span><span lang=\"it-IT\">,<\/span><span lang=\"it-IT\"><strong> Trump<\/strong><\/span><span lang=\"it-IT\">, di <\/span><span lang=\"it-IT\"><strong>incrementare i dazi<\/strong><\/span><span lang=\"it-IT\"> sui prodotti derivanti da <\/span><span lang=\"it-IT\"><strong>alluminio<\/strong><\/span><span lang=\"it-IT\"> e <\/span><span lang=\"it-IT\"><strong>acciaio<\/strong><\/span><span lang=\"it-IT\">, nel pieno della discussione sulla possibile attuazione da parte di alcuni <\/span><span lang=\"it-IT\"><strong>Paesi UE<\/strong><\/span><span lang=\"it-IT\"> di una <\/span><span lang=\"it-IT\"><strong>tassa sui servizi digitali<\/strong><\/span><span lang=\"it-IT\"> in relazione alla quale gli <\/span><span lang=\"it-IT\"><strong>Stati Uniti<\/strong><\/span><span lang=\"it-IT\"> minacciano <\/span><span lang=\"it-IT\"><strong>ritorsioni commerciali<\/strong><\/span><span lang=\"it-IT\"> e a poco pi\u00f9 di due settimane dall\u2019annuncio sul possibile aumento dei dazi su <\/span><span lang=\"it-IT\"><strong>prodotti europei<\/strong><\/span><span lang=\"it-IT\"> a seguito della <\/span><span lang=\"it-IT\"><strong>sentenza<\/strong><\/span><span lang=\"it-IT\"> sui <\/span><span lang=\"it-IT\"><strong>sussidi al costruttore aeronautico <\/strong><\/span><a href=\"http:\/\/www.airbus.com\"><span lang=\"it-IT\">Airbus<\/span><\/a><span lang=\"it-IT\">.\u00a0<\/span><\/p>\n<p class=\"western\" lang=\"en-US\">\u201c<span lang=\"it-IT\"><em>Ci auguriamo che i nostri amici americani possano concordare sul fatto che una escalation delle tensioni commerciali, finirebbe solo per penalizzare imprese e consumatori negli USA ed in Europa e per deprimere entrambe le economie <\/em><\/span><span lang=\"it-IT\">\u2013 ha commentato <\/span><a href=\"https:\/\/www.esteri.it\"><span lang=\"it-IT\">Scalfarotto<\/span><\/a><span lang=\"it-IT\"> -. <\/span><span lang=\"it-IT\"><em>In particolare, a pochi mesi dalla sentenza WTO sui sussidi Boeing che autorizzer\u00e0 l\u2019UE a imporre dazi analogamente a quanto effettuato ad ottobre dagli USA con le tariffe che hanno penalizzato alcuni nostri prodotti dell\u2019agrifood, riteniamo che sia necessario nelle prossime settimane mettere da parte le minacce reciproche e impegnarci per un accordo equo tra le parti in grado di mettere al sicuro i mutui benefici che derivano dall\u2019interscambio commerciale, sia di beni che di servizi, cos\u00ec come dai flussi di investimenti\u201d.<\/em><\/span><\/p>\n<p class=\"western\" lang=\"en-US\"><span lang=\"it-IT\">Il <\/span><a href=\"https:\/\/www.esteri.it\"><span lang=\"it-IT\">Sottosegretario<\/span><\/a><span lang=\"it-IT\">, cos\u00ec come evidenziato anche al <\/span><span lang=\"it-IT\"><strong>Commissario europeo Hogan<\/strong><\/span><span lang=\"it-IT\">\u00a0nei giorni scorsi, ha espresso nel corso della visita agli interlocutori americani di <\/span><span lang=\"it-IT\"><strong>Casa Bianca<\/strong><\/span><span lang=\"it-IT\">, <\/span><span lang=\"it-IT\"><strong>USTR<\/strong><\/span><span lang=\"it-IT\">, <\/span><span lang=\"it-IT\"><strong>Dipartimento del Commercio<\/strong><\/span><span lang=\"it-IT\">, <\/span><span lang=\"it-IT\"><strong>Dipartimento di Stato<\/strong><\/span><span lang=\"it-IT\"> e <\/span><span lang=\"it-IT\"><strong>Congresso<\/strong><\/span><span lang=\"it-IT\">, la posizione del <\/span><a href=\"http:\/\/www.governo.it\"><span lang=\"it-IT\">Governo italiano<\/span><\/a><span lang=\"it-IT\"> fortemente <\/span><span lang=\"it-IT\"><strong>contraria ad ulteriori penalizzazioni<\/strong><\/span><span lang=\"it-IT\"> per il nostro \u201c<\/span><span lang=\"it-IT\"><strong>Made in Italy<\/strong><\/span><span lang=\"it-IT\">\u201d e a <\/span><span lang=\"it-IT\"><strong>guerre commerciali<\/strong><\/span><span lang=\"it-IT\">, che possono avere effetti devastanti a <\/span><span lang=\"it-IT\"><strong>livello globale<\/strong><\/span><span lang=\"it-IT\">.<\/span><\/p>\n","protected":false},"excerpt":{"rendered":"<p>Il Sottosegretario agli esteri, Ivan Scalfarotto, si \u00e8 recato in visita a Washington, USA, lo scorso luned\u00ec e marted\u00ec. La<\/p>\n","protected":false},"author":1,"featured_media":768,"comment_status":"closed","ping_status":"open","sticky":false,"template":"","format":"standard","meta":{"colormag_page_container_layout":"default_layout","colormag_page_sidebar_layout":"default_layout","footnotes":""},"categories":[32,6],"tags":[1720,525,1702,2460,2322,292,4407,467,449],"class_list":["post-7870","post","type-post","status-publish","format-standard","has-post-thumbnail","hentry","category-prima-pagina","category-economia-societa","tag-airbus-defence-and-space","tag-dazi-merci","tag-economia-europea","tag-economia-internazionale","tag-economia-italiana","tag-governo","tag-ivan-scalfarotto","tag-stati-uniti-damerica-usa","tag-trump"],"yoast_head":"<!-- This site is optimized with the Yoast SEO plugin v26.8 - https:\/\/yoast.com\/product\/yoast-seo-wordpress\/ -->\n<title>SCALFAROTTO: NEGLI USA PER CONTRASTARE I DAZI AMERICANI SU PRODOTTI ITALIANI E UE &#187; Spazio-News Magazine<\/title>\n<meta name=\"description\" content=\"Il Sottosegretario agli esteri, Scalfarotto, si \u00e8 recato in visita a Washington lo scorso luned\u00ec e marted\u00ec. La missione, che si \u00e8 svolta\" \/>\n<meta name=\"robots\" content=\"index, follow, max-snippet:-1, max-image-preview:large, max-video-preview:-1\" \/>\n<link rel=\"canonical\" href=\"http:\/\/spazio-news.it\/?p=7870\" \/>\n<meta property=\"og:locale\" content=\"it_IT\" \/>\n<meta property=\"og:type\" content=\"article\" \/>\n<meta property=\"og:title\" content=\"SCALFAROTTO: NEGLI USA PER CONTRASTARE I DAZI AMERICANI SU PRODOTTI ITALIANI E UE &#187; Spazio-News Magazine\" \/>\n<meta property=\"og:description\" content=\"Il Sottosegretario agli esteri, Scalfarotto, si \u00e8 recato in visita a Washington lo scorso luned\u00ec e marted\u00ec. La missione, che si \u00e8 svolta\" \/>\n<meta property=\"og:url\" content=\"http:\/\/spazio-news.it\/?p=7870\" \/>\n<meta property=\"og:site_name\" content=\"Spazio-News Magazine\" \/>\n<meta property=\"article:publisher\" content=\"https:\/\/m.facebook.com\/spazio-news-magazine\" \/>\n<meta property=\"article:author\" content=\"@SpazioNewsMagazine\" \/>\n<meta property=\"article:published_time\" content=\"2020-02-05T02:01:26+00:00\" \/>\n<meta property=\"og:image\" content=\"http:\/\/spazio-news.it\/wp-content\/uploads\/2018\/09\/Farnesina-Ministero-degli-Affari-Esteri-Spazio-News.it-Magazine-FILEminimizer-e1552225291925.jpg\" \/>\n\t<meta property=\"og:image:width\" content=\"800\" \/>\n\t<meta property=\"og:image:height\" content=\"446\" \/>\n\t<meta property=\"og:image:type\" content=\"image\/jpeg\" \/>\n<meta name=\"author\" content=\"Redazione\" \/>\n<meta name=\"twitter:card\" content=\"summary_large_image\" \/>\n<meta name=\"twitter:creator\" content=\"@news_spazio\" \/>\n<meta name=\"twitter:site\" content=\"@News_spazio\" \/>\n<meta name=\"twitter:label1\" content=\"Scritto da\" \/>\n\t<meta name=\"twitter:data1\" content=\"Redazione\" \/>\n\t<meta name=\"twitter:label2\" content=\"Tempo di lettura stimato\" \/>\n\t<meta name=\"twitter:data2\" content=\"1 minuto\" \/>\n<script type=\"application\/ld+json\" class=\"yoast-schema-graph\">{\"@context\":\"https:\/\/schema.org\",\"@graph\":[{\"@type\":\"NewsArticle\",\"@id\":\"http:\/\/spazio-news.it\/?p=7870#article\",\"isPartOf\":{\"@id\":\"http:\/\/spazio-news.it\/?p=7870\"},\"author\":{\"name\":\"Redazione\",\"@id\":\"http:\/\/spazio-news.it\/#\/schema\/person\/c600904e882e9e166ed8e5e3773d37b3\"},\"headline\":\"SCALFAROTTO: NEGLI USA PER CONTRASTARE I DAZI AMERICANI SU PRODOTTI ITALIANI E UE\",\"datePublished\":\"2020-02-05T02:01:26+00:00\",\"mainEntityOfPage\":{\"@id\":\"http:\/\/spazio-news.it\/?p=7870\"},\"wordCount\":297,\"publisher\":{\"@id\":\"http:\/\/spazio-news.it\/#organization\"},\"image\":{\"@id\":\"http:\/\/spazio-news.it\/?p=7870#primaryimage\"},\"thumbnailUrl\":\"http:\/\/spazio-news.it\/wp-content\/uploads\/2018\/09\/Farnesina-Ministero-degli-Affari-Esteri-Spazio-News.it-Magazine-FILEminimizer-e1552225291925.jpg\",\"keywords\":[\"Airbus Defence and Space\",\"dazi. merci\",\"economia Europea\",\"economia internazionale\",\"Economia Italiana\",\"Governo\",\"Ivan Scalfarotto\",\"Stati Uniti d'America - USA\",\"Trump\"],\"articleSection\":[\"01 - PRIMA PAGINA\",\"04 - ECONOMIA &amp; SOCIET\u00c0\"],\"inLanguage\":\"it-IT\"},{\"@type\":\"WebPage\",\"@id\":\"http:\/\/spazio-news.it\/?p=7870\",\"url\":\"http:\/\/spazio-news.it\/?p=7870\",\"name\":\"SCALFAROTTO: NEGLI USA PER CONTRASTARE I DAZI AMERICANI SU PRODOTTI ITALIANI E UE &#187; Spazio-News Magazine\",\"isPartOf\":{\"@id\":\"http:\/\/spazio-news.it\/#website\"},\"primaryImageOfPage\":{\"@id\":\"http:\/\/spazio-news.it\/?p=7870#primaryimage\"},\"image\":{\"@id\":\"http:\/\/spazio-news.it\/?p=7870#primaryimage\"},\"thumbnailUrl\":\"http:\/\/spazio-news.it\/wp-content\/uploads\/2018\/09\/Farnesina-Ministero-degli-Affari-Esteri-Spazio-News.it-Magazine-FILEminimizer-e1552225291925.jpg\",\"datePublished\":\"2020-02-05T02:01:26+00:00\",\"description\":\"Il Sottosegretario agli esteri, Scalfarotto, si \u00e8 recato in visita a Washington lo scorso luned\u00ec e marted\u00ec. La missione, che si \u00e8 svolta\",\"breadcrumb\":{\"@id\":\"http:\/\/spazio-news.it\/?p=7870#breadcrumb\"},\"inLanguage\":\"it-IT\",\"potentialAction\":[{\"@type\":\"ReadAction\",\"target\":[\"http:\/\/spazio-news.it\/?p=7870\"]}]},{\"@type\":\"ImageObject\",\"inLanguage\":\"it-IT\",\"@id\":\"http:\/\/spazio-news.it\/?p=7870#primaryimage\",\"url\":\"http:\/\/spazio-news.it\/wp-content\/uploads\/2018\/09\/Farnesina-Ministero-degli-Affari-Esteri-Spazio-News.it-Magazine-FILEminimizer-e1552225291925.jpg\",\"contentUrl\":\"http:\/\/spazio-news.it\/wp-content\/uploads\/2018\/09\/Farnesina-Ministero-degli-Affari-Esteri-Spazio-News.it-Magazine-FILEminimizer-e1552225291925.jpg\",\"width\":800,\"height\":446,\"caption\":\"Farnesina Ministero degli Affari Esteri Spazio-News.it Magazine\"},{\"@type\":\"BreadcrumbList\",\"@id\":\"http:\/\/spazio-news.it\/?p=7870#breadcrumb\",\"itemListElement\":[{\"@type\":\"ListItem\",\"position\":1,\"name\":\"Home\",\"item\":\"http:\/\/spazio-news.it\/\"},{\"@type\":\"ListItem\",\"position\":2,\"name\":\"SCALFAROTTO: NEGLI USA PER CONTRASTARE I DAZI AMERICANI SU PRODOTTI ITALIANI E UE\"}]},{\"@type\":\"WebSite\",\"@id\":\"http:\/\/spazio-news.it\/#website\",\"url\":\"http:\/\/spazio-news.it\/\",\"name\":\"Spazio-News Magazine\",\"description\":\"La guida che sfida la complessit\u00e0 del mondo industriale\",\"publisher\":{\"@id\":\"http:\/\/spazio-news.it\/#organization\"},\"alternateName\":\"Spazio-news.it\",\"potentialAction\":[{\"@type\":\"SearchAction\",\"target\":{\"@type\":\"EntryPoint\",\"urlTemplate\":\"http:\/\/spazio-news.it\/?s={search_term_string}\"},\"query-input\":{\"@type\":\"PropertyValueSpecification\",\"valueRequired\":true,\"valueName\":\"search_term_string\"}}],\"inLanguage\":\"it-IT\"},{\"@type\":\"Organization\",\"@id\":\"http:\/\/spazio-news.it\/#organization\",\"name\":\"Spazio-News Magazine\",\"url\":\"http:\/\/spazio-news.it\/\",\"logo\":{\"@type\":\"ImageObject\",\"inLanguage\":\"it-IT\",\"@id\":\"http:\/\/spazio-news.it\/#\/schema\/logo\/image\/\",\"url\":\"http:\/\/spazio-news.it\/wp-content\/uploads\/2023\/09\/Logo-Spazio-News-512-x-512-NO-testo.jpg\",\"contentUrl\":\"http:\/\/spazio-news.it\/wp-content\/uploads\/2023\/09\/Logo-Spazio-News-512-x-512-NO-testo.jpg\",\"width\":512,\"height\":512,\"caption\":\"Spazio-News Magazine\"},\"image\":{\"@id\":\"http:\/\/spazio-news.it\/#\/schema\/logo\/image\/\"},\"sameAs\":[\"https:\/\/m.facebook.com\/spazio-news-magazine\",\"https:\/\/x.com\/News_spazio\"]},{\"@type\":\"Person\",\"@id\":\"http:\/\/spazio-news.it\/#\/schema\/person\/c600904e882e9e166ed8e5e3773d37b3\",\"name\":\"Redazione\",\"sameAs\":[\"http:\/\/spazio-news.it\",\"@SpazioNewsMagazine\",\"https:\/\/x.com\/@news_spazio\"],\"url\":\"http:\/\/spazio-news.it\/?author=1\"}]}<\/script>\n<!-- \/ Yoast SEO plugin. -->","yoast_head_json":{"title":"SCALFAROTTO: NEGLI USA PER CONTRASTARE I DAZI AMERICANI SU PRODOTTI ITALIANI E UE &#187; Spazio-News Magazine","description":"Il Sottosegretario agli esteri, Scalfarotto, si \u00e8 recato in visita a Washington lo scorso luned\u00ec e marted\u00ec. La missione, che si \u00e8 svolta","robots":{"index":"index","follow":"follow","max-snippet":"max-snippet:-1","max-image-preview":"max-image-preview:large","max-video-preview":"max-video-preview:-1"},"canonical":"http:\/\/spazio-news.it\/?p=7870","og_locale":"it_IT","og_type":"article","og_title":"SCALFAROTTO: NEGLI USA PER CONTRASTARE I DAZI AMERICANI SU PRODOTTI ITALIANI E UE &#187; Spazio-News Magazine","og_description":"Il Sottosegretario agli esteri, Scalfarotto, si \u00e8 recato in visita a Washington lo scorso luned\u00ec e marted\u00ec. La missione, che si \u00e8 svolta","og_url":"http:\/\/spazio-news.it\/?p=7870","og_site_name":"Spazio-News Magazine","article_publisher":"https:\/\/m.facebook.com\/spazio-news-magazine","article_author":"@SpazioNewsMagazine","article_published_time":"2020-02-05T02:01:26+00:00","og_image":[{"width":800,"height":446,"url":"http:\/\/spazio-news.it\/wp-content\/uploads\/2018\/09\/Farnesina-Ministero-degli-Affari-Esteri-Spazio-News.it-Magazine-FILEminimizer-e1552225291925.jpg","type":"image\/jpeg"}],"author":"Redazione","twitter_card":"summary_large_image","twitter_creator":"@news_spazio","twitter_site":"@News_spazio","twitter_misc":{"Scritto da":"Redazione","Tempo di lettura stimato":"1 minuto"},"schema":{"@context":"https:\/\/schema.org","@graph":[{"@type":"NewsArticle","@id":"http:\/\/spazio-news.it\/?p=7870#article","isPartOf":{"@id":"http:\/\/spazio-news.it\/?p=7870"},"author":{"name":"Redazione","@id":"http:\/\/spazio-news.it\/#\/schema\/person\/c600904e882e9e166ed8e5e3773d37b3"},"headline":"SCALFAROTTO: NEGLI USA PER CONTRASTARE I DAZI AMERICANI SU PRODOTTI ITALIANI E UE","datePublished":"2020-02-05T02:01:26+00:00","mainEntityOfPage":{"@id":"http:\/\/spazio-news.it\/?p=7870"},"wordCount":297,"publisher":{"@id":"http:\/\/spazio-news.it\/#organization"},"image":{"@id":"http:\/\/spazio-news.it\/?p=7870#primaryimage"},"thumbnailUrl":"http:\/\/spazio-news.it\/wp-content\/uploads\/2018\/09\/Farnesina-Ministero-degli-Affari-Esteri-Spazio-News.it-Magazine-FILEminimizer-e1552225291925.jpg","keywords":["Airbus Defence and Space","dazi. merci","economia Europea","economia internazionale","Economia Italiana","Governo","Ivan Scalfarotto","Stati Uniti d'America - USA","Trump"],"articleSection":["01 - PRIMA PAGINA","04 - ECONOMIA &amp; SOCIET\u00c0"],"inLanguage":"it-IT"},{"@type":"WebPage","@id":"http:\/\/spazio-news.it\/?p=7870","url":"http:\/\/spazio-news.it\/?p=7870","name":"SCALFAROTTO: NEGLI USA PER CONTRASTARE I DAZI AMERICANI SU PRODOTTI ITALIANI E UE &#187; Spazio-News Magazine","isPartOf":{"@id":"http:\/\/spazio-news.it\/#website"},"primaryImageOfPage":{"@id":"http:\/\/spazio-news.it\/?p=7870#primaryimage"},"image":{"@id":"http:\/\/spazio-news.it\/?p=7870#primaryimage"},"thumbnailUrl":"http:\/\/spazio-news.it\/wp-content\/uploads\/2018\/09\/Farnesina-Ministero-degli-Affari-Esteri-Spazio-News.it-Magazine-FILEminimizer-e1552225291925.jpg","datePublished":"2020-02-05T02:01:26+00:00","description":"Il Sottosegretario agli esteri, Scalfarotto, si \u00e8 recato in visita a Washington lo scorso luned\u00ec e marted\u00ec. La missione, che si \u00e8 svolta","breadcrumb":{"@id":"http:\/\/spazio-news.it\/?p=7870#breadcrumb"},"inLanguage":"it-IT","potentialAction":[{"@type":"ReadAction","target":["http:\/\/spazio-news.it\/?p=7870"]}]},{"@type":"ImageObject","inLanguage":"it-IT","@id":"http:\/\/spazio-news.it\/?p=7870#primaryimage","url":"http:\/\/spazio-news.it\/wp-content\/uploads\/2018\/09\/Farnesina-Ministero-degli-Affari-Esteri-Spazio-News.it-Magazine-FILEminimizer-e1552225291925.jpg","contentUrl":"http:\/\/spazio-news.it\/wp-content\/uploads\/2018\/09\/Farnesina-Ministero-degli-Affari-Esteri-Spazio-News.it-Magazine-FILEminimizer-e1552225291925.jpg","width":800,"height":446,"caption":"Farnesina Ministero degli Affari Esteri Spazio-News.it Magazine"},{"@type":"BreadcrumbList","@id":"http:\/\/spazio-news.it\/?p=7870#breadcrumb","itemListElement":[{"@type":"ListItem","position":1,"name":"Home","item":"http:\/\/spazio-news.it\/"},{"@type":"ListItem","position":2,"name":"SCALFAROTTO: NEGLI USA PER CONTRASTARE I DAZI AMERICANI SU PRODOTTI ITALIANI E UE"}]},{"@type":"WebSite","@id":"http:\/\/spazio-news.it\/#website","url":"http:\/\/spazio-news.it\/","name":"Spazio-News Magazine","description":"La guida che sfida la complessit\u00e0 del mondo industriale","publisher":{"@id":"http:\/\/spazio-news.it\/#organization"},"alternateName":"Spazio-news.it","potentialAction":[{"@type":"SearchAction","target":{"@type":"EntryPoint","urlTemplate":"http:\/\/spazio-news.it\/?s={search_term_string}"},"query-input":{"@type":"PropertyValueSpecification","valueRequired":true,"valueName":"search_term_string"}}],"inLanguage":"it-IT"},{"@type":"Organization","@id":"http:\/\/spazio-news.it\/#organization","name":"Spazio-News Magazine","url":"http:\/\/spazio-news.it\/","logo":{"@type":"ImageObject","inLanguage":"it-IT","@id":"http:\/\/spazio-news.it\/#\/schema\/logo\/image\/","url":"http:\/\/spazio-news.it\/wp-content\/uploads\/2023\/09\/Logo-Spazio-News-512-x-512-NO-testo.jpg","contentUrl":"http:\/\/spazio-news.it\/wp-content\/uploads\/2023\/09\/Logo-Spazio-News-512-x-512-NO-testo.jpg","width":512,"height":512,"caption":"Spazio-News Magazine"},"image":{"@id":"http:\/\/spazio-news.it\/#\/schema\/logo\/image\/"},"sameAs":["https:\/\/m.facebook.com\/spazio-news-magazine","https:\/\/x.com\/News_spazio"]},{"@type":"Person","@id":"http:\/\/spazio-news.it\/#\/schema\/person\/c600904e882e9e166ed8e5e3773d37b3","name":"Redazione","sameAs":["http:\/\/spazio-news.it","@SpazioNewsMagazine","https:\/\/x.com\/@news_spazio"],"url":"http:\/\/spazio-news.it\/?author=1"}]}},"_links":{"self":[{"href":"http:\/\/spazio-news.it\/index.php?rest_route=\/wp\/v2\/posts\/7870","targetHints":{"allow":["GET"]}}],"collection":[{"href":"http:\/\/spazio-news.it\/index.php?rest_route=\/wp\/v2\/posts"}],"about":[{"href":"http:\/\/spazio-news.it\/index.php?rest_route=\/wp\/v2\/types\/post"}],"author":[{"embeddable":true,"href":"http:\/\/spazio-news.it\/index.php?rest_route=\/wp\/v2\/users\/1"}],"replies":[{"embeddable":true,"href":"http:\/\/spazio-news.it\/index.php?rest_route=%2Fwp%2Fv2%2Fcomments&post=7870"}],"version-history":[{"count":1,"href":"http:\/\/spazio-news.it\/index.php?rest_route=\/wp\/v2\/posts\/7870\/revisions"}],"predecessor-version":[{"id":7871,"href":"http:\/\/spazio-news.it\/index.php?rest_route=\/wp\/v2\/posts\/7870\/revisions\/7871"}],"wp:featuredmedia":[{"embeddable":true,"href":"http:\/\/spazio-news.it\/index.php?rest_route=\/wp\/v2\/media\/768"}],"wp:attachment":[{"href":"http:\/\/spazio-news.it\/index.php?rest_route=%2Fwp%2Fv2%2Fmedia&parent=7870"}],"wp:term":[{"taxonomy":"category","embeddable":true,"href":"http:\/\/spazio-news.it\/index.php?rest_route=%2Fwp%2Fv2%2Fcategories&post=7870"},{"taxonomy":"post_tag","embeddable":true,"href":"http:\/\/spazio-news.it\/index.php?rest_route=%2Fwp%2Fv2%2Ftags&post=7870"}],"curies":[{"name":"wp","href":"https:\/\/api.w.org\/{rel}","templated":true}]}}