{"id":7872,"date":"2020-02-05T06:07:19","date_gmt":"2020-02-05T05:07:19","guid":{"rendered":"http:\/\/spazio-news.it\/?p=7872"},"modified":"2020-01-31T11:12:23","modified_gmt":"2020-01-31T10:12:23","slug":"spazio-si-rafforza-la-collaborazione-italia-israele","status":"publish","type":"post","link":"http:\/\/spazio-news.it\/?p=7872","title":{"rendered":"SPAZIO: SI RAFFORZA LA COLLABORAZIONE ITALIA \u2013 ISRAELE"},"content":{"rendered":"<p class=\"western\" lang=\"en-US\">\u201c<span lang=\"it-IT\"><em>Il <\/em><\/span><span lang=\"it-IT\"><em>futuro dello spazio nel prossimo decennio<\/em><\/span><span lang=\"it-IT\">\u201d<\/span><span lang=\"it-IT\"> \u00e8 stato questo il tema centrale della <a href=\"https:\/\/www.space.gov.il\/en\/node\/131468\">XV edizione della <\/a><\/span><a href=\"https:\/\/www.space.gov.il\/en\/node\/131468\"><span lang=\"it-IT\">Ilan Ramon International Space Conference<\/span><\/a><span lang=\"it-IT\"><strong>, <\/strong><\/span><span lang=\"it-IT\">la <strong>conferenza<\/strong> annuale sulla <strong>ricerca spaziale<\/strong> organizzata dal <a href=\"https:\/\/www.space.gov.il\">Ministero della Scienza e della Tecnologia di Israele e dall\u2019Agenzia Spaziale Israeliana \u2013 ISA <\/a> e che ha visto la partecipazione dell\u2019<a href=\"http:\/\/www.asi.it\">Agenzia Spaziale Italiana \u2013 ASI<\/a>.<\/span><\/p>\n<p class=\"western\" lang=\"en-US\"><span lang=\"it-IT\">Il focus \u00e8 stato soprattutto incentrato sulle potenzialit\u00e0 e opportunit\u00e0 derivanti della <\/span><span lang=\"it-IT\"><strong>commercializzazione <\/strong>delle<strong> attivit\u00e0 nello spazio<\/strong><\/span><span lang=\"it-IT\">. L\u2019<a href=\"http:\/\/www.asi.it\">ASI<\/a> ha partecipato all\u2019appuntamento con la delegazione guidata dal\u00a0<\/span><span lang=\"it-IT\"><strong>Presidente, Giorgio Saccoccia,<\/strong><\/span><span lang=\"it-IT\"> intervenuto alla <\/span><span lang=\"it-IT\"><strong>tavola rotonda<\/strong><\/span><span lang=\"it-IT\"><em><strong>\u00a0<\/strong><\/em><\/span><span lang=\"it-IT\"><strong>\u201cSpace Agencies Role in the New Decade\u201d<\/strong><\/span><span lang=\"it-IT\">, insieme ad altri <\/span><span lang=\"it-IT\"><strong>Capi agenzie<\/strong><\/span><span lang=\"it-IT\"> tra cui il <\/span><span lang=\"it-IT\"><strong>Presidente del CNES<\/strong><\/span><span lang=\"it-IT\">, <\/span><span lang=\"it-IT\"><strong>Jean-Jves Le Gall<\/strong><\/span><span lang=\"it-IT\"> e il <\/span><span lang=\"it-IT\"><strong>Presidente della Agenzia Spaziale Brasiliana &#8211; AEB<\/strong><\/span><span lang=\"it-IT\">,<\/span><span lang=\"it-IT\"><strong> Carlos Moura<\/strong><\/span><span lang=\"it-IT\">. <\/span><\/p>\n<p class=\"western\" lang=\"en-US\"><span lang=\"it-IT\">Nel suo intervento il presidente <strong>Saccoccia<\/strong> ha evidenziato il <strong>cambio di ruolo delle agenzie spaziali<\/strong> nella nuova era dello <\/span><span lang=\"it-IT\"><strong>Spazio 4.0<\/strong><\/span><span lang=\"it-IT\">. <\/span><\/p>\n<p class=\"western\" lang=\"en-US\">\u201c<span lang=\"it-IT\"><em>Con l\u2019apertura delle attivit\u00e0 spaziali verso il privato <\/em><\/span><span lang=\"it-IT\">\u2013 ha evidenziato <\/span><span lang=\"it-IT\"><strong>Saccoccia<\/strong><\/span><span lang=\"it-IT\"> -, <\/span><span lang=\"it-IT\"><em>molto cambier\u00e0 ma molte attivit\u00e0 resteranno ancora nel prossimo decennio sempre appannaggio delle Agenzie, in particolare, l\u2019implementazione dei programmi spaziali e le relazioni internazionali e pi\u00f9 in generale la cosiddetta diplomazia spaziale definita dagli indirizzi dei Governi, che manterranno la definizione della strategia nazionale spaziale<\/em><\/span><span lang=\"it-IT\">\u201d.<\/span><\/p>\n<p class=\"western\" lang=\"en-US\"><span lang=\"it-IT\">A margine della conferenza, si \u00e8 svolto un incontro bilaterale <\/span><a href=\"http:\/\/www.asi.it\"><span lang=\"it-IT\">ASI<\/span><span lang=\"it-IT\">\u00a0<\/span><\/a><span lang=\"it-IT\">&#8211;\u00a0<\/span><a href=\"https:\/\/www.space.gov.il\"><span lang=\"it-IT\">ISA<\/span><span lang=\"it-IT\">\u00a0<\/span><\/a><span lang=\"it-IT\">che ha ribadito la volont\u00e0 di proseguire il progetto congiunto per un <\/span><span lang=\"it-IT\"><strong>satellite iperspettrale <\/strong><\/span><span lang=\"it-IT\"><strong>SHALOM<\/strong><\/span><span lang=\"it-IT\"> e la conferma del <\/span><span lang=\"it-IT\"><strong>prossimo lancio<\/strong><\/span><span lang=\"it-IT\">, a marzo, con il volo <a href=\"http:\/\/www.avio.it\">VEGA POC &#8211; <\/a><\/span><a href=\"http:\/\/www.avio.it\"><span lang=\"it-IT\">Proof of Concept<\/span><\/a><span lang=\"it-IT\">, di <\/span><span lang=\"it-IT\"><strong>DIDO-3<\/strong><\/span><span lang=\"it-IT\">. Quest\u2019ultimo \u00e8 un <\/span><span lang=\"it-IT\"><strong>cubesat<\/strong><\/span><span lang=\"it-IT\">, frutto di un accordo fra le due agenzie, Il <\/span><span lang=\"it-IT\"><strong>Ministero degli Affari Esteri e della Cooperazione Internazionale &#8211; MAECI <\/strong><\/span><span lang=\"it-IT\"><strong>italiano<\/strong><\/span><span lang=\"it-IT\"> e il <a href=\"https:\/\/www.space.gov.il\">Ministero della Scienza e Tecnologia israeliano<\/a>, costituito da una <\/span><span lang=\"it-IT\"><strong>piattaforma a controllo remoto<\/strong><\/span><span lang=\"it-IT\"> con a bordo quattro <\/span><span lang=\"it-IT\"><strong>esperimenti congiunti italo-israeliani<\/strong><\/span><span lang=\"it-IT\"> nel settore della <\/span><span lang=\"it-IT\"><strong>microbiologia<\/strong><\/span><span lang=\"it-IT\"> da eseguire in <\/span><span lang=\"it-IT\"><strong>microgravit\u00e0<\/strong><\/span><span lang=\"it-IT\">.<\/span><\/p>\n","protected":false},"excerpt":{"rendered":"<p>\u201cIl futuro dello spazio nel prossimo decennio\u201d \u00e8 stato questo il tema centrale della XV edizione della Ilan Ramon International<\/p>\n","protected":false},"author":1,"featured_media":2914,"comment_status":"closed","ping_status":"open","sticky":false,"template":"","format":"standard","meta":{"colormag_page_container_layout":"default_layout","colormag_page_sidebar_layout":"default_layout","footnotes":""},"categories":[32,5],"tags":[811,746,836,3504,1487,151,4411,1156,2464,4408,2016,2200,3349,3887,4412,4409,2742,4410],"class_list":["post-7872","post","type-post","status-publish","format-standard","has-post-thumbnail","hentry","category-prima-pagina","category-ricerca-innovazione","tag-agenzia-spaziale-italiana-asi","tag-avio-spa","tag-brasile","tag-centre-national-detudes-spatiales-cnes","tag-cnes","tag-cooperazione","tag-dido-3","tag-droni-uav","tag-giorgio-saccoccia","tag-ilan-ramon-international-space-conference","tag-israel-space-agency-isa","tag-israele","tag-ministero-degli-affari-esteri-e-della-cooperazione-internazionale-maeci","tag-ricerca-in-microgravita","tag-ricerca-microbiologia","tag-satellite-iperspettrale-shalom","tag-space-economy","tag-vega"],"yoast_head":"<!-- This site is optimized with the Yoast SEO plugin v26.8 - https:\/\/yoast.com\/product\/yoast-seo-wordpress\/ -->\n<title>SPAZIO: SI RAFFORZA LA COLLABORAZIONE ITALIA \u2013 ISRAELE &#187; Spazio-News Magazine<\/title>\n<meta name=\"description\" content=\"\u201cIl futuro dello spazio nel prossimo decennio\u201d \u00e8 stato questo il tema della XV edizione Ilan Ramon International Space Conference, la\" \/>\n<meta name=\"robots\" content=\"index, follow, max-snippet:-1, max-image-preview:large, max-video-preview:-1\" \/>\n<link rel=\"canonical\" href=\"http:\/\/spazio-news.it\/?p=7872\" \/>\n<meta property=\"og:locale\" content=\"it_IT\" \/>\n<meta property=\"og:type\" content=\"article\" \/>\n<meta property=\"og:title\" content=\"SPAZIO: SI RAFFORZA LA COLLABORAZIONE ITALIA \u2013 ISRAELE &#187; Spazio-News Magazine\" \/>\n<meta property=\"og:description\" content=\"\u201cIl futuro dello spazio nel prossimo decennio\u201d \u00e8 stato questo il tema della XV edizione Ilan Ramon International Space Conference, la\" \/>\n<meta property=\"og:url\" content=\"http:\/\/spazio-news.it\/?p=7872\" \/>\n<meta property=\"og:site_name\" content=\"Spazio-News Magazine\" \/>\n<meta property=\"article:publisher\" content=\"https:\/\/m.facebook.com\/spazio-news-magazine\" \/>\n<meta property=\"article:author\" content=\"@SpazioNewsMagazine\" \/>\n<meta property=\"article:published_time\" content=\"2020-02-05T05:07:19+00:00\" \/>\n<meta property=\"og:image\" content=\"http:\/\/spazio-news.it\/wp-content\/uploads\/2019\/01\/Airbus_satelliti_spazio-news-e1547902465150.jpg\" \/>\n\t<meta property=\"og:image:width\" content=\"800\" \/>\n\t<meta property=\"og:image:height\" content=\"446\" \/>\n\t<meta property=\"og:image:type\" content=\"image\/jpeg\" \/>\n<meta name=\"author\" content=\"Redazione\" \/>\n<meta name=\"twitter:card\" content=\"summary_large_image\" \/>\n<meta name=\"twitter:creator\" content=\"@news_spazio\" \/>\n<meta name=\"twitter:site\" content=\"@News_spazio\" \/>\n<meta name=\"twitter:label1\" content=\"Scritto da\" \/>\n\t<meta name=\"twitter:data1\" content=\"Redazione\" \/>\n\t<meta name=\"twitter:label2\" content=\"Tempo di lettura stimato\" \/>\n\t<meta name=\"twitter:data2\" content=\"1 minuto\" \/>\n<script type=\"application\/ld+json\" class=\"yoast-schema-graph\">{\"@context\":\"https:\/\/schema.org\",\"@graph\":[{\"@type\":\"NewsArticle\",\"@id\":\"http:\/\/spazio-news.it\/?p=7872#article\",\"isPartOf\":{\"@id\":\"http:\/\/spazio-news.it\/?p=7872\"},\"author\":{\"name\":\"Redazione\",\"@id\":\"http:\/\/spazio-news.it\/#\/schema\/person\/c600904e882e9e166ed8e5e3773d37b3\"},\"headline\":\"SPAZIO: SI RAFFORZA LA COLLABORAZIONE ITALIA \u2013 ISRAELE\",\"datePublished\":\"2020-02-05T05:07:19+00:00\",\"mainEntityOfPage\":{\"@id\":\"http:\/\/spazio-news.it\/?p=7872\"},\"wordCount\":306,\"publisher\":{\"@id\":\"http:\/\/spazio-news.it\/#organization\"},\"image\":{\"@id\":\"http:\/\/spazio-news.it\/?p=7872#primaryimage\"},\"thumbnailUrl\":\"http:\/\/spazio-news.it\/wp-content\/uploads\/2019\/01\/Airbus_satelliti_spazio-news-e1547902465150.jpg\",\"keywords\":[\"Agenzia Spaziale Italiana - ASI\",\"Avio SpA\",\"Brasile\",\"Centre National d&#039;\u00c9tudes Spatiales - CNES\",\"CNES\",\"cooperazione\",\"DIDO-3\",\"Droni\/UAV\",\"Giorgio Saccoccia\",\"Ilan Ramon International Space Conference\",\"Israel Space Agency - ISA\",\"Israele\",\"Ministero degli Affari Esteri e della Cooperazione Internazionale - MAECI\",\"Ricerca in microgravit\u00e0\",\"Ricerca Microbiologia\",\"Satellite iperspettrale SHALOM\",\"Space Economy\",\"Vega\"],\"articleSection\":[\"01 - PRIMA PAGINA\",\"05 - RICERCA &amp; INNOVAZIONE\"],\"inLanguage\":\"it-IT\"},{\"@type\":\"WebPage\",\"@id\":\"http:\/\/spazio-news.it\/?p=7872\",\"url\":\"http:\/\/spazio-news.it\/?p=7872\",\"name\":\"SPAZIO: SI RAFFORZA LA COLLABORAZIONE ITALIA \u2013 ISRAELE &#187; Spazio-News Magazine\",\"isPartOf\":{\"@id\":\"http:\/\/spazio-news.it\/#website\"},\"primaryImageOfPage\":{\"@id\":\"http:\/\/spazio-news.it\/?p=7872#primaryimage\"},\"image\":{\"@id\":\"http:\/\/spazio-news.it\/?p=7872#primaryimage\"},\"thumbnailUrl\":\"http:\/\/spazio-news.it\/wp-content\/uploads\/2019\/01\/Airbus_satelliti_spazio-news-e1547902465150.jpg\",\"datePublished\":\"2020-02-05T05:07:19+00:00\",\"description\":\"\u201cIl futuro dello spazio nel prossimo decennio\u201d \u00e8 stato questo il tema della XV edizione Ilan Ramon International Space Conference, la\",\"breadcrumb\":{\"@id\":\"http:\/\/spazio-news.it\/?p=7872#breadcrumb\"},\"inLanguage\":\"it-IT\",\"potentialAction\":[{\"@type\":\"ReadAction\",\"target\":[\"http:\/\/spazio-news.it\/?p=7872\"]}]},{\"@type\":\"ImageObject\",\"inLanguage\":\"it-IT\",\"@id\":\"http:\/\/spazio-news.it\/?p=7872#primaryimage\",\"url\":\"http:\/\/spazio-news.it\/wp-content\/uploads\/2019\/01\/Airbus_satelliti_spazio-news-e1547902465150.jpg\",\"contentUrl\":\"http:\/\/spazio-news.it\/wp-content\/uploads\/2019\/01\/Airbus_satelliti_spazio-news-e1547902465150.jpg\",\"width\":800,\"height\":446,\"caption\":\"Airbus_satelliti_spazio-news\"},{\"@type\":\"BreadcrumbList\",\"@id\":\"http:\/\/spazio-news.it\/?p=7872#breadcrumb\",\"itemListElement\":[{\"@type\":\"ListItem\",\"position\":1,\"name\":\"Home\",\"item\":\"http:\/\/spazio-news.it\/\"},{\"@type\":\"ListItem\",\"position\":2,\"name\":\"SPAZIO: SI RAFFORZA LA COLLABORAZIONE ITALIA \u2013 ISRAELE\"}]},{\"@type\":\"WebSite\",\"@id\":\"http:\/\/spazio-news.it\/#website\",\"url\":\"http:\/\/spazio-news.it\/\",\"name\":\"Spazio-News Magazine\",\"description\":\"La guida che sfida la complessit\u00e0 del mondo industriale\",\"publisher\":{\"@id\":\"http:\/\/spazio-news.it\/#organization\"},\"alternateName\":\"Spazio-news.it\",\"potentialAction\":[{\"@type\":\"SearchAction\",\"target\":{\"@type\":\"EntryPoint\",\"urlTemplate\":\"http:\/\/spazio-news.it\/?s={search_term_string}\"},\"query-input\":{\"@type\":\"PropertyValueSpecification\",\"valueRequired\":true,\"valueName\":\"search_term_string\"}}],\"inLanguage\":\"it-IT\"},{\"@type\":\"Organization\",\"@id\":\"http:\/\/spazio-news.it\/#organization\",\"name\":\"Spazio-News Magazine\",\"url\":\"http:\/\/spazio-news.it\/\",\"logo\":{\"@type\":\"ImageObject\",\"inLanguage\":\"it-IT\",\"@id\":\"http:\/\/spazio-news.it\/#\/schema\/logo\/image\/\",\"url\":\"http:\/\/spazio-news.it\/wp-content\/uploads\/2023\/09\/Logo-Spazio-News-512-x-512-NO-testo.jpg\",\"contentUrl\":\"http:\/\/spazio-news.it\/wp-content\/uploads\/2023\/09\/Logo-Spazio-News-512-x-512-NO-testo.jpg\",\"width\":512,\"height\":512,\"caption\":\"Spazio-News Magazine\"},\"image\":{\"@id\":\"http:\/\/spazio-news.it\/#\/schema\/logo\/image\/\"},\"sameAs\":[\"https:\/\/m.facebook.com\/spazio-news-magazine\",\"https:\/\/x.com\/News_spazio\"]},{\"@type\":\"Person\",\"@id\":\"http:\/\/spazio-news.it\/#\/schema\/person\/c600904e882e9e166ed8e5e3773d37b3\",\"name\":\"Redazione\",\"sameAs\":[\"http:\/\/spazio-news.it\",\"@SpazioNewsMagazine\",\"https:\/\/x.com\/@news_spazio\"],\"url\":\"http:\/\/spazio-news.it\/?author=1\"}]}<\/script>\n<!-- \/ Yoast SEO plugin. -->","yoast_head_json":{"title":"SPAZIO: SI RAFFORZA LA COLLABORAZIONE ITALIA \u2013 ISRAELE &#187; Spazio-News Magazine","description":"\u201cIl futuro dello spazio nel prossimo decennio\u201d \u00e8 stato questo il tema della XV edizione Ilan Ramon International Space Conference, la","robots":{"index":"index","follow":"follow","max-snippet":"max-snippet:-1","max-image-preview":"max-image-preview:large","max-video-preview":"max-video-preview:-1"},"canonical":"http:\/\/spazio-news.it\/?p=7872","og_locale":"it_IT","og_type":"article","og_title":"SPAZIO: SI RAFFORZA LA COLLABORAZIONE ITALIA \u2013 ISRAELE &#187; Spazio-News Magazine","og_description":"\u201cIl futuro dello spazio nel prossimo decennio\u201d \u00e8 stato questo il tema della XV edizione Ilan Ramon International Space Conference, la","og_url":"http:\/\/spazio-news.it\/?p=7872","og_site_name":"Spazio-News Magazine","article_publisher":"https:\/\/m.facebook.com\/spazio-news-magazine","article_author":"@SpazioNewsMagazine","article_published_time":"2020-02-05T05:07:19+00:00","og_image":[{"width":800,"height":446,"url":"http:\/\/spazio-news.it\/wp-content\/uploads\/2019\/01\/Airbus_satelliti_spazio-news-e1547902465150.jpg","type":"image\/jpeg"}],"author":"Redazione","twitter_card":"summary_large_image","twitter_creator":"@news_spazio","twitter_site":"@News_spazio","twitter_misc":{"Scritto da":"Redazione","Tempo di lettura stimato":"1 minuto"},"schema":{"@context":"https:\/\/schema.org","@graph":[{"@type":"NewsArticle","@id":"http:\/\/spazio-news.it\/?p=7872#article","isPartOf":{"@id":"http:\/\/spazio-news.it\/?p=7872"},"author":{"name":"Redazione","@id":"http:\/\/spazio-news.it\/#\/schema\/person\/c600904e882e9e166ed8e5e3773d37b3"},"headline":"SPAZIO: SI RAFFORZA LA COLLABORAZIONE ITALIA \u2013 ISRAELE","datePublished":"2020-02-05T05:07:19+00:00","mainEntityOfPage":{"@id":"http:\/\/spazio-news.it\/?p=7872"},"wordCount":306,"publisher":{"@id":"http:\/\/spazio-news.it\/#organization"},"image":{"@id":"http:\/\/spazio-news.it\/?p=7872#primaryimage"},"thumbnailUrl":"http:\/\/spazio-news.it\/wp-content\/uploads\/2019\/01\/Airbus_satelliti_spazio-news-e1547902465150.jpg","keywords":["Agenzia Spaziale Italiana - ASI","Avio SpA","Brasile","Centre National d&#039;\u00c9tudes Spatiales - CNES","CNES","cooperazione","DIDO-3","Droni\/UAV","Giorgio Saccoccia","Ilan Ramon International Space Conference","Israel Space Agency - ISA","Israele","Ministero degli Affari Esteri e della Cooperazione Internazionale - MAECI","Ricerca in microgravit\u00e0","Ricerca Microbiologia","Satellite iperspettrale SHALOM","Space Economy","Vega"],"articleSection":["01 - PRIMA PAGINA","05 - RICERCA &amp; INNOVAZIONE"],"inLanguage":"it-IT"},{"@type":"WebPage","@id":"http:\/\/spazio-news.it\/?p=7872","url":"http:\/\/spazio-news.it\/?p=7872","name":"SPAZIO: SI RAFFORZA LA COLLABORAZIONE ITALIA \u2013 ISRAELE &#187; Spazio-News Magazine","isPartOf":{"@id":"http:\/\/spazio-news.it\/#website"},"primaryImageOfPage":{"@id":"http:\/\/spazio-news.it\/?p=7872#primaryimage"},"image":{"@id":"http:\/\/spazio-news.it\/?p=7872#primaryimage"},"thumbnailUrl":"http:\/\/spazio-news.it\/wp-content\/uploads\/2019\/01\/Airbus_satelliti_spazio-news-e1547902465150.jpg","datePublished":"2020-02-05T05:07:19+00:00","description":"\u201cIl futuro dello spazio nel prossimo decennio\u201d \u00e8 stato questo il tema della XV edizione Ilan Ramon International Space Conference, la","breadcrumb":{"@id":"http:\/\/spazio-news.it\/?p=7872#breadcrumb"},"inLanguage":"it-IT","potentialAction":[{"@type":"ReadAction","target":["http:\/\/spazio-news.it\/?p=7872"]}]},{"@type":"ImageObject","inLanguage":"it-IT","@id":"http:\/\/spazio-news.it\/?p=7872#primaryimage","url":"http:\/\/spazio-news.it\/wp-content\/uploads\/2019\/01\/Airbus_satelliti_spazio-news-e1547902465150.jpg","contentUrl":"http:\/\/spazio-news.it\/wp-content\/uploads\/2019\/01\/Airbus_satelliti_spazio-news-e1547902465150.jpg","width":800,"height":446,"caption":"Airbus_satelliti_spazio-news"},{"@type":"BreadcrumbList","@id":"http:\/\/spazio-news.it\/?p=7872#breadcrumb","itemListElement":[{"@type":"ListItem","position":1,"name":"Home","item":"http:\/\/spazio-news.it\/"},{"@type":"ListItem","position":2,"name":"SPAZIO: SI RAFFORZA LA COLLABORAZIONE ITALIA \u2013 ISRAELE"}]},{"@type":"WebSite","@id":"http:\/\/spazio-news.it\/#website","url":"http:\/\/spazio-news.it\/","name":"Spazio-News Magazine","description":"La guida che sfida la complessit\u00e0 del mondo industriale","publisher":{"@id":"http:\/\/spazio-news.it\/#organization"},"alternateName":"Spazio-news.it","potentialAction":[{"@type":"SearchAction","target":{"@type":"EntryPoint","urlTemplate":"http:\/\/spazio-news.it\/?s={search_term_string}"},"query-input":{"@type":"PropertyValueSpecification","valueRequired":true,"valueName":"search_term_string"}}],"inLanguage":"it-IT"},{"@type":"Organization","@id":"http:\/\/spazio-news.it\/#organization","name":"Spazio-News Magazine","url":"http:\/\/spazio-news.it\/","logo":{"@type":"ImageObject","inLanguage":"it-IT","@id":"http:\/\/spazio-news.it\/#\/schema\/logo\/image\/","url":"http:\/\/spazio-news.it\/wp-content\/uploads\/2023\/09\/Logo-Spazio-News-512-x-512-NO-testo.jpg","contentUrl":"http:\/\/spazio-news.it\/wp-content\/uploads\/2023\/09\/Logo-Spazio-News-512-x-512-NO-testo.jpg","width":512,"height":512,"caption":"Spazio-News Magazine"},"image":{"@id":"http:\/\/spazio-news.it\/#\/schema\/logo\/image\/"},"sameAs":["https:\/\/m.facebook.com\/spazio-news-magazine","https:\/\/x.com\/News_spazio"]},{"@type":"Person","@id":"http:\/\/spazio-news.it\/#\/schema\/person\/c600904e882e9e166ed8e5e3773d37b3","name":"Redazione","sameAs":["http:\/\/spazio-news.it","@SpazioNewsMagazine","https:\/\/x.com\/@news_spazio"],"url":"http:\/\/spazio-news.it\/?author=1"}]}},"_links":{"self":[{"href":"http:\/\/spazio-news.it\/index.php?rest_route=\/wp\/v2\/posts\/7872","targetHints":{"allow":["GET"]}}],"collection":[{"href":"http:\/\/spazio-news.it\/index.php?rest_route=\/wp\/v2\/posts"}],"about":[{"href":"http:\/\/spazio-news.it\/index.php?rest_route=\/wp\/v2\/types\/post"}],"author":[{"embeddable":true,"href":"http:\/\/spazio-news.it\/index.php?rest_route=\/wp\/v2\/users\/1"}],"replies":[{"embeddable":true,"href":"http:\/\/spazio-news.it\/index.php?rest_route=%2Fwp%2Fv2%2Fcomments&post=7872"}],"version-history":[{"count":2,"href":"http:\/\/spazio-news.it\/index.php?rest_route=\/wp\/v2\/posts\/7872\/revisions"}],"predecessor-version":[{"id":7874,"href":"http:\/\/spazio-news.it\/index.php?rest_route=\/wp\/v2\/posts\/7872\/revisions\/7874"}],"wp:featuredmedia":[{"embeddable":true,"href":"http:\/\/spazio-news.it\/index.php?rest_route=\/wp\/v2\/media\/2914"}],"wp:attachment":[{"href":"http:\/\/spazio-news.it\/index.php?rest_route=%2Fwp%2Fv2%2Fmedia&parent=7872"}],"wp:term":[{"taxonomy":"category","embeddable":true,"href":"http:\/\/spazio-news.it\/index.php?rest_route=%2Fwp%2Fv2%2Fcategories&post=7872"},{"taxonomy":"post_tag","embeddable":true,"href":"http:\/\/spazio-news.it\/index.php?rest_route=%2Fwp%2Fv2%2Ftags&post=7872"}],"curies":[{"name":"wp","href":"https:\/\/api.w.org\/{rel}","templated":true}]}}