{"id":7908,"date":"2020-02-07T08:03:45","date_gmt":"2020-02-07T07:03:45","guid":{"rendered":"http:\/\/spazio-news.it\/?p=7908"},"modified":"2020-02-07T09:01:22","modified_gmt":"2020-02-07T08:01:22","slug":"dta-acierno-la-puglia-crede-nellindustria-aerospaziale","status":"publish","type":"post","link":"http:\/\/spazio-news.it\/?p=7908","title":{"rendered":"DTA, ACIERNO: LA PUGLIA CREDE NELL\u2019INDUSTRIA AEROSPAZIALE"},"content":{"rendered":"<p>La regione Puglia gioca un ruolo di primo piano nel <strong>settore aerospaziale<\/strong> &#8220;<strong>Made in Italy<\/strong>\u201d. Lo descrivono i numeri delle oltre 80 aziende, con circa 6.000 addetti inclusi i ricercatori, e il valore delle esportazioni che nel 2018 \u00e8 stato di 561,6 milioni di euro, con un\u2019incidenza sull\u2019export nazionale che ha superato il 9,7%.<\/p>\n<p><img loading=\"lazy\" decoding=\"async\" class=\"alignleft wp-image-7917 size-medium\" src=\"http:\/\/spazio-news.it\/wp-content\/uploads\/2020\/02\/Aeroporto-Marcello-Arlotta-Grottaglie-Taranto-Puglia-300x167.jpg\" alt=\"Aeroporto Marcello Arlotta - Grottaglie Taranto Puglia\" width=\"300\" height=\"167\" srcset=\"http:\/\/spazio-news.it\/wp-content\/uploads\/2020\/02\/Aeroporto-Marcello-Arlotta-Grottaglie-Taranto-Puglia-300x167.jpg 300w, http:\/\/spazio-news.it\/wp-content\/uploads\/2020\/02\/Aeroporto-Marcello-Arlotta-Grottaglie-Taranto-Puglia-768x428.jpg 768w, http:\/\/spazio-news.it\/wp-content\/uploads\/2020\/02\/Aeroporto-Marcello-Arlotta-Grottaglie-Taranto-Puglia.jpg 800w\" sizes=\"auto, (max-width: 300px) 100vw, 300px\" \/><\/p>\n<p>Con l\u2019obiettivo di sostenere questo positivo trend si terr\u00e0, dal 25 al 27 marzo, il \u201c<a href=\"https:\/\/www.dtascarl.org\">Mediterranean Aerospace Matching \u2013 MAM 2020<\/a>\u201d presso l\u2019<strong>aeroporto<\/strong> \u201c<strong>Marcello Arlotta<\/strong>\u201d di <strong>Grottaglie<\/strong> \u2013 Taranto.<\/p>\n<p>Per comprendere come la <a href=\"http:\/\/spazio-news.it\/mediterranean-aerospace-matching-a-grottaglie-la-fiera-dellaerospazio\">prima edizione del MAM<\/a> pu\u00f2 contribuire a sostenere il <strong>settore Aerospaziale nazionale<\/strong> e non solo, abbiamo intervistato <strong>Giuseppe Acierno<\/strong>, presidente del <a href=\"https:\/\/www.dtascarl.org\">Distretto Tecnologico Aerospaziale \u2013 DTA pugliese<\/a>.<\/p>\n<blockquote><p>Presidente, come e perch\u00e9 nasce il <a href=\"https:\/\/www.dtascarl.org\/mediterranean-aerospace-matching\/\">Mediterranean Aerospace Matching<\/a> e cosa ci dobbiamo aspettare da questa prima edizione?<\/p><\/blockquote>\n<p><em>\u00c8 un evento ideato e progettato nel solco di un percorso avviato nel 2009 e che punta a sviluppare e consolidare competenze e capacit\u00e0 per rendere competitivo il <strong>sistema pugliese<\/strong> nei nuovi scenari industriali e di mercato che le <strong>nuove tecnologie<\/strong> stanno disegnando. <\/em><\/p>\n<p><em>Le tecnologie aerospaziali si prestano sempre pi\u00f9 a essere valorizzate in altri settori e generare <strong>nuovi modelli di business<\/strong>. L\u2019avvento della <strong>guida autonoma<\/strong> o la <strong>diffusione delle tecnologie spaziali<\/strong> sono due esempi emblematici. <\/em><\/p>\n<blockquote><p>Negli ultimi anni sentiamo sempre di pi\u00f9 parlare di <strong>droni<\/strong> e <strong>applicazioni <\/strong>\u201c<strong>unmanned<\/strong>\u201d. Cosa sta accadendo in <strong>Europa<\/strong> e cosa state facendo in <strong>Puglia<\/strong>?<\/p><\/blockquote>\n<p><em>L\u2019Europa corre velocemente per creare le condizioni idonee a fare di ci\u00f2 un\u2019opportunit\u00e0 anche se<\/em><\/p>\n<p><img loading=\"lazy\" decoding=\"async\" class=\"wp-image-5109 size-medium alignright\" src=\"http:\/\/spazio-news.it\/wp-content\/uploads\/2019\/06\/Aeroporto-di-Grottaglie-Puglia-Marcello-Arlotta-300x167.jpg\" alt=\"Aeroporto di Grottaglie Puglia Marcello Arlotta\" width=\"300\" height=\"167\" srcset=\"http:\/\/spazio-news.it\/wp-content\/uploads\/2019\/06\/Aeroporto-di-Grottaglie-Puglia-Marcello-Arlotta-300x167.jpg 300w, http:\/\/spazio-news.it\/wp-content\/uploads\/2019\/06\/Aeroporto-di-Grottaglie-Puglia-Marcello-Arlotta-768x428.jpg 768w, http:\/\/spazio-news.it\/wp-content\/uploads\/2019\/06\/Aeroporto-di-Grottaglie-Puglia-Marcello-Arlotta.jpg 800w\" sizes=\"auto, (max-width: 300px) 100vw, 300px\" \/><\/p>\n<p><em><strong>USA<\/strong> e <strong>Cina<\/strong> corrono pi\u00f9 velocemente. <\/em><em>Esistono tuttavia in Europa le condizioni per <strong>ridurre questo gap<\/strong> e creare i presupposti per generare e valorizzare un grande mercato. Il nostro piano di <strong>attivit\u00e0 di sperimentazione<\/strong> per il 2020 va in questa direzione grazie anche al ruolo dei <strong>partners industriali<\/strong> coinvolti e alla collaborazione con l\u2019<a href=\"http:\/\/www.enac.gov.it\/\">Ente Nazionale per l\u2019Aviazione Civile &#8211; ENAC<\/a>, l\u2019<a href=\"http:\/\/www.asi.it\/\">Agenzia Spaziale Italiana &#8211; ASI<\/a>, l\u2019<a href=\"http:\/\/www.esa.int\/\">Agenzia Spaziale Europea &#8211; ESA,<\/a> il <a href=\"http:\/\/www.aeronautica.difesa.it\/\">Reparto Sperimentale Volo &#8211; RSV dell\u2019Aeronautica Militare italiana<\/a> ed altre simili entit\u00e0.<\/em><\/p>\n<blockquote><p>Quanto conta per il <strong>settore aerospaziale<\/strong> la capacit\u00e0 di <strong>fare squadra<\/strong> e <strong>attirare nuovi investimenti<\/strong>?<\/p><\/blockquote>\n<p><em>La squadra, il suo operare con velocit\u00e0, flessibilit\u00e0 e fiducia \u00e8 l\u2019elemento pi\u00f9 rilevante ed a cui dedichiamo maggiore impegno. Per noi la <strong>competitivit\u00e0<\/strong> mette al centro sistemi e territori e tanto pi\u00f9 interconnessi ed integrati sono gli <strong>attori territoriali<\/strong> tanto pi\u00f9 riescono a creare condizioni per giocare un ruolo sullo scenario globale e a essere elemento di richiamo per <strong>investitori<\/strong> e <strong>imprese<\/strong> sul territorio. \u00c8 necessaria quindi una <strong>visione olistica<\/strong> e soprattutto un\u2019azione di sistema in cui tutti ci mettono del proprio.<\/em><\/p>\n<blockquote><p>Come possono le <strong>istituzioni<\/strong>, i <strong>centri di ricerca<\/strong>, le <strong>industrie<\/strong> e la <strong>Difesa<\/strong> mettere a fattor comune le proprie capacit\u00e0 ed esigenze per sostenere lo <strong>sviluppo del settore<\/strong>?<\/p><\/blockquote>\n<p><em>L\u2019Italia deve innanzitutto <strong>far crescere la sua propensione culturale alla cooperazione<\/strong>, al fare squadra, all\u2019agire insieme. <\/em><em>Non si giunge certamente a ci\u00f2 con un processo normativo, ma le istituzioni possono operare mettendo in campo <strong>politiche industriali<\/strong> che premino e favoriscano l\u2019approccio ed il lavoro collaborativo. La <strong>Difesa<\/strong> \u00e8 impegnata gi\u00e0 a trasferire sempre pi\u00f9 \u201cknow how\u201d e valore <strong>al mondo dell\u2019industria privata nazionale<\/strong>, dando evidenza che il valore generato o generabile non risiede solo nel budget di cui \u00e8 dotata.<\/em><\/p>\n<blockquote><p>L\u2019<strong>aeroporto di Grottaglie <\/strong>\u00e8 fiore all\u2019occhiello non solo per la sua capacit\u00e0 di <strong>sviluppare<\/strong> <strong>soluzioni<\/strong> <strong>aeronautiche<\/strong>, grazie allo stabilimento di <a href=\"http:\/\/www.https\/www.leonardocompany.com\">Leonardo<\/a> che produce le <strong>fusoliere<\/strong> per i velivoli commerciali della <a href=\"http:\/\/www.boeing.com\/\">Boeing<\/a>, ma anche per essere stato scelto come <strong>primo <\/strong>\u201c<strong>Test Bed europeo<\/strong>\u201d per i <strong>droni<\/strong>. In questo contesto, quanto ha pesato il ruolo delle istituzioni e quanto la capacit\u00e0 del <a href=\"https:\/\/www.dtascarl.org\/\">DTA<\/a>?<\/p><\/blockquote>\n<p><em>Dieci anni fa abbiamo visto giusto e gradualmente abbiamo portato sulla nostra strada altri attori tra cui le stesse istituzioni.<\/em><\/p>\n<p><img loading=\"lazy\" decoding=\"async\" class=\"wp-image-6490 size-medium alignright\" src=\"http:\/\/spazio-news.it\/wp-content\/uploads\/2019\/09\/Aeroporto-Grottaglie-Taranto-Leonardo-Boeing-Alenia-300x167.jpg\" alt=\"Aeroporto Grottaglie Taranto Leonardo Boeing Alenia\" width=\"300\" height=\"167\" srcset=\"http:\/\/spazio-news.it\/wp-content\/uploads\/2019\/09\/Aeroporto-Grottaglie-Taranto-Leonardo-Boeing-Alenia-300x167.jpg 300w, http:\/\/spazio-news.it\/wp-content\/uploads\/2019\/09\/Aeroporto-Grottaglie-Taranto-Leonardo-Boeing-Alenia-768x428.jpg 768w, http:\/\/spazio-news.it\/wp-content\/uploads\/2019\/09\/Aeroporto-Grottaglie-Taranto-Leonardo-Boeing-Alenia.jpg 800w\" sizes=\"auto, (max-width: 300px) 100vw, 300px\" \/><\/p>\n<p><em>Il <strong>test bed<\/strong> \u00e8 stato ideato e concepito nel <strong>DTA<\/strong> cos\u00ec come lo spazioporto trova nel DTA il luogo in cui si sono sviluppati il primo approccio, le prime discussioni e la prima forma di collaborazione con imprese ed universit\u00e0. <\/em><\/p>\n<p><em>La mia esperienza di Amministratore Unico di <a href=\"http:\/\/www.aeroportidipuglia.it\/\">Aeroporti di Puglia<\/a> ha dato un\u2019accelerazione alla realizzazione del progetto e mi pare di poter dire che la fase di inerzia sia stata superata. Oggi abbiamo ruolo e riconoscibilit\u00e0 che ci aiuteranno a far crescere l\u2019intensit\u00e0 delle attivit\u00e0 su Grottaglie<\/em>.<\/p>\n<blockquote><p>Grazie al recente <strong>accordo con gli USA<\/strong>, dal prossimo anno possiamo dire che in Italia, a Grottaglie, sar\u00e0 operativo il <strong>primo spazioporto UE<\/strong>. Perch\u00e9 \u00e8 importante questo risultato e cosa vi aspettate che possa cambiare per l\u2019<strong>industria e la ricerca <\/strong>\u201c<strong>Made in Italy<\/strong>?<\/p><\/blockquote>\n<p><em>Il tema \u00e8 rilevante, entusiasmante e affascinante, ma al contempo molto delicato. \u00c8 necessario operare tenendo la barra dritta senza scivolare nel mero sogno o nell\u2019immaginifico da un lato e avere la determinazione nel portare avanti questa iniziativa nonostante l\u2019alta complessit\u00e0 e i tempi di realizzazione che non sono poi cosi immediati. <\/em><\/p>\n<p><img loading=\"lazy\" decoding=\"async\" class=\"alignleft wp-image-452 size-medium\" src=\"http:\/\/spazio-news.it\/wp-content\/uploads\/2018\/07\/Spazio-News-Magazine-Virgin-Galactic-Spazio-Spaceship-300x167.jpg\" alt=\"Spazio-News Magazine Virgin Galactic Spazio Spaceship\" width=\"300\" height=\"167\" srcset=\"http:\/\/spazio-news.it\/wp-content\/uploads\/2018\/07\/Spazio-News-Magazine-Virgin-Galactic-Spazio-Spaceship-300x167.jpg 300w, http:\/\/spazio-news.it\/wp-content\/uploads\/2018\/07\/Spazio-News-Magazine-Virgin-Galactic-Spazio-Spaceship-768x427.jpg 768w, http:\/\/spazio-news.it\/wp-content\/uploads\/2018\/07\/Spazio-News-Magazine-Virgin-Galactic-Spazio-Spaceship-600x334.jpg 600w, http:\/\/spazio-news.it\/wp-content\/uploads\/2018\/07\/Spazio-News-Magazine-Virgin-Galactic-Spazio-Spaceship.jpg 800w\" sizes=\"auto, (max-width: 300px) 100vw, 300px\" \/><\/p>\n<p><em>Ancora oggi <a href=\"http:\/\/www.virgingalactic.com\/\">Virgin Galactic<\/a> o Blue Virgin hanno rinviato l\u2019avvio dell\u2019attivit\u00e0 ed \u00e8 credibile che da quando ci\u00f2 avverr\u00e0 servir\u00e0 qualche anno per vedere le operazioni in altri paesi quali l\u2019Italia. Dopo la scelta del <a href=\"http:\/\/www.mit.gov.it\/\">Ministero delle Infrastrutture e dei Trasporti &#8211; MIT<\/a> di individuare Grottaglie quale <strong>primo spazio porto italiano<\/strong>, l\u2019attivit\u00e0 posta in essere da <a href=\"http:\/\/www.enac.gov.it\/\">Enac<\/a> in merito alla <strong>certificazione dell\u2019infrastrutture<\/strong> ed alle problematiche di inserimento del <strong>mezzo suborbitale<\/strong> nella <strong>gestione del traffico aereo<\/strong> (Air traffic management &#8211; ATM) diventa fondamentale. <\/em><\/p>\n<p><em>L\u2019auspicio \u00e8 che l\u2019<strong>industria italiana <\/strong>colga questa opportunit\u00e0 valorizzando tutte le competenze gi\u00e0 esistenti per assumere un ruolo da protagonista in questo futuro grande mercato.<\/em><\/p>\n<blockquote><p>Per concludere, cosa si augura che possa portare il <a href=\"https:\/\/www.dtascarl.org\/mediterranean-aerospace-matching\/\">Mediterranean Aerospace Matching<\/a> ?<\/p><\/blockquote>\n<p><em>L\u2019evento \u00e8 una leva per rafforzare la strategia di posizionamento dell\u2019infrastruttura di Grottaglie nello scacchiere europeo, al pari delle <strong>attivit\u00e0 di test e sperimentazione<\/strong> ed <strong>industriali<\/strong> che l\u00ec gi\u00e0 si realizzano. Capiremo e misureremo con questo evento quanto spazio ci sia per l\u2019ulteriore crescita dell\u2019iniziativa e per un suo percorso di affermazione come uno degli eventi di richiamo internazionale per quanti coinvolti nei temi della <strong>guida autonoma<\/strong> e della \u201c<strong>space economy<\/strong>\u201d in genere. <\/em><\/p>\n<blockquote><p>Su quali altre iniziative il <a href=\"https:\/\/www.dtascarl.org\/\">DTA<\/a> \u00e8 impegnato per il <strong>2020<\/strong>?<\/p><\/blockquote>\n<p><em>Il 2020 ci continuer\u00e0 a vedere impegnati in numerosi progetti di ricerca nazionali ed europei, in nuove<\/em><\/p>\n<p><img loading=\"lazy\" decoding=\"async\" class=\"alignleft wp-image-4546 size-medium\" src=\"http:\/\/spazio-news.it\/wp-content\/uploads\/2019\/05\/DTA-Distretto-Tecnologico-Aerospaziale-Puglia-workshop-300x167.jpg\" alt=\"DTA - Distretto Tecnologico Aerospaziale Puglia workshop\" width=\"300\" height=\"167\" srcset=\"http:\/\/spazio-news.it\/wp-content\/uploads\/2019\/05\/DTA-Distretto-Tecnologico-Aerospaziale-Puglia-workshop-300x167.jpg 300w, http:\/\/spazio-news.it\/wp-content\/uploads\/2019\/05\/DTA-Distretto-Tecnologico-Aerospaziale-Puglia-workshop-768x428.jpg 768w, http:\/\/spazio-news.it\/wp-content\/uploads\/2019\/05\/DTA-Distretto-Tecnologico-Aerospaziale-Puglia-workshop.jpg 800w\" sizes=\"auto, (max-width: 300px) 100vw, 300px\" \/><\/p>\n<p><em>attivit\u00e0 di <strong>master post laurea <\/strong><\/em><em>e <strong>dottorati<\/strong>, e rafforzeremo la nostra unit\u00e0 di ingegneria nata 4 anni fa grazie alla forte collaborazione avviata con <a href=\"http:\/\/www.avioaero.com\/\">Avio Aero<\/a><\/em> (ndr. Societ\u00e0 del gruppo <a href=\"http:\/\/www.ge.com\/\">General Electric &#8211; GE<\/a>).<\/p>\n<p><em>Senza dimenticare che a <strong>giugno 2020<\/strong> realizzeremo con <a href=\"http:\/\/www.asi.it\/\">ASI<\/a> ed <a href=\"http:\/\/www.esa.int\/\">ESA<\/a> la terza edizione del <a href=\"https:\/\/www.dtascarl.org\/global-space-economic-workshop\/\">Global Space Economic Workshop.<\/a><\/em><\/p>\n<p style=\"text-align: left;\">Federico Cabassi<\/p>\n","protected":false},"excerpt":{"rendered":"<p>La regione Puglia gioca un ruolo di primo piano nel settore aerospaziale &#8220;Made in Italy\u201d. Lo descrivono i numeri delle<\/p>\n","protected":false},"author":1,"featured_media":7909,"comment_status":"closed","ping_status":"open","sticky":false,"template":"","format":"standard","meta":{"colormag_page_container_layout":"default_layout","colormag_page_sidebar_layout":"default_layout","footnotes":""},"categories":[32,5,13],"tags":[54,2431,2739,2331,646,812,811,4029,19,2531,1156,667,3727,2659,4426,1873,260,4329,457,2330,813,2356,333,3160,1091,365],"class_list":["post-7908","post","type-post","status-publish","format-standard","has-post-thumbnail","hentry","category-prima-pagina","category-ricerca-innovazione","category-save-the-date","tag-aeronautica-militare-italiana","tag-aeroporti-di-puglia-adip","tag-aeroporto-di-grottaglie","tag-aeroporto-marcello-arlotta","tag-aerospazio","tag-agenzia-spaziale-europea-esa","tag-agenzia-spaziale-italiana-asi","tag-avio-aero","tag-difesa","tag-distretto-tecnologico-aerospaziale-dta-puglia","tag-droni-uav","tag-ente-nazionale-per-laviazione-civile-enac","tag-general-electric","tag-giuseppe-acierno","tag-global-space-economic-workshop","tag-industria-aerospaziale","tag-leonardo-spa","tag-mediterranean-aerospace-matching-mam","tag-puglia","tag-puglia-sviluppo","tag-regione-puglia","tag-reparto-sperimentale-di-volo-rsv","tag-spazioporto","tag-test-bad","tag-unmanned-aircraft-systems-uas","tag-virgin-galactic"],"yoast_head":"<!-- This site is optimized with the Yoast SEO plugin v26.8 - https:\/\/yoast.com\/product\/yoast-seo-wordpress\/ -->\n<title>DTA, ACIERNO: LA PUGLIA CREDE NELL\u2019INDUSTRIA AEROSPAZIALE &#187; Spazio-News Magazine<\/title>\n<meta name=\"description\" content=\"Per comprendere come il Mediterranean Aerospace Matching pu\u00f2 contribuire a sostenere il settore Aerospaziale, abbiamo intervistato Acierno\" \/>\n<meta name=\"robots\" content=\"index, follow, max-snippet:-1, max-image-preview:large, max-video-preview:-1\" \/>\n<link rel=\"canonical\" href=\"http:\/\/spazio-news.it\/?p=7908\" \/>\n<meta property=\"og:locale\" content=\"it_IT\" \/>\n<meta property=\"og:type\" content=\"article\" \/>\n<meta property=\"og:title\" content=\"DTA, ACIERNO: LA PUGLIA CREDE NELL\u2019INDUSTRIA AEROSPAZIALE &#187; Spazio-News Magazine\" \/>\n<meta property=\"og:description\" content=\"Per comprendere come il Mediterranean Aerospace Matching pu\u00f2 contribuire a sostenere il settore Aerospaziale, abbiamo intervistato Acierno\" \/>\n<meta property=\"og:url\" content=\"http:\/\/spazio-news.it\/?p=7908\" \/>\n<meta property=\"og:site_name\" content=\"Spazio-News Magazine\" \/>\n<meta property=\"article:publisher\" content=\"https:\/\/m.facebook.com\/spazio-news-magazine\" \/>\n<meta property=\"article:author\" content=\"@SpazioNewsMagazine\" \/>\n<meta property=\"article:published_time\" content=\"2020-02-07T07:03:45+00:00\" \/>\n<meta property=\"article:modified_time\" content=\"2020-02-07T08:01:22+00:00\" \/>\n<meta property=\"og:image\" content=\"http:\/\/spazio-news.it\/wp-content\/uploads\/2020\/02\/Giuseppe-Acierno-Presidente-Distretto-Tecnologico-Aerospaziale-\u2013-DTA-Mediterranean-Aerospace-Matching-Spazio-News-Magazine.jpg\" \/>\n\t<meta property=\"og:image:width\" content=\"800\" \/>\n\t<meta property=\"og:image:height\" content=\"446\" \/>\n\t<meta property=\"og:image:type\" content=\"image\/jpeg\" \/>\n<meta name=\"author\" content=\"Redazione\" \/>\n<meta name=\"twitter:card\" content=\"summary_large_image\" \/>\n<meta name=\"twitter:creator\" content=\"@news_spazio\" \/>\n<meta name=\"twitter:site\" content=\"@News_spazio\" \/>\n<meta name=\"twitter:label1\" content=\"Scritto da\" \/>\n\t<meta name=\"twitter:data1\" content=\"Redazione\" \/>\n\t<meta name=\"twitter:label2\" content=\"Tempo di lettura stimato\" \/>\n\t<meta name=\"twitter:data2\" content=\"5 minuti\" \/>\n<script type=\"application\/ld+json\" class=\"yoast-schema-graph\">{\"@context\":\"https:\/\/schema.org\",\"@graph\":[{\"@type\":\"NewsArticle\",\"@id\":\"http:\/\/spazio-news.it\/?p=7908#article\",\"isPartOf\":{\"@id\":\"http:\/\/spazio-news.it\/?p=7908\"},\"author\":{\"name\":\"Redazione\",\"@id\":\"https:\/\/spazio-news.it\/#\/schema\/person\/c600904e882e9e166ed8e5e3773d37b3\"},\"headline\":\"DTA, ACIERNO: LA PUGLIA CREDE NELL\u2019INDUSTRIA AEROSPAZIALE\",\"datePublished\":\"2020-02-07T07:03:45+00:00\",\"dateModified\":\"2020-02-07T08:01:22+00:00\",\"mainEntityOfPage\":{\"@id\":\"http:\/\/spazio-news.it\/?p=7908\"},\"wordCount\":1086,\"publisher\":{\"@id\":\"https:\/\/spazio-news.it\/#organization\"},\"image\":{\"@id\":\"http:\/\/spazio-news.it\/?p=7908#primaryimage\"},\"thumbnailUrl\":\"http:\/\/spazio-news.it\/wp-content\/uploads\/2020\/02\/Giuseppe-Acierno-Presidente-Distretto-Tecnologico-Aerospaziale-\u2013-DTA-Mediterranean-Aerospace-Matching-Spazio-News-Magazine.jpg\",\"keywords\":[\"Aeronautica Militare Italiana\",\"Aeroporti di Puglia - AdiP\",\"Aeroporto di Grottaglie\",\"Aeroporto Marcello Arlotta\",\"Aerospazio\",\"Agenzia Spaziale Europea - ESA\",\"Agenzia Spaziale Italiana - ASI\",\"Avio Aero\",\"difesa\",\"Distretto tecnologico aerospaziale \u2013 DTA Puglia\",\"Droni\/UAV\",\"Ente Nazionale Per l\u2019Aviazione Civile - Enac\",\"General Electric\",\"Giuseppe Acierno\",\"Global Space Economic Workshop\",\"industria aerospaziale\",\"Leonardo SPA\",\"Mediterranean Aerospace Matching - MAM\",\"Puglia\",\"Puglia Sviluppo\",\"Regione Puglia\",\"Reparto Sperimentale di Volo - RSV\",\"spazioporto\",\"Test Bad\",\"Unmanned Aircraft Systems - UAS\",\"Virgin Galactic\"],\"articleSection\":[\"01 - PRIMA PAGINA\",\"05 - RICERCA &amp; INNOVAZIONE\",\"07 - SAVE THE DATE\"],\"inLanguage\":\"it-IT\"},{\"@type\":\"WebPage\",\"@id\":\"http:\/\/spazio-news.it\/?p=7908\",\"url\":\"http:\/\/spazio-news.it\/?p=7908\",\"name\":\"DTA, ACIERNO: LA PUGLIA CREDE NELL\u2019INDUSTRIA AEROSPAZIALE &#187; Spazio-News Magazine\",\"isPartOf\":{\"@id\":\"https:\/\/spazio-news.it\/#website\"},\"primaryImageOfPage\":{\"@id\":\"http:\/\/spazio-news.it\/?p=7908#primaryimage\"},\"image\":{\"@id\":\"http:\/\/spazio-news.it\/?p=7908#primaryimage\"},\"thumbnailUrl\":\"http:\/\/spazio-news.it\/wp-content\/uploads\/2020\/02\/Giuseppe-Acierno-Presidente-Distretto-Tecnologico-Aerospaziale-\u2013-DTA-Mediterranean-Aerospace-Matching-Spazio-News-Magazine.jpg\",\"datePublished\":\"2020-02-07T07:03:45+00:00\",\"dateModified\":\"2020-02-07T08:01:22+00:00\",\"description\":\"Per comprendere come il Mediterranean Aerospace Matching pu\u00f2 contribuire a sostenere il settore Aerospaziale, abbiamo intervistato Acierno\",\"breadcrumb\":{\"@id\":\"http:\/\/spazio-news.it\/?p=7908#breadcrumb\"},\"inLanguage\":\"it-IT\",\"potentialAction\":[{\"@type\":\"ReadAction\",\"target\":[\"http:\/\/spazio-news.it\/?p=7908\"]}]},{\"@type\":\"ImageObject\",\"inLanguage\":\"it-IT\",\"@id\":\"http:\/\/spazio-news.it\/?p=7908#primaryimage\",\"url\":\"http:\/\/spazio-news.it\/wp-content\/uploads\/2020\/02\/Giuseppe-Acierno-Presidente-Distretto-Tecnologico-Aerospaziale-\u2013-DTA-Mediterranean-Aerospace-Matching-Spazio-News-Magazine.jpg\",\"contentUrl\":\"http:\/\/spazio-news.it\/wp-content\/uploads\/2020\/02\/Giuseppe-Acierno-Presidente-Distretto-Tecnologico-Aerospaziale-\u2013-DTA-Mediterranean-Aerospace-Matching-Spazio-News-Magazine.jpg\",\"width\":800,\"height\":446,\"caption\":\"Giuseppe Acierno Presidente Distretto Tecnologico Aerospaziale \u2013 DTA Mediterranean Aerospace Matching - Spazio-News Magazine\"},{\"@type\":\"BreadcrumbList\",\"@id\":\"http:\/\/spazio-news.it\/?p=7908#breadcrumb\",\"itemListElement\":[{\"@type\":\"ListItem\",\"position\":1,\"name\":\"Home\",\"item\":\"https:\/\/spazio-news.it\/\"},{\"@type\":\"ListItem\",\"position\":2,\"name\":\"DTA, ACIERNO: LA PUGLIA CREDE NELL\u2019INDUSTRIA AEROSPAZIALE\"}]},{\"@type\":\"WebSite\",\"@id\":\"https:\/\/spazio-news.it\/#website\",\"url\":\"https:\/\/spazio-news.it\/\",\"name\":\"Spazio-News Magazine\",\"description\":\"La guida che sfida la complessit\u00e0 del mondo industriale\",\"publisher\":{\"@id\":\"https:\/\/spazio-news.it\/#organization\"},\"alternateName\":\"Spazio-news.it\",\"potentialAction\":[{\"@type\":\"SearchAction\",\"target\":{\"@type\":\"EntryPoint\",\"urlTemplate\":\"https:\/\/spazio-news.it\/?s={search_term_string}\"},\"query-input\":{\"@type\":\"PropertyValueSpecification\",\"valueRequired\":true,\"valueName\":\"search_term_string\"}}],\"inLanguage\":\"it-IT\"},{\"@type\":\"Organization\",\"@id\":\"https:\/\/spazio-news.it\/#organization\",\"name\":\"Spazio-News Magazine\",\"url\":\"https:\/\/spazio-news.it\/\",\"logo\":{\"@type\":\"ImageObject\",\"inLanguage\":\"it-IT\",\"@id\":\"https:\/\/spazio-news.it\/#\/schema\/logo\/image\/\",\"url\":\"http:\/\/spazio-news.it\/wp-content\/uploads\/2023\/09\/Logo-Spazio-News-512-x-512-NO-testo.jpg\",\"contentUrl\":\"http:\/\/spazio-news.it\/wp-content\/uploads\/2023\/09\/Logo-Spazio-News-512-x-512-NO-testo.jpg\",\"width\":512,\"height\":512,\"caption\":\"Spazio-News Magazine\"},\"image\":{\"@id\":\"https:\/\/spazio-news.it\/#\/schema\/logo\/image\/\"},\"sameAs\":[\"https:\/\/m.facebook.com\/spazio-news-magazine\",\"https:\/\/x.com\/News_spazio\"]},{\"@type\":\"Person\",\"@id\":\"https:\/\/spazio-news.it\/#\/schema\/person\/c600904e882e9e166ed8e5e3773d37b3\",\"name\":\"Redazione\",\"sameAs\":[\"http:\/\/spazio-news.it\",\"@SpazioNewsMagazine\",\"https:\/\/x.com\/@news_spazio\"],\"url\":\"http:\/\/spazio-news.it\/?author=1\"}]}<\/script>\n<!-- \/ Yoast SEO plugin. -->","yoast_head_json":{"title":"DTA, ACIERNO: LA PUGLIA CREDE NELL\u2019INDUSTRIA AEROSPAZIALE &#187; Spazio-News Magazine","description":"Per comprendere come il Mediterranean Aerospace Matching pu\u00f2 contribuire a sostenere il settore Aerospaziale, abbiamo intervistato Acierno","robots":{"index":"index","follow":"follow","max-snippet":"max-snippet:-1","max-image-preview":"max-image-preview:large","max-video-preview":"max-video-preview:-1"},"canonical":"http:\/\/spazio-news.it\/?p=7908","og_locale":"it_IT","og_type":"article","og_title":"DTA, ACIERNO: LA PUGLIA CREDE NELL\u2019INDUSTRIA AEROSPAZIALE &#187; Spazio-News Magazine","og_description":"Per comprendere come il Mediterranean Aerospace Matching pu\u00f2 contribuire a sostenere il settore Aerospaziale, abbiamo intervistato Acierno","og_url":"http:\/\/spazio-news.it\/?p=7908","og_site_name":"Spazio-News Magazine","article_publisher":"https:\/\/m.facebook.com\/spazio-news-magazine","article_author":"@SpazioNewsMagazine","article_published_time":"2020-02-07T07:03:45+00:00","article_modified_time":"2020-02-07T08:01:22+00:00","og_image":[{"width":800,"height":446,"url":"http:\/\/spazio-news.it\/wp-content\/uploads\/2020\/02\/Giuseppe-Acierno-Presidente-Distretto-Tecnologico-Aerospaziale-\u2013-DTA-Mediterranean-Aerospace-Matching-Spazio-News-Magazine.jpg","type":"image\/jpeg"}],"author":"Redazione","twitter_card":"summary_large_image","twitter_creator":"@news_spazio","twitter_site":"@News_spazio","twitter_misc":{"Scritto da":"Redazione","Tempo di lettura stimato":"5 minuti"},"schema":{"@context":"https:\/\/schema.org","@graph":[{"@type":"NewsArticle","@id":"http:\/\/spazio-news.it\/?p=7908#article","isPartOf":{"@id":"http:\/\/spazio-news.it\/?p=7908"},"author":{"name":"Redazione","@id":"https:\/\/spazio-news.it\/#\/schema\/person\/c600904e882e9e166ed8e5e3773d37b3"},"headline":"DTA, ACIERNO: LA PUGLIA CREDE NELL\u2019INDUSTRIA AEROSPAZIALE","datePublished":"2020-02-07T07:03:45+00:00","dateModified":"2020-02-07T08:01:22+00:00","mainEntityOfPage":{"@id":"http:\/\/spazio-news.it\/?p=7908"},"wordCount":1086,"publisher":{"@id":"https:\/\/spazio-news.it\/#organization"},"image":{"@id":"http:\/\/spazio-news.it\/?p=7908#primaryimage"},"thumbnailUrl":"http:\/\/spazio-news.it\/wp-content\/uploads\/2020\/02\/Giuseppe-Acierno-Presidente-Distretto-Tecnologico-Aerospaziale-\u2013-DTA-Mediterranean-Aerospace-Matching-Spazio-News-Magazine.jpg","keywords":["Aeronautica Militare Italiana","Aeroporti di Puglia - AdiP","Aeroporto di Grottaglie","Aeroporto Marcello Arlotta","Aerospazio","Agenzia Spaziale Europea - ESA","Agenzia Spaziale Italiana - ASI","Avio Aero","difesa","Distretto tecnologico aerospaziale \u2013 DTA Puglia","Droni\/UAV","Ente Nazionale Per l\u2019Aviazione Civile - Enac","General Electric","Giuseppe Acierno","Global Space Economic Workshop","industria aerospaziale","Leonardo SPA","Mediterranean Aerospace Matching - MAM","Puglia","Puglia Sviluppo","Regione Puglia","Reparto Sperimentale di Volo - RSV","spazioporto","Test Bad","Unmanned Aircraft Systems - UAS","Virgin Galactic"],"articleSection":["01 - PRIMA PAGINA","05 - RICERCA &amp; INNOVAZIONE","07 - SAVE THE DATE"],"inLanguage":"it-IT"},{"@type":"WebPage","@id":"http:\/\/spazio-news.it\/?p=7908","url":"http:\/\/spazio-news.it\/?p=7908","name":"DTA, ACIERNO: LA PUGLIA CREDE NELL\u2019INDUSTRIA AEROSPAZIALE &#187; Spazio-News Magazine","isPartOf":{"@id":"https:\/\/spazio-news.it\/#website"},"primaryImageOfPage":{"@id":"http:\/\/spazio-news.it\/?p=7908#primaryimage"},"image":{"@id":"http:\/\/spazio-news.it\/?p=7908#primaryimage"},"thumbnailUrl":"http:\/\/spazio-news.it\/wp-content\/uploads\/2020\/02\/Giuseppe-Acierno-Presidente-Distretto-Tecnologico-Aerospaziale-\u2013-DTA-Mediterranean-Aerospace-Matching-Spazio-News-Magazine.jpg","datePublished":"2020-02-07T07:03:45+00:00","dateModified":"2020-02-07T08:01:22+00:00","description":"Per comprendere come il Mediterranean Aerospace Matching pu\u00f2 contribuire a sostenere il settore Aerospaziale, abbiamo intervistato Acierno","breadcrumb":{"@id":"http:\/\/spazio-news.it\/?p=7908#breadcrumb"},"inLanguage":"it-IT","potentialAction":[{"@type":"ReadAction","target":["http:\/\/spazio-news.it\/?p=7908"]}]},{"@type":"ImageObject","inLanguage":"it-IT","@id":"http:\/\/spazio-news.it\/?p=7908#primaryimage","url":"http:\/\/spazio-news.it\/wp-content\/uploads\/2020\/02\/Giuseppe-Acierno-Presidente-Distretto-Tecnologico-Aerospaziale-\u2013-DTA-Mediterranean-Aerospace-Matching-Spazio-News-Magazine.jpg","contentUrl":"http:\/\/spazio-news.it\/wp-content\/uploads\/2020\/02\/Giuseppe-Acierno-Presidente-Distretto-Tecnologico-Aerospaziale-\u2013-DTA-Mediterranean-Aerospace-Matching-Spazio-News-Magazine.jpg","width":800,"height":446,"caption":"Giuseppe Acierno Presidente Distretto Tecnologico Aerospaziale \u2013 DTA Mediterranean Aerospace Matching - Spazio-News Magazine"},{"@type":"BreadcrumbList","@id":"http:\/\/spazio-news.it\/?p=7908#breadcrumb","itemListElement":[{"@type":"ListItem","position":1,"name":"Home","item":"https:\/\/spazio-news.it\/"},{"@type":"ListItem","position":2,"name":"DTA, ACIERNO: LA PUGLIA CREDE NELL\u2019INDUSTRIA AEROSPAZIALE"}]},{"@type":"WebSite","@id":"https:\/\/spazio-news.it\/#website","url":"https:\/\/spazio-news.it\/","name":"Spazio-News Magazine","description":"La guida che sfida la complessit\u00e0 del mondo industriale","publisher":{"@id":"https:\/\/spazio-news.it\/#organization"},"alternateName":"Spazio-news.it","potentialAction":[{"@type":"SearchAction","target":{"@type":"EntryPoint","urlTemplate":"https:\/\/spazio-news.it\/?s={search_term_string}"},"query-input":{"@type":"PropertyValueSpecification","valueRequired":true,"valueName":"search_term_string"}}],"inLanguage":"it-IT"},{"@type":"Organization","@id":"https:\/\/spazio-news.it\/#organization","name":"Spazio-News Magazine","url":"https:\/\/spazio-news.it\/","logo":{"@type":"ImageObject","inLanguage":"it-IT","@id":"https:\/\/spazio-news.it\/#\/schema\/logo\/image\/","url":"http:\/\/spazio-news.it\/wp-content\/uploads\/2023\/09\/Logo-Spazio-News-512-x-512-NO-testo.jpg","contentUrl":"http:\/\/spazio-news.it\/wp-content\/uploads\/2023\/09\/Logo-Spazio-News-512-x-512-NO-testo.jpg","width":512,"height":512,"caption":"Spazio-News Magazine"},"image":{"@id":"https:\/\/spazio-news.it\/#\/schema\/logo\/image\/"},"sameAs":["https:\/\/m.facebook.com\/spazio-news-magazine","https:\/\/x.com\/News_spazio"]},{"@type":"Person","@id":"https:\/\/spazio-news.it\/#\/schema\/person\/c600904e882e9e166ed8e5e3773d37b3","name":"Redazione","sameAs":["http:\/\/spazio-news.it","@SpazioNewsMagazine","https:\/\/x.com\/@news_spazio"],"url":"http:\/\/spazio-news.it\/?author=1"}]}},"_links":{"self":[{"href":"http:\/\/spazio-news.it\/index.php?rest_route=\/wp\/v2\/posts\/7908","targetHints":{"allow":["GET"]}}],"collection":[{"href":"http:\/\/spazio-news.it\/index.php?rest_route=\/wp\/v2\/posts"}],"about":[{"href":"http:\/\/spazio-news.it\/index.php?rest_route=\/wp\/v2\/types\/post"}],"author":[{"embeddable":true,"href":"http:\/\/spazio-news.it\/index.php?rest_route=\/wp\/v2\/users\/1"}],"replies":[{"embeddable":true,"href":"http:\/\/spazio-news.it\/index.php?rest_route=%2Fwp%2Fv2%2Fcomments&post=7908"}],"version-history":[{"count":17,"href":"http:\/\/spazio-news.it\/index.php?rest_route=\/wp\/v2\/posts\/7908\/revisions"}],"predecessor-version":[{"id":8011,"href":"http:\/\/spazio-news.it\/index.php?rest_route=\/wp\/v2\/posts\/7908\/revisions\/8011"}],"wp:featuredmedia":[{"embeddable":true,"href":"http:\/\/spazio-news.it\/index.php?rest_route=\/wp\/v2\/media\/7909"}],"wp:attachment":[{"href":"http:\/\/spazio-news.it\/index.php?rest_route=%2Fwp%2Fv2%2Fmedia&parent=7908"}],"wp:term":[{"taxonomy":"category","embeddable":true,"href":"http:\/\/spazio-news.it\/index.php?rest_route=%2Fwp%2Fv2%2Fcategories&post=7908"},{"taxonomy":"post_tag","embeddable":true,"href":"http:\/\/spazio-news.it\/index.php?rest_route=%2Fwp%2Fv2%2Ftags&post=7908"}],"curies":[{"name":"wp","href":"https:\/\/api.w.org\/{rel}","templated":true}]}}