{"id":7950,"date":"2020-02-04T07:27:53","date_gmt":"2020-02-04T06:27:53","guid":{"rendered":"http:\/\/spazio-news.it\/?p=7950"},"modified":"2020-02-03T16:39:34","modified_gmt":"2020-02-03T15:39:34","slug":"guerini-industria-cooperazione-al-centro-della-visita-usa","status":"publish","type":"post","link":"http:\/\/spazio-news.it\/?p=7950","title":{"rendered":"GUERINI: INDUSTRIA, TERRORISMO E COOPERAZIONE, AL CENTRO DELLA VISITA NEGLI USA"},"content":{"rendered":"<p class=\"western\" lang=\"en-US\"><em>\u201c<span lang=\"it-IT\">Tra Italia e USA esiste una solida amicizia, improntata al comune impegno nella lotta al terrorismo e per la sicurezza internazionale. Una relazione storicamente privilegiata, che bisogna rafforzare il pi\u00f9 possibile\u201d<\/span><\/em><span lang=\"it-IT\">. Con queste parole il <a href=\"http:\/\/www.difesa.it\">Ministro della Difesa<\/a><\/span><a href=\"http:\/\/www.difesa.it\"><span lang=\"it-IT\"><strong>, <\/strong><\/span><span lang=\"it-IT\">Lorenzo Guerini<\/span><\/a><span lang=\"it-IT\">, \u00e8 intervenuto al termine della <\/span><span lang=\"it-IT\"><strong>visita ufficiale negli <\/strong><\/span><span lang=\"it-IT\"><strong>Stati Uniti d\u2019America<\/strong><\/span><span lang=\"it-IT\">. <\/span><\/p>\n<p class=\"western\" lang=\"en-US\"><span lang=\"it-IT\">Tre giorni durante i quali Guerini, accolto a Washington dall\u2019Ambasciatore Armando Varricchio, ha svolto una serie di incontri istituzionali presso il <\/span><span lang=\"it-IT\"><strong>Congresso degli USA<\/strong><\/span><span lang=\"it-IT\">, la <\/span><span lang=\"it-IT\"><strong>Casa Bianca<\/strong><\/span><span lang=\"it-IT\"> e il <strong>Pentagono<\/strong>. <\/span><\/p>\n<p class=\"western\" lang=\"en-US\">\u201c<span lang=\"it-IT\"><em>Confronti positivi e costruttivi su un\u2019ampia gamma di temi, dall\u2019<\/em><\/span><span lang=\"it-IT\"><em>Iraq<\/em><\/span><span lang=\"it-IT\"><em> alla situazione in <\/em><\/span><span lang=\"it-IT\"><em>Libia<\/em><\/span><span lang=\"it-IT\"><em>, dall\u2019<\/em><\/span><span lang=\"it-IT\"><em>Afghanistan<\/em><\/span><span lang=\"it-IT\"><em>al fianco sud dell\u2019Alleanza. Nonch\u00e9 sulle sfide che arrivano dal Medio Oriente, dal Nord Africa e dal Sahel<\/em><\/span><span lang=\"it-IT\"> \u2013 si legge nella nota diffusa dal <a href=\"http:\/\/www.difesa.it\">Ministero della Difesa<\/a> -. <\/span><span lang=\"it-IT\"><em>Questi gli argomenti ai tavoli dei bilaterali. Centralit\u00e0 di dossier che riflette la solidit\u00e0 delle relazioni tra i due Paesi, nonch\u00e9 l\u2019alto livello di cooperazione militare e industriale\u201d.<\/em><\/span><\/p>\n<p class=\"western\" lang=\"en-US\"><span lang=\"it-IT\">Durante la visita USA, il Ministro si \u00e8 anche recato alla <strong>Casa Bianca<\/strong>, dove \u00e8 stato ricevuto dal <strong>Senior Advisor del Presidente Trump<\/strong>, <strong>Jared Kushner<\/strong>, promotore del recente <strong>piano di pace per il Medio Oriente<\/strong>, mentre presso il Congresso americano \u00e8 avvenuto l\u2019incontro con i membri del <strong>Comitato Difesa della Camera dei Rappresentanti<\/strong>, il <strong>Senatore Mac Thornberry<\/strong>, capogruppo repubblicano della Commissione Difesa, e il <strong>Senatore Adam Smith<\/strong>, Presidente del Comitato Forze Armate alla Camera.<\/span><\/p>\n<p class=\"western\" lang=\"en-US\"><span lang=\"it-IT\">Il <a href=\"http:\/\/www.difesa.it\">Ministro Guerini<\/a> ha, inoltre, avuto modo di incontrare esponenti dell\u2019<\/span><span lang=\"it-IT\"><strong>industria italiana della Difesa <\/strong><\/span><span lang=\"it-IT\">ed i principali <\/span><span lang=\"it-IT\"><strong>Centri studi<\/strong><\/span><span lang=\"it-IT\"> americani del <strong>settore Difesa e Sicurezza<\/strong>.<\/span><\/p>\n","protected":false},"excerpt":{"rendered":"<p>\u201cTra Italia e USA esiste una solida amicizia, improntata al comune impegno nella lotta al terrorismo e per la sicurezza<\/p>\n","protected":false},"author":1,"featured_media":0,"comment_status":"closed","ping_status":"open","sticky":false,"template":"","format":"standard","meta":{"colormag_page_container_layout":"default_layout","colormag_page_sidebar_layout":"default_layout","footnotes":""},"categories":[32,4],"tags":[19,2686,3462,105,918,4188,467],"class_list":["post-7950","post","type-post","status-publish","format-standard","hentry","category-prima-pagina","category-istituzioni","tag-difesa","tag-dipartimento-di-stato-usa","tag-lorenzo-guerini","tag-ministero-della-difesa","tag-north-atlantic-treaty-organization-nato","tag-relazioni-internazionali","tag-stati-uniti-damerica-usa"],"yoast_head":"<!-- This site is optimized with the Yoast SEO plugin v26.8 - https:\/\/yoast.com\/product\/yoast-seo-wordpress\/ -->\n<title>GUERINI: INDUSTRIA, TERRORISMO E COOPERAZIONE, AL CENTRO DELLA VISITA NEGLI USA &#187; Spazio-News Magazine<\/title>\n<meta name=\"description\" content=\"\u201cTra Italia e USA esiste una solida amicizia, improntata al comune impegno nella lotta al terrorismo e per la sicurezza&quot;. Cos\u00ec Guerini \u00e8\" \/>\n<meta name=\"robots\" content=\"index, follow, max-snippet:-1, max-image-preview:large, max-video-preview:-1\" \/>\n<link rel=\"canonical\" href=\"http:\/\/spazio-news.it\/?p=7950\" \/>\n<meta property=\"og:locale\" content=\"it_IT\" \/>\n<meta property=\"og:type\" content=\"article\" \/>\n<meta property=\"og:title\" content=\"GUERINI: INDUSTRIA, TERRORISMO E COOPERAZIONE, AL CENTRO DELLA VISITA NEGLI USA &#187; Spazio-News Magazine\" \/>\n<meta property=\"og:description\" content=\"\u201cTra Italia e USA esiste una solida amicizia, improntata al comune impegno nella lotta al terrorismo e per la sicurezza&quot;. Cos\u00ec Guerini \u00e8\" \/>\n<meta property=\"og:url\" content=\"http:\/\/spazio-news.it\/?p=7950\" \/>\n<meta property=\"og:site_name\" content=\"Spazio-News Magazine\" \/>\n<meta property=\"article:publisher\" content=\"https:\/\/m.facebook.com\/spazio-news-magazine\" \/>\n<meta property=\"article:author\" content=\"@SpazioNewsMagazine\" \/>\n<meta property=\"article:published_time\" content=\"2020-02-04T06:27:53+00:00\" \/>\n<meta property=\"og:image\" content=\"http:\/\/spazio-news.it\/wp-content\/uploads\/2023\/09\/Spazio-News-Magazine-Logo-IT-Senza-scritta.png\" \/>\n\t<meta property=\"og:image:width\" content=\"1280\" \/>\n\t<meta property=\"og:image:height\" content=\"720\" \/>\n\t<meta property=\"og:image:type\" content=\"image\/png\" \/>\n<meta name=\"author\" content=\"Redazione\" \/>\n<meta name=\"twitter:card\" content=\"summary_large_image\" \/>\n<meta name=\"twitter:creator\" content=\"@news_spazio\" \/>\n<meta name=\"twitter:site\" content=\"@News_spazio\" \/>\n<meta name=\"twitter:label1\" content=\"Scritto da\" \/>\n\t<meta name=\"twitter:data1\" content=\"Redazione\" \/>\n\t<meta name=\"twitter:label2\" content=\"Tempo di lettura stimato\" \/>\n\t<meta name=\"twitter:data2\" content=\"1 minuto\" \/>\n<script type=\"application\/ld+json\" class=\"yoast-schema-graph\">{\"@context\":\"https:\/\/schema.org\",\"@graph\":[{\"@type\":\"NewsArticle\",\"@id\":\"http:\/\/spazio-news.it\/?p=7950#article\",\"isPartOf\":{\"@id\":\"http:\/\/spazio-news.it\/?p=7950\"},\"author\":{\"name\":\"Redazione\",\"@id\":\"https:\/\/spazio-news.it\/#\/schema\/person\/c600904e882e9e166ed8e5e3773d37b3\"},\"headline\":\"GUERINI: INDUSTRIA, TERRORISMO E COOPERAZIONE, AL CENTRO DELLA VISITA NEGLI USA\",\"datePublished\":\"2020-02-04T06:27:53+00:00\",\"mainEntityOfPage\":{\"@id\":\"http:\/\/spazio-news.it\/?p=7950\"},\"wordCount\":267,\"publisher\":{\"@id\":\"https:\/\/spazio-news.it\/#organization\"},\"keywords\":[\"difesa\",\"Dipartimento di Stato USA\",\"Lorenzo Guerini\",\"Ministero della Difesa\",\"North Atlantic Treaty Organization - NATO\",\"Relazioni Internazionali\",\"Stati Uniti d'America - USA\"],\"articleSection\":[\"01 - PRIMA PAGINA\",\"03 - ISTITUZIONI\"],\"inLanguage\":\"it-IT\"},{\"@type\":\"WebPage\",\"@id\":\"http:\/\/spazio-news.it\/?p=7950\",\"url\":\"http:\/\/spazio-news.it\/?p=7950\",\"name\":\"GUERINI: INDUSTRIA, TERRORISMO E COOPERAZIONE, AL CENTRO DELLA VISITA NEGLI USA &#187; Spazio-News Magazine\",\"isPartOf\":{\"@id\":\"https:\/\/spazio-news.it\/#website\"},\"datePublished\":\"2020-02-04T06:27:53+00:00\",\"description\":\"\u201cTra Italia e USA esiste una solida amicizia, improntata al comune impegno nella lotta al terrorismo e per la sicurezza\\\". Cos\u00ec Guerini \u00e8\",\"breadcrumb\":{\"@id\":\"http:\/\/spazio-news.it\/?p=7950#breadcrumb\"},\"inLanguage\":\"it-IT\",\"potentialAction\":[{\"@type\":\"ReadAction\",\"target\":[\"http:\/\/spazio-news.it\/?p=7950\"]}]},{\"@type\":\"BreadcrumbList\",\"@id\":\"http:\/\/spazio-news.it\/?p=7950#breadcrumb\",\"itemListElement\":[{\"@type\":\"ListItem\",\"position\":1,\"name\":\"Home\",\"item\":\"https:\/\/spazio-news.it\/\"},{\"@type\":\"ListItem\",\"position\":2,\"name\":\"GUERINI: INDUSTRIA, TERRORISMO E COOPERAZIONE, AL CENTRO DELLA VISITA NEGLI USA\"}]},{\"@type\":\"WebSite\",\"@id\":\"https:\/\/spazio-news.it\/#website\",\"url\":\"https:\/\/spazio-news.it\/\",\"name\":\"Spazio-News Magazine\",\"description\":\"La guida che sfida la complessit\u00e0 del mondo industriale\",\"publisher\":{\"@id\":\"https:\/\/spazio-news.it\/#organization\"},\"alternateName\":\"Spazio-news.it\",\"potentialAction\":[{\"@type\":\"SearchAction\",\"target\":{\"@type\":\"EntryPoint\",\"urlTemplate\":\"https:\/\/spazio-news.it\/?s={search_term_string}\"},\"query-input\":{\"@type\":\"PropertyValueSpecification\",\"valueRequired\":true,\"valueName\":\"search_term_string\"}}],\"inLanguage\":\"it-IT\"},{\"@type\":\"Organization\",\"@id\":\"https:\/\/spazio-news.it\/#organization\",\"name\":\"Spazio-News Magazine\",\"url\":\"https:\/\/spazio-news.it\/\",\"logo\":{\"@type\":\"ImageObject\",\"inLanguage\":\"it-IT\",\"@id\":\"https:\/\/spazio-news.it\/#\/schema\/logo\/image\/\",\"url\":\"http:\/\/spazio-news.it\/wp-content\/uploads\/2023\/09\/Logo-Spazio-News-512-x-512-NO-testo.jpg\",\"contentUrl\":\"http:\/\/spazio-news.it\/wp-content\/uploads\/2023\/09\/Logo-Spazio-News-512-x-512-NO-testo.jpg\",\"width\":512,\"height\":512,\"caption\":\"Spazio-News Magazine\"},\"image\":{\"@id\":\"https:\/\/spazio-news.it\/#\/schema\/logo\/image\/\"},\"sameAs\":[\"https:\/\/m.facebook.com\/spazio-news-magazine\",\"https:\/\/x.com\/News_spazio\"]},{\"@type\":\"Person\",\"@id\":\"https:\/\/spazio-news.it\/#\/schema\/person\/c600904e882e9e166ed8e5e3773d37b3\",\"name\":\"Redazione\",\"sameAs\":[\"http:\/\/spazio-news.it\",\"@SpazioNewsMagazine\",\"https:\/\/x.com\/@news_spazio\"],\"url\":\"http:\/\/spazio-news.it\/?author=1\"}]}<\/script>\n<!-- \/ Yoast SEO plugin. -->","yoast_head_json":{"title":"GUERINI: INDUSTRIA, TERRORISMO E COOPERAZIONE, AL CENTRO DELLA VISITA NEGLI USA &#187; Spazio-News Magazine","description":"\u201cTra Italia e USA esiste una solida amicizia, improntata al comune impegno nella lotta al terrorismo e per la sicurezza\". Cos\u00ec Guerini \u00e8","robots":{"index":"index","follow":"follow","max-snippet":"max-snippet:-1","max-image-preview":"max-image-preview:large","max-video-preview":"max-video-preview:-1"},"canonical":"http:\/\/spazio-news.it\/?p=7950","og_locale":"it_IT","og_type":"article","og_title":"GUERINI: INDUSTRIA, TERRORISMO E COOPERAZIONE, AL CENTRO DELLA VISITA NEGLI USA &#187; Spazio-News Magazine","og_description":"\u201cTra Italia e USA esiste una solida amicizia, improntata al comune impegno nella lotta al terrorismo e per la sicurezza\". Cos\u00ec Guerini \u00e8","og_url":"http:\/\/spazio-news.it\/?p=7950","og_site_name":"Spazio-News Magazine","article_publisher":"https:\/\/m.facebook.com\/spazio-news-magazine","article_author":"@SpazioNewsMagazine","article_published_time":"2020-02-04T06:27:53+00:00","og_image":[{"width":1280,"height":720,"url":"http:\/\/spazio-news.it\/wp-content\/uploads\/2023\/09\/Spazio-News-Magazine-Logo-IT-Senza-scritta.png","type":"image\/png"}],"author":"Redazione","twitter_card":"summary_large_image","twitter_creator":"@news_spazio","twitter_site":"@News_spazio","twitter_misc":{"Scritto da":"Redazione","Tempo di lettura stimato":"1 minuto"},"schema":{"@context":"https:\/\/schema.org","@graph":[{"@type":"NewsArticle","@id":"http:\/\/spazio-news.it\/?p=7950#article","isPartOf":{"@id":"http:\/\/spazio-news.it\/?p=7950"},"author":{"name":"Redazione","@id":"https:\/\/spazio-news.it\/#\/schema\/person\/c600904e882e9e166ed8e5e3773d37b3"},"headline":"GUERINI: INDUSTRIA, TERRORISMO E COOPERAZIONE, AL CENTRO DELLA VISITA NEGLI USA","datePublished":"2020-02-04T06:27:53+00:00","mainEntityOfPage":{"@id":"http:\/\/spazio-news.it\/?p=7950"},"wordCount":267,"publisher":{"@id":"https:\/\/spazio-news.it\/#organization"},"keywords":["difesa","Dipartimento di Stato USA","Lorenzo Guerini","Ministero della Difesa","North Atlantic Treaty Organization - NATO","Relazioni Internazionali","Stati Uniti d'America - USA"],"articleSection":["01 - PRIMA PAGINA","03 - ISTITUZIONI"],"inLanguage":"it-IT"},{"@type":"WebPage","@id":"http:\/\/spazio-news.it\/?p=7950","url":"http:\/\/spazio-news.it\/?p=7950","name":"GUERINI: INDUSTRIA, TERRORISMO E COOPERAZIONE, AL CENTRO DELLA VISITA NEGLI USA &#187; Spazio-News Magazine","isPartOf":{"@id":"https:\/\/spazio-news.it\/#website"},"datePublished":"2020-02-04T06:27:53+00:00","description":"\u201cTra Italia e USA esiste una solida amicizia, improntata al comune impegno nella lotta al terrorismo e per la sicurezza\". Cos\u00ec Guerini \u00e8","breadcrumb":{"@id":"http:\/\/spazio-news.it\/?p=7950#breadcrumb"},"inLanguage":"it-IT","potentialAction":[{"@type":"ReadAction","target":["http:\/\/spazio-news.it\/?p=7950"]}]},{"@type":"BreadcrumbList","@id":"http:\/\/spazio-news.it\/?p=7950#breadcrumb","itemListElement":[{"@type":"ListItem","position":1,"name":"Home","item":"https:\/\/spazio-news.it\/"},{"@type":"ListItem","position":2,"name":"GUERINI: INDUSTRIA, TERRORISMO E COOPERAZIONE, AL CENTRO DELLA VISITA NEGLI USA"}]},{"@type":"WebSite","@id":"https:\/\/spazio-news.it\/#website","url":"https:\/\/spazio-news.it\/","name":"Spazio-News Magazine","description":"La guida che sfida la complessit\u00e0 del mondo industriale","publisher":{"@id":"https:\/\/spazio-news.it\/#organization"},"alternateName":"Spazio-news.it","potentialAction":[{"@type":"SearchAction","target":{"@type":"EntryPoint","urlTemplate":"https:\/\/spazio-news.it\/?s={search_term_string}"},"query-input":{"@type":"PropertyValueSpecification","valueRequired":true,"valueName":"search_term_string"}}],"inLanguage":"it-IT"},{"@type":"Organization","@id":"https:\/\/spazio-news.it\/#organization","name":"Spazio-News Magazine","url":"https:\/\/spazio-news.it\/","logo":{"@type":"ImageObject","inLanguage":"it-IT","@id":"https:\/\/spazio-news.it\/#\/schema\/logo\/image\/","url":"http:\/\/spazio-news.it\/wp-content\/uploads\/2023\/09\/Logo-Spazio-News-512-x-512-NO-testo.jpg","contentUrl":"http:\/\/spazio-news.it\/wp-content\/uploads\/2023\/09\/Logo-Spazio-News-512-x-512-NO-testo.jpg","width":512,"height":512,"caption":"Spazio-News Magazine"},"image":{"@id":"https:\/\/spazio-news.it\/#\/schema\/logo\/image\/"},"sameAs":["https:\/\/m.facebook.com\/spazio-news-magazine","https:\/\/x.com\/News_spazio"]},{"@type":"Person","@id":"https:\/\/spazio-news.it\/#\/schema\/person\/c600904e882e9e166ed8e5e3773d37b3","name":"Redazione","sameAs":["http:\/\/spazio-news.it","@SpazioNewsMagazine","https:\/\/x.com\/@news_spazio"],"url":"http:\/\/spazio-news.it\/?author=1"}]}},"_links":{"self":[{"href":"http:\/\/spazio-news.it\/index.php?rest_route=\/wp\/v2\/posts\/7950","targetHints":{"allow":["GET"]}}],"collection":[{"href":"http:\/\/spazio-news.it\/index.php?rest_route=\/wp\/v2\/posts"}],"about":[{"href":"http:\/\/spazio-news.it\/index.php?rest_route=\/wp\/v2\/types\/post"}],"author":[{"embeddable":true,"href":"http:\/\/spazio-news.it\/index.php?rest_route=\/wp\/v2\/users\/1"}],"replies":[{"embeddable":true,"href":"http:\/\/spazio-news.it\/index.php?rest_route=%2Fwp%2Fv2%2Fcomments&post=7950"}],"version-history":[{"count":2,"href":"http:\/\/spazio-news.it\/index.php?rest_route=\/wp\/v2\/posts\/7950\/revisions"}],"predecessor-version":[{"id":7952,"href":"http:\/\/spazio-news.it\/index.php?rest_route=\/wp\/v2\/posts\/7950\/revisions\/7952"}],"wp:attachment":[{"href":"http:\/\/spazio-news.it\/index.php?rest_route=%2Fwp%2Fv2%2Fmedia&parent=7950"}],"wp:term":[{"taxonomy":"category","embeddable":true,"href":"http:\/\/spazio-news.it\/index.php?rest_route=%2Fwp%2Fv2%2Fcategories&post=7950"},{"taxonomy":"post_tag","embeddable":true,"href":"http:\/\/spazio-news.it\/index.php?rest_route=%2Fwp%2Fv2%2Ftags&post=7950"}],"curies":[{"name":"wp","href":"https:\/\/api.w.org\/{rel}","templated":true}]}}