{"id":801,"date":"2018-09-10T09:16:30","date_gmt":"2018-09-10T09:16:30","guid":{"rendered":"http:\/\/spazio-news.it\/?p=801"},"modified":"2019-05-27T20:06:53","modified_gmt":"2019-05-27T19:06:53","slug":"difesa-libia-audizione-del-ministro-trenta","status":"publish","type":"post","link":"http:\/\/spazio-news.it\/?p=801","title":{"rendered":"DIFESA, LIBIA: AUDIZIONE DEL MINISTRO TRENTA"},"content":{"rendered":"<p>Il <strong>Ministro della Difesa<\/strong>, <strong>Elisabetta Trenta<\/strong>, insieme con il <strong>Ministero degli Affari Esteri e della Cooperazione Internazionale<\/strong>, <strong>Enzo Moavero Milanesi<\/strong>, ha <strong>illustrato<\/strong> alle <strong>commissioni riunite Esteri e Difesa di Camera e Senato<\/strong> l\u2019evoluzione della situazione in<strong> Libia.<\/strong><\/p>\n<p><em>&#8220;Il vero architrave di qualsiasi progetto di stabilizzazione della Libia \u00e8 il track sicurezza, con i due tasselli imprescindibili dell\u2019unificazione delle forze militari e della riconciliazione nazionale. Una stabilizzazione che necessariamente deve basarsi sui pilastri della riconciliazione, sicurezza e monopolio della forza da parte delle Autorit\u00e0 statali e processo politico. Una corsa alle elezioni senza le necessarie precondizioni, e senza un lavoro sugli altri due pilastri, non condurr\u00e0 ad alcuna stabilizzazione, ma approfondir\u00e0 le divisioni gi\u00e0 esistenti \u2013 <\/em>ha detto il Ministro della Difesa, <strong>Elisabetta Trenta<\/strong>, nel corso dell\u2019<strong>audizione<\/strong> sui recenti sviluppi della situazione in <strong>Libia<\/strong> \u2013\u201c.<\/p>\n<p>Dopo aver tracciato un quadro della situazione, fino al \u201ccessate il fuoco\u201d dello scorso<strong> 4 settembre<\/strong>, il Ministro ha spiegato che la situazione \u00e8 meno pericolosa di quanto sembra in quanto legata a <strong>milizie<\/strong> contrapposte tra loro non per motivazioni politiche contro <strong>al Serraj<\/strong>. Ha per\u00f2 sottolineato che senza una soluzione della questione delle milizie <em>\u201c\u00e8 inutile ogni tentativo di riconciliazione politica\u201d.<\/em><\/p>\n<p>Quest\u2019ultima <strong>crisi<\/strong>, perci\u00f2, pur con il suo tragico portato di ulteriori vittime (<strong>61 morti e 159 feriti<\/strong>) potrebbe essere sfruttata come <strong>opportunit\u00e0 di rilancio<\/strong> per il processo di riconciliazione guidato dall\u2019<strong>ONU<\/strong>, avviando un\u2019azione di intermediazione a partire appunto dal <strong>\u201ctrack securitario&#8221;<\/strong>, provvedendo a una chiara riconfigurazione della gestione della sicurezza nella capitale libica.<\/p>\n<p><em>\u201cCon il consenso del Parlamento, faremo la nostra parte, dando risposta alle esigenze di sicurezza libiche, in coordinamento con i nostri alleati e nel tradizionale rispetto delle risoluzioni del Consiglio di Sicurezza dell\u2019ONU. Intendiamo in questo modo contribuire ad un avvenire pacifico e a un nuovo e pi\u00f9 stabile assetto per quel Paese cos\u00ec determinante per gli equilibri di sicurezza di tutta l\u2019area mediterranea e del nostro Paese &#8211; <\/em>ha commentato\u00a0 il Ministro &#8211; ribadendo che <em>\u201cl\u2019Italia ha e intende continuare ad avere un ruolo da protagonista in Libia\u201d.<\/em><\/p>\n<p>La stabilizzazione del Paese \u00e8 fondamentale per il controllo dei <strong>flussi migratori<\/strong>, per fronteggiare il terrorismo che rischia di radicarsi in territori privi di controllo centralizzato e per la nostra stessa sicurezza energetica.<\/p>\n<p>Il <strong>Mediterraneo centrale<\/strong> continua, infatti, ad essere una rotta importante per i <strong>flussi migratori<\/strong> e la Libia si conferma l\u2019hub principale per l\u2019emigrazione e il principale punto di raccolta e partenza per i migranti irregolari in partenza verso l\u2019Italia.<\/p>\n<p>Va registrato per\u00f2 un dato positivo: nei primi sette mesi del <strong>2018<\/strong> si \u00e8 registrato un <strong>forte trend decrescente<\/strong> proprio dei flussi migratori provenienti dalla Libia, un decremento dell\u2019<strong>80%<\/strong> rispetto allo stesso periodo dello scorso anno.<\/p>\n<p>Un risultato positivo raggiunto grazie alle operazioni condotte dalle forze governative nel centro di <strong>Sabratha<\/strong> che hanno portato allo smantellamento delle reti criminali dedite al traffico di migranti, ma anche alla sensibile crescita delle capacit\u00e0 della Guardia costiera libica, cui l\u2019Italia ha prestato supporto per il ripristino in efficienza dei mezzi navali di Marina e Guardia Costiera.<\/p>\n<p>Le operazioni di <strong>Search &amp; Rescue &#8211; SAR<\/strong> condotte autonomamente dai libici hanno consentito nell\u2019ultimo anno il recupero di circa 9.000 migranti in oltre 70 interventi SAR.<\/p>\n<p>Restando sui numeri, il Ministro Trenta ha affermato che con la <strong>Missione EUNAVFORMED Sophia<\/strong>, della quale l\u2019Italia continua ad avere il comando, dal <strong>giugno 2015<\/strong> sono stati tratti in <strong>arresto 151 scafisti<\/strong> e <strong>neutralizzati 550 natanti<\/strong> utilizzati criminosamente. Nell\u2019ambito della stessa missione sono stati formati <strong>240 tra Ufficiali e sottufficiali<\/strong> della <strong>Marina<\/strong> e della G<strong>uardia Costiera libiche<\/strong> ai quali se ne aggiungeranno presto altri <strong>75<\/strong> con un corso che sar\u00e0 avviato presso la scuola sottufficiali di La Maddalena.<\/p>\n<p>Numeri ai quali vanno aggiunti i 400 italiani impegnati tra Tripoli e Misurata, il dispositivo aeronavale <strong>Mare Sicuro<\/strong> e la <strong>missione bilaterale di assistenza MIASIT<\/strong>.<\/p>\n<p><em>\u201cLe sfide che vengono dalla Libia sono sfide che riguardano l\u2019Europa e che richiedono una risposta anche visivamente europea &#8211; <\/em>ha concluso il Ministro Trenta ricordando che &#8211; <em>il Consiglio europeo di giugno ha sancito dei princ\u00ecpi per la gestione dei flussi migratori, tra cui vanno sottolineati la necessaria condivisione degli sforzi e degli oneri e il fatto che chi arriva in un Paese UE entra in Europa\u201d. <\/em><\/p>\n<p>Da qui la richiesta formulata pochi giorni fa dal Ministro Trenta a <strong>Vienna<\/strong> nel corso della <strong>riunione informale dei Ministri della Difesa UE<\/strong>:\u00a0 il superamento degli automatismi che hanno portato a sbarcare tutti i migranti tratti in salvo dagli assetti di Sophia nei porti italiani.<\/p>\n","protected":false},"excerpt":{"rendered":"<p>Il Ministro della Difesa, Elisabetta Trenta, insieme con il Ministero degli Affari Esteri e della Cooperazione Internazionale, Enzo Moavero Milanesi,<\/p>\n","protected":false},"author":1,"featured_media":0,"comment_status":"closed","ping_status":"open","sticky":false,"template":"","format":"standard","meta":{"colormag_page_container_layout":"default_layout","colormag_page_sidebar_layout":"default_layout","footnotes":""},"categories":[32,4],"tags":[631,355,19,432,622,280,281,576,105,632,356],"class_list":["post-801","post","type-post","status-publish","format-standard","hentry","category-prima-pagina","category-istituzioni","tag-al-serraj","tag-camera","tag-difesa","tag-elisabetta-trenta","tag-enzo-moavero-milanesi","tag-libia","tag-migrazione","tag-ministero-delleconomia-e-delle-finanze-mef","tag-ministero-della-difesa","tag-onu","tag-senato"],"yoast_head":"<!-- This site is optimized with the Yoast SEO plugin v26.8 - https:\/\/yoast.com\/product\/yoast-seo-wordpress\/ -->\n<title>DIFESA, LIBIA: AUDIZIONE DEL MINISTRO TRENTA &#187; Spazio-News Magazine<\/title>\n<meta name=\"description\" content=\"Il Ministro della Difesa, Elisabetta Trenta, insieme con il Ministero degli Affari Esteri e della Cooperazione Internazionale, Enzo Moavero Milanesi, ha\" \/>\n<meta name=\"robots\" content=\"index, follow, max-snippet:-1, max-image-preview:large, max-video-preview:-1\" \/>\n<link rel=\"canonical\" href=\"https:\/\/spazio-news.it\/?p=801\" \/>\n<meta property=\"og:locale\" content=\"it_IT\" \/>\n<meta property=\"og:type\" content=\"article\" \/>\n<meta property=\"og:title\" content=\"DIFESA, LIBIA: AUDIZIONE DEL MINISTRO TRENTA &#187; Spazio-News Magazine\" \/>\n<meta property=\"og:description\" content=\"Il Ministro della Difesa, Elisabetta Trenta, insieme con il Ministero degli Affari Esteri e della Cooperazione Internazionale, Enzo Moavero Milanesi, ha\" \/>\n<meta property=\"og:url\" content=\"https:\/\/spazio-news.it\/?p=801\" \/>\n<meta property=\"og:site_name\" content=\"Spazio-News Magazine\" \/>\n<meta property=\"article:publisher\" content=\"https:\/\/m.facebook.com\/spazio-news-magazine\" \/>\n<meta property=\"article:author\" content=\"@SpazioNewsMagazine\" \/>\n<meta property=\"article:published_time\" content=\"2018-09-10T09:16:30+00:00\" \/>\n<meta property=\"article:modified_time\" content=\"2019-05-27T19:06:53+00:00\" \/>\n<meta property=\"og:image\" content=\"http:\/\/spazio-news.it\/wp-content\/uploads\/2023\/09\/Spazio-News-Magazine-Logo-IT-Senza-scritta.png\" \/>\n\t<meta property=\"og:image:width\" content=\"1280\" \/>\n\t<meta property=\"og:image:height\" content=\"720\" \/>\n\t<meta property=\"og:image:type\" content=\"image\/png\" \/>\n<meta name=\"author\" content=\"Redazione\" \/>\n<meta name=\"twitter:card\" content=\"summary_large_image\" \/>\n<meta name=\"twitter:creator\" content=\"@news_spazio\" \/>\n<meta name=\"twitter:site\" content=\"@News_spazio\" \/>\n<meta name=\"twitter:label1\" content=\"Scritto da\" \/>\n\t<meta name=\"twitter:data1\" content=\"Redazione\" \/>\n\t<meta name=\"twitter:label2\" content=\"Tempo di lettura stimato\" \/>\n\t<meta name=\"twitter:data2\" content=\"4 minuti\" \/>\n<script type=\"application\/ld+json\" class=\"yoast-schema-graph\">{\"@context\":\"https:\/\/schema.org\",\"@graph\":[{\"@type\":\"NewsArticle\",\"@id\":\"https:\/\/spazio-news.it\/?p=801#article\",\"isPartOf\":{\"@id\":\"https:\/\/spazio-news.it\/?p=801\"},\"author\":{\"name\":\"Redazione\",\"@id\":\"http:\/\/spazio-news.it\/#\/schema\/person\/c600904e882e9e166ed8e5e3773d37b3\"},\"headline\":\"DIFESA, LIBIA: AUDIZIONE DEL MINISTRO TRENTA\",\"datePublished\":\"2018-09-10T09:16:30+00:00\",\"dateModified\":\"2019-05-27T19:06:53+00:00\",\"mainEntityOfPage\":{\"@id\":\"https:\/\/spazio-news.it\/?p=801\"},\"wordCount\":751,\"publisher\":{\"@id\":\"http:\/\/spazio-news.it\/#organization\"},\"keywords\":[\"al Serraj\",\"Camera\",\"difesa\",\"Elisabetta Trenta\",\"Enzo Moavero Milanesi\",\"Libia\",\"migrazione\",\"Ministero dell\u2019Economia e delle Finanze - MEF\",\"Ministero della Difesa\",\"ONU\",\"Senato\"],\"articleSection\":[\"01 - PRIMA PAGINA\",\"03 - ISTITUZIONI\"],\"inLanguage\":\"it-IT\"},{\"@type\":\"WebPage\",\"@id\":\"https:\/\/spazio-news.it\/?p=801\",\"url\":\"https:\/\/spazio-news.it\/?p=801\",\"name\":\"DIFESA, LIBIA: AUDIZIONE DEL MINISTRO TRENTA &#187; Spazio-News Magazine\",\"isPartOf\":{\"@id\":\"http:\/\/spazio-news.it\/#website\"},\"datePublished\":\"2018-09-10T09:16:30+00:00\",\"dateModified\":\"2019-05-27T19:06:53+00:00\",\"description\":\"Il Ministro della Difesa, Elisabetta Trenta, insieme con il Ministero degli Affari Esteri e della Cooperazione Internazionale, Enzo Moavero Milanesi, ha\",\"breadcrumb\":{\"@id\":\"https:\/\/spazio-news.it\/?p=801#breadcrumb\"},\"inLanguage\":\"it-IT\",\"potentialAction\":[{\"@type\":\"ReadAction\",\"target\":[\"https:\/\/spazio-news.it\/?p=801\"]}]},{\"@type\":\"BreadcrumbList\",\"@id\":\"https:\/\/spazio-news.it\/?p=801#breadcrumb\",\"itemListElement\":[{\"@type\":\"ListItem\",\"position\":1,\"name\":\"Home\",\"item\":\"http:\/\/spazio-news.it\/\"},{\"@type\":\"ListItem\",\"position\":2,\"name\":\"DIFESA, LIBIA: AUDIZIONE DEL MINISTRO TRENTA\"}]},{\"@type\":\"WebSite\",\"@id\":\"http:\/\/spazio-news.it\/#website\",\"url\":\"http:\/\/spazio-news.it\/\",\"name\":\"Spazio-News Magazine\",\"description\":\"La guida che sfida la complessit\u00e0 del mondo industriale\",\"publisher\":{\"@id\":\"http:\/\/spazio-news.it\/#organization\"},\"alternateName\":\"Spazio-news.it\",\"potentialAction\":[{\"@type\":\"SearchAction\",\"target\":{\"@type\":\"EntryPoint\",\"urlTemplate\":\"http:\/\/spazio-news.it\/?s={search_term_string}\"},\"query-input\":{\"@type\":\"PropertyValueSpecification\",\"valueRequired\":true,\"valueName\":\"search_term_string\"}}],\"inLanguage\":\"it-IT\"},{\"@type\":\"Organization\",\"@id\":\"http:\/\/spazio-news.it\/#organization\",\"name\":\"Spazio-News Magazine\",\"url\":\"http:\/\/spazio-news.it\/\",\"logo\":{\"@type\":\"ImageObject\",\"inLanguage\":\"it-IT\",\"@id\":\"http:\/\/spazio-news.it\/#\/schema\/logo\/image\/\",\"url\":\"http:\/\/spazio-news.it\/wp-content\/uploads\/2023\/09\/Logo-Spazio-News-512-x-512-NO-testo.jpg\",\"contentUrl\":\"http:\/\/spazio-news.it\/wp-content\/uploads\/2023\/09\/Logo-Spazio-News-512-x-512-NO-testo.jpg\",\"width\":512,\"height\":512,\"caption\":\"Spazio-News Magazine\"},\"image\":{\"@id\":\"http:\/\/spazio-news.it\/#\/schema\/logo\/image\/\"},\"sameAs\":[\"https:\/\/m.facebook.com\/spazio-news-magazine\",\"https:\/\/x.com\/News_spazio\"]},{\"@type\":\"Person\",\"@id\":\"http:\/\/spazio-news.it\/#\/schema\/person\/c600904e882e9e166ed8e5e3773d37b3\",\"name\":\"Redazione\",\"sameAs\":[\"http:\/\/spazio-news.it\",\"@SpazioNewsMagazine\",\"https:\/\/x.com\/@news_spazio\"],\"url\":\"http:\/\/spazio-news.it\/?author=1\"}]}<\/script>\n<!-- \/ Yoast SEO plugin. -->","yoast_head_json":{"title":"DIFESA, LIBIA: AUDIZIONE DEL MINISTRO TRENTA &#187; Spazio-News Magazine","description":"Il Ministro della Difesa, Elisabetta Trenta, insieme con il Ministero degli Affari Esteri e della Cooperazione Internazionale, Enzo Moavero Milanesi, ha","robots":{"index":"index","follow":"follow","max-snippet":"max-snippet:-1","max-image-preview":"max-image-preview:large","max-video-preview":"max-video-preview:-1"},"canonical":"https:\/\/spazio-news.it\/?p=801","og_locale":"it_IT","og_type":"article","og_title":"DIFESA, LIBIA: AUDIZIONE DEL MINISTRO TRENTA &#187; Spazio-News Magazine","og_description":"Il Ministro della Difesa, Elisabetta Trenta, insieme con il Ministero degli Affari Esteri e della Cooperazione Internazionale, Enzo Moavero Milanesi, ha","og_url":"https:\/\/spazio-news.it\/?p=801","og_site_name":"Spazio-News Magazine","article_publisher":"https:\/\/m.facebook.com\/spazio-news-magazine","article_author":"@SpazioNewsMagazine","article_published_time":"2018-09-10T09:16:30+00:00","article_modified_time":"2019-05-27T19:06:53+00:00","og_image":[{"width":1280,"height":720,"url":"http:\/\/spazio-news.it\/wp-content\/uploads\/2023\/09\/Spazio-News-Magazine-Logo-IT-Senza-scritta.png","type":"image\/png"}],"author":"Redazione","twitter_card":"summary_large_image","twitter_creator":"@news_spazio","twitter_site":"@News_spazio","twitter_misc":{"Scritto da":"Redazione","Tempo di lettura stimato":"4 minuti"},"schema":{"@context":"https:\/\/schema.org","@graph":[{"@type":"NewsArticle","@id":"https:\/\/spazio-news.it\/?p=801#article","isPartOf":{"@id":"https:\/\/spazio-news.it\/?p=801"},"author":{"name":"Redazione","@id":"http:\/\/spazio-news.it\/#\/schema\/person\/c600904e882e9e166ed8e5e3773d37b3"},"headline":"DIFESA, LIBIA: AUDIZIONE DEL MINISTRO TRENTA","datePublished":"2018-09-10T09:16:30+00:00","dateModified":"2019-05-27T19:06:53+00:00","mainEntityOfPage":{"@id":"https:\/\/spazio-news.it\/?p=801"},"wordCount":751,"publisher":{"@id":"http:\/\/spazio-news.it\/#organization"},"keywords":["al Serraj","Camera","difesa","Elisabetta Trenta","Enzo Moavero Milanesi","Libia","migrazione","Ministero dell\u2019Economia e delle Finanze - MEF","Ministero della Difesa","ONU","Senato"],"articleSection":["01 - PRIMA PAGINA","03 - ISTITUZIONI"],"inLanguage":"it-IT"},{"@type":"WebPage","@id":"https:\/\/spazio-news.it\/?p=801","url":"https:\/\/spazio-news.it\/?p=801","name":"DIFESA, LIBIA: AUDIZIONE DEL MINISTRO TRENTA &#187; Spazio-News Magazine","isPartOf":{"@id":"http:\/\/spazio-news.it\/#website"},"datePublished":"2018-09-10T09:16:30+00:00","dateModified":"2019-05-27T19:06:53+00:00","description":"Il Ministro della Difesa, Elisabetta Trenta, insieme con il Ministero degli Affari Esteri e della Cooperazione Internazionale, Enzo Moavero Milanesi, ha","breadcrumb":{"@id":"https:\/\/spazio-news.it\/?p=801#breadcrumb"},"inLanguage":"it-IT","potentialAction":[{"@type":"ReadAction","target":["https:\/\/spazio-news.it\/?p=801"]}]},{"@type":"BreadcrumbList","@id":"https:\/\/spazio-news.it\/?p=801#breadcrumb","itemListElement":[{"@type":"ListItem","position":1,"name":"Home","item":"http:\/\/spazio-news.it\/"},{"@type":"ListItem","position":2,"name":"DIFESA, LIBIA: AUDIZIONE DEL MINISTRO TRENTA"}]},{"@type":"WebSite","@id":"http:\/\/spazio-news.it\/#website","url":"http:\/\/spazio-news.it\/","name":"Spazio-News Magazine","description":"La guida che sfida la complessit\u00e0 del mondo industriale","publisher":{"@id":"http:\/\/spazio-news.it\/#organization"},"alternateName":"Spazio-news.it","potentialAction":[{"@type":"SearchAction","target":{"@type":"EntryPoint","urlTemplate":"http:\/\/spazio-news.it\/?s={search_term_string}"},"query-input":{"@type":"PropertyValueSpecification","valueRequired":true,"valueName":"search_term_string"}}],"inLanguage":"it-IT"},{"@type":"Organization","@id":"http:\/\/spazio-news.it\/#organization","name":"Spazio-News Magazine","url":"http:\/\/spazio-news.it\/","logo":{"@type":"ImageObject","inLanguage":"it-IT","@id":"http:\/\/spazio-news.it\/#\/schema\/logo\/image\/","url":"http:\/\/spazio-news.it\/wp-content\/uploads\/2023\/09\/Logo-Spazio-News-512-x-512-NO-testo.jpg","contentUrl":"http:\/\/spazio-news.it\/wp-content\/uploads\/2023\/09\/Logo-Spazio-News-512-x-512-NO-testo.jpg","width":512,"height":512,"caption":"Spazio-News Magazine"},"image":{"@id":"http:\/\/spazio-news.it\/#\/schema\/logo\/image\/"},"sameAs":["https:\/\/m.facebook.com\/spazio-news-magazine","https:\/\/x.com\/News_spazio"]},{"@type":"Person","@id":"http:\/\/spazio-news.it\/#\/schema\/person\/c600904e882e9e166ed8e5e3773d37b3","name":"Redazione","sameAs":["http:\/\/spazio-news.it","@SpazioNewsMagazine","https:\/\/x.com\/@news_spazio"],"url":"http:\/\/spazio-news.it\/?author=1"}]}},"_links":{"self":[{"href":"http:\/\/spazio-news.it\/index.php?rest_route=\/wp\/v2\/posts\/801","targetHints":{"allow":["GET"]}}],"collection":[{"href":"http:\/\/spazio-news.it\/index.php?rest_route=\/wp\/v2\/posts"}],"about":[{"href":"http:\/\/spazio-news.it\/index.php?rest_route=\/wp\/v2\/types\/post"}],"author":[{"embeddable":true,"href":"http:\/\/spazio-news.it\/index.php?rest_route=\/wp\/v2\/users\/1"}],"replies":[{"embeddable":true,"href":"http:\/\/spazio-news.it\/index.php?rest_route=%2Fwp%2Fv2%2Fcomments&post=801"}],"version-history":[{"count":8,"href":"http:\/\/spazio-news.it\/index.php?rest_route=\/wp\/v2\/posts\/801\/revisions"}],"predecessor-version":[{"id":4556,"href":"http:\/\/spazio-news.it\/index.php?rest_route=\/wp\/v2\/posts\/801\/revisions\/4556"}],"wp:attachment":[{"href":"http:\/\/spazio-news.it\/index.php?rest_route=%2Fwp%2Fv2%2Fmedia&parent=801"}],"wp:term":[{"taxonomy":"category","embeddable":true,"href":"http:\/\/spazio-news.it\/index.php?rest_route=%2Fwp%2Fv2%2Fcategories&post=801"},{"taxonomy":"post_tag","embeddable":true,"href":"http:\/\/spazio-news.it\/index.php?rest_route=%2Fwp%2Fv2%2Ftags&post=801"}],"curies":[{"name":"wp","href":"https:\/\/api.w.org\/{rel}","templated":true}]}}