{"id":806,"date":"2018-09-10T10:29:16","date_gmt":"2018-09-10T10:29:16","guid":{"rendered":"http:\/\/spazio-news.it\/?p=806"},"modified":"2018-09-09T13:07:58","modified_gmt":"2018-09-09T13:07:58","slug":"forum-ambrosetti-enel-presenta-l-electrify-2030","status":"publish","type":"post","link":"http:\/\/spazio-news.it\/?p=806","title":{"rendered":"FORUM, AMBROSETTI: ENEL PRESENTA L&#8217;ELECTRIFY 2030"},"content":{"rendered":"<p>L\u2019<strong>elettricit\u00e0<\/strong> rappresenta il vettore energetico del futuro, in quanto fattore abilitante di <strong>sostenibilit\u00e0<\/strong>, <strong>resilienza<\/strong> e <strong>sviluppo economico<\/strong> per il Paese.<\/p>\n<p>La sua importanza non deriva solo dal ruolo determinante che svolge nella riduzione delle <strong>emissioni di CO2<\/strong> e nella mitigazione dell\u2019impatto complessivo delle attivit\u00e0 umane sull\u2019<strong>ambiente<\/strong>, ma anche dalla sua capacit\u00e0 di fare da volano per l\u2019<strong>innovazione<\/strong>, l\u2019<strong>efficienza industriale <\/strong>e la creazione di nuova <strong>occupazione<\/strong>.<\/p>\n<p>E\u2019 quanto emerge dallo studio <strong>Electrify 2030<\/strong>, realizzato da <a href=\"https:\/\/www.ambrosetti.eu\/\">The European House &#8211; Ambrosetti<\/a> in collaborazione con <a href=\"https:\/\/corporate.enel.it\/\">Enel<\/a> e presentato nell\u2019ambito della 44esima edizione del <b>Forum The European House \u2013 Ambrosetti.<\/b><\/p>\n<p>\u201c<em>Il settore energetico vive un periodo di profonda trasformazione, influenzato dal progresso tecnologico che sta rivoluzionando il modo in cui produciamo, distribuiamo e consumiamo energia\u201d- \u00a0<\/em>ha commentato Francesco Starace, amministratore delegato di Enel &#8211;<em>. Il calo del costo delle energie rinnovabili ha come prima conseguenza la riduzione del prezzo dell\u2019elettricit\u00e0 che, sempre pi\u00f9 sostenibile ed economica, \u00e8 destinata a diventare la principale fonte di energia nei consumi finali. A fronte di una generazione sempre pi\u00f9 rinnovabile, la progressiva penetrazione del vettore elettrico permetter\u00e0 non solo di decarbonizzare i settori pi\u00f9 inquinanti dell\u2019economia, ma anche di utilizzare al meglio le risorse a nostra disposizione<\/em>\u201d.<\/p>\n<p>\u201c<em>Gli ultimi dati sui cambiamenti climatici e sulle emissioni di gas serra nel mondo dimostrano che il paradigma energetico tradizionale, basato sulla produzione di energia solo da fonti fossili, non \u00e8 pi\u00f9 perseguibile. In questo contesto, il vettore elettrico ha le potenzialit\u00e0 per diventare il vettore energetico del futuro &#8211;<\/em> afferma Valerio De Molli, Managing Partner &amp; CEO di The European House \u2013 Ambrosetti. <em>L\u2019elettrificazione rappresenta soprattutto un\u2019opportunit\u00e0 industriale senza precedenti, con l\u2019attivazione di nuove filiere industriali, la creazione di nuovi posti di lavoro e lo stimolo agli investimenti. I nostri consulenti hanno stimato che la mobilit\u00e0 elettrica nel suo complesso potrebbe attivare un fatturato cumulato compreso tra 102,4 e 456,6 miliardi di euro al 2030 in Italia. Con riferimento invece alle tecnologie di elettrificazione, le nostre simulazioni prevedono che l\u2019adozione delle tecnologie elettriche possa attivare un fatturato complessivo da un minimo di 135 miliardi di euro ad un massimo di 326,5 miliardi di euro per il Paese al 2030<\/em>\u201d.<\/p>\n<p>La ricerca \u00e8 stata realizzata da <strong>Enel X<\/strong> e <strong>Fondazione Centro Studi Enel<\/strong> che, in qualit\u00e0 di partner scientifico, ha contribuito alla definizione degli scenari elaborati e delle proposte operative per la diffusione del vettore elettrico. L\u2019analisi parte dai dati relativi alle emissioni di <strong>gas serra<\/strong>, costantemente cresciute a livello globale fino a toccare, nel <strong>2016<\/strong>, i <strong>58.710 milioni di tonnellate di CO2<\/strong>, pari a un incremento del <strong>62%<\/strong> rispetto al <strong>1990<\/strong>. La risposta a uno scenario di questo genere, che impone come priorit\u00e0 all\u2019agenda mondiale un\u2019accelerazione del processo di <strong>decarbonizzazione<\/strong>, va ricercata &#8211; spiega lo studio &#8211; nel vettore elettrico. Per almeno cinque ragioni. Innanzitutto, l\u2019elettricit\u00e0, se generata da un mix bilanciato con una quota rilevante di rinnovabili, permette di ridurre le emissioni di CO2; rafforza la resilienza del sistema energetico; promuove una maggiore efficienza energetica; si integra facilmente con la digitalizzazione, agevolando una migliore gestione dei consumi; infine, stimola l\u2019innovazione e la sostenibilit\u00e0 degli stili di vita e dei processi industriali, assicurando prodotti migliori.<\/p>\n<p>L\u2019evoluzione \u00e8 in atto, sottolinea lo studio, ma va rafforzata. Tra il <strong>1990 e il 2016 l\u2019elettrificazione \u00e8 aumentata a livello europeo (dal 17% al 22%) e italiano (dal 17% al 21%) <\/strong>e molti scenari delineano un ulteriore potenziale raggiungibile nel <strong>2030<\/strong>, quantificato in un aumento compreso tra <strong>3 e 9 punti<\/strong> percentuali sia per l\u2019Europa, sia per l\u2019Italia. A livello nazionale, la crescita relativamente pi\u00f9 elevata \u00e8 prevista nel settore dei trasporti, con proiezioni di rialzo dall\u2019attuale 2% ad un <em>range<\/em> compreso tra il 5% e l\u20198%. Si stima un aumento notevole \u2013 dal 26% al 32%-34% \u2013 anche per l\u2019elettrificazione degli edifici. Infine, il settore industriale ha un potenziale stimato in 2-4 punti aggiuntivi, a partire dalla quota attuale del 35%.<\/p>\n<p>La <strong>e-Mobility<\/strong>. Quello dei trasporti \u00e8, dunque, il settore italiano dalle maggiori prospettive. Se si tiene conto della filiera allargata della e-Mobility, si arriva a individuare circa <strong>160.000 imprese<\/strong> potenzialmente coinvolte, con oltre <strong>820.000 occupati<\/strong> e un fatturato complessivo, ad <strong>oggi<\/strong>, di oltre <strong>420 miliardi<\/strong> di euro. Lo studio stima anche i benefici economici raggiungibili in Italia al <strong>2030<\/strong>: in questo caso, si arriva a un fatturato addizionale compreso tra <strong>102,4 e 456,6 miliardi di euro<\/strong>.<\/p>\n<p>Sei le tecnologie di elettrificazione su cui puntare per i segmenti Edifici e Industria. Per identificare le pi\u00f9 promettenti, l\u2019analisi sviluppa un modello che ne individua oltre <strong>60<\/strong> capaci di generare una notevole <strong>ricaduta economica<\/strong>. In Italia, la filiera industriale complessiva \u00e8 infatti potenzialmente costituita da circa <strong>17.000 imprese<\/strong> con oltre <strong>320.000 dipendenti<\/strong> e un fatturato pari a circa <strong>80 miliardi di euro<\/strong>. In particolare, rivela la ricerca, le tecnologie chiave sono: le pompe di calore; le luci a LED; i sistemi elettrochimici di accumulo; il motore elettrico; l\u2019elettronica di potenza; i sistemi di gestione dell\u2019energia, in grado di generare ricavi complessivi tra <strong>135 e 326,5 miliardi di euro<\/strong>.<\/p>\n<p>La strategia. Lo stimolo derivante dal processo di elettrificazione, conclude l\u2019analisi, richiede per\u00f2 un\u2019azione trasversale per ottenere tutti i benefici e le opportunit\u00e0 attivabili. Nel dettaglio, occorre focalizzarsi sulle seguenti aree: la diffusione della mobilit\u00e0 elettrica, la promozione dell\u2019efficienza energetica, il rafforzamento della collaborazione tra imprese e ricerca, il potenziamento delle competenze nazionali per le tecnologie elettriche di frontiera, la diffusione della consapevolezza relativa ai benefici dell\u2019elettrificazione.<\/p>\n<p>Il <strong>Gestore del Sistema di Distribuzione &#8211; GSD<\/strong> pu\u00f2 fungere da fattore abilitante, sostenendo lo sviluppo tecnologico e l\u2019investimento associato. Dal punto di vista legislativo e regolamentare si dovrebbe quindi incentivare adeguatamente l\u2019investimento di cui il GSD necessita per la propria rete, sia in termini di digitalizzazione che di rinnovo, impegnandosi a gestire l\u2019integrazione sempre crescente di rinnovabili, la diffusione di un\u2019estesa rete di infrastruttura di ricarica per i veicoli elettrici e una maggior quota di elettricit\u00e0 sul consumo energetico finale. Inoltre, \u00e8 necessario definire regole e responsabilit\u00e0 dei vari operatori di rete (GST e GSD), in linea con l\u2019attuale quadro normativo europeo.<\/p>\n","protected":false},"excerpt":{"rendered":"<p>L\u2019elettricit\u00e0 rappresenta il vettore energetico del futuro, in quanto fattore abilitante di sostenibilit\u00e0, resilienza e sviluppo economico per il Paese.<\/p>\n","protected":false},"author":1,"featured_media":807,"comment_status":"closed","ping_status":"open","sticky":false,"template":"","format":"standard","meta":{"colormag_page_container_layout":"default_layout","colormag_page_sidebar_layout":"default_layout","footnotes":""},"categories":[32,5],"tags":[633,635,636,634,638,113,637],"class_list":["post-806","post","type-post","status-publish","format-standard","has-post-thumbnail","hentry","category-prima-pagina","category-ricerca-innovazione","tag-cernobbio","tag-electrify-2030","tag-elettricita","tag-enel","tag-forum-the-european-house-ambrosetti","tag-ricerca","tag-studio"],"yoast_head":"<!-- This site is optimized with the Yoast SEO plugin v26.8 - https:\/\/yoast.com\/product\/yoast-seo-wordpress\/ -->\n<title>FORUM AMBROSETTI: ENEL PRESENTA L&#039;ELECTRIFY 2030<\/title>\n<meta name=\"description\" content=\"L\u2019elettricit\u00e0 \u00e8 il vettore energetico del futuro, in quanto fattore di sostenibilit\u00e0 e sviluppo economico per il Paese. E\u2019 quanto emerge dall&#039;Electrify 2030\" \/>\n<meta name=\"robots\" content=\"index, follow, max-snippet:-1, max-image-preview:large, max-video-preview:-1\" \/>\n<link rel=\"canonical\" href=\"http:\/\/spazio-news.it\/?p=806\" \/>\n<meta property=\"og:locale\" content=\"it_IT\" \/>\n<meta property=\"og:type\" content=\"article\" \/>\n<meta property=\"og:title\" content=\"FORUM AMBROSETTI: ENEL PRESENTA L&#039;ELECTRIFY 2030\" \/>\n<meta property=\"og:description\" content=\"L\u2019elettricit\u00e0 \u00e8 il vettore energetico del futuro, in quanto fattore di sostenibilit\u00e0 e sviluppo economico per il Paese. E\u2019 quanto emerge dall&#039;Electrify 2030\" \/>\n<meta property=\"og:url\" content=\"http:\/\/spazio-news.it\/?p=806\" \/>\n<meta property=\"og:site_name\" content=\"Spazio-News Magazine\" \/>\n<meta property=\"article:publisher\" content=\"https:\/\/m.facebook.com\/spazio-news-magazine\" \/>\n<meta property=\"article:author\" content=\"@SpazioNewsMagazine\" \/>\n<meta property=\"article:published_time\" content=\"2018-09-10T10:29:16+00:00\" \/>\n<meta property=\"og:image\" content=\"http:\/\/spazio-news.it\/wp-content\/uploads\/2018\/09\/Cernobbio-2018-Spazio-News.it_.jpg\" \/>\n\t<meta property=\"og:image:width\" content=\"800\" \/>\n\t<meta property=\"og:image:height\" content=\"445\" \/>\n\t<meta property=\"og:image:type\" content=\"image\/jpeg\" \/>\n<meta name=\"author\" content=\"Redazione\" \/>\n<meta name=\"twitter:card\" content=\"summary_large_image\" \/>\n<meta name=\"twitter:creator\" content=\"@news_spazio\" \/>\n<meta name=\"twitter:site\" content=\"@News_spazio\" \/>\n<meta name=\"twitter:label1\" content=\"Scritto da\" \/>\n\t<meta name=\"twitter:data1\" content=\"Redazione\" \/>\n\t<meta name=\"twitter:label2\" content=\"Tempo di lettura stimato\" \/>\n\t<meta name=\"twitter:data2\" content=\"5 minuti\" \/>\n<script type=\"application\/ld+json\" class=\"yoast-schema-graph\">{\"@context\":\"https:\/\/schema.org\",\"@graph\":[{\"@type\":\"NewsArticle\",\"@id\":\"http:\/\/spazio-news.it\/?p=806#article\",\"isPartOf\":{\"@id\":\"http:\/\/spazio-news.it\/?p=806\"},\"author\":{\"name\":\"Redazione\",\"@id\":\"http:\/\/spazio-news.it\/#\/schema\/person\/c600904e882e9e166ed8e5e3773d37b3\"},\"headline\":\"FORUM, AMBROSETTI: ENEL PRESENTA L&#8217;ELECTRIFY 2030\",\"datePublished\":\"2018-09-10T10:29:16+00:00\",\"mainEntityOfPage\":{\"@id\":\"http:\/\/spazio-news.it\/?p=806\"},\"wordCount\":996,\"publisher\":{\"@id\":\"http:\/\/spazio-news.it\/#organization\"},\"image\":{\"@id\":\"http:\/\/spazio-news.it\/?p=806#primaryimage\"},\"thumbnailUrl\":\"http:\/\/spazio-news.it\/wp-content\/uploads\/2018\/09\/Cernobbio-2018-Spazio-News.it_.jpg\",\"keywords\":[\"Cernobbio\",\"Electrify 2030\",\"elettricit\u00e0\",\"Enel\",\"Forum The European House Ambrosetti\",\"ricerca\",\"studio\"],\"articleSection\":[\"01 - PRIMA PAGINA\",\"05 - RICERCA &amp; INNOVAZIONE\"],\"inLanguage\":\"it-IT\"},{\"@type\":\"WebPage\",\"@id\":\"http:\/\/spazio-news.it\/?p=806\",\"url\":\"http:\/\/spazio-news.it\/?p=806\",\"name\":\"FORUM AMBROSETTI: ENEL PRESENTA L'ELECTRIFY 2030\",\"isPartOf\":{\"@id\":\"http:\/\/spazio-news.it\/#website\"},\"primaryImageOfPage\":{\"@id\":\"http:\/\/spazio-news.it\/?p=806#primaryimage\"},\"image\":{\"@id\":\"http:\/\/spazio-news.it\/?p=806#primaryimage\"},\"thumbnailUrl\":\"http:\/\/spazio-news.it\/wp-content\/uploads\/2018\/09\/Cernobbio-2018-Spazio-News.it_.jpg\",\"datePublished\":\"2018-09-10T10:29:16+00:00\",\"description\":\"L\u2019elettricit\u00e0 \u00e8 il vettore energetico del futuro, in quanto fattore di sostenibilit\u00e0 e sviluppo economico per il Paese. E\u2019 quanto emerge dall'Electrify 2030\",\"breadcrumb\":{\"@id\":\"http:\/\/spazio-news.it\/?p=806#breadcrumb\"},\"inLanguage\":\"it-IT\",\"potentialAction\":[{\"@type\":\"ReadAction\",\"target\":[\"http:\/\/spazio-news.it\/?p=806\"]}]},{\"@type\":\"ImageObject\",\"inLanguage\":\"it-IT\",\"@id\":\"http:\/\/spazio-news.it\/?p=806#primaryimage\",\"url\":\"http:\/\/spazio-news.it\/wp-content\/uploads\/2018\/09\/Cernobbio-2018-Spazio-News.it_.jpg\",\"contentUrl\":\"http:\/\/spazio-news.it\/wp-content\/uploads\/2018\/09\/Cernobbio-2018-Spazio-News.it_.jpg\",\"width\":800,\"height\":445,\"caption\":\"Cernobbio 2018 Spazio-News.it\"},{\"@type\":\"BreadcrumbList\",\"@id\":\"http:\/\/spazio-news.it\/?p=806#breadcrumb\",\"itemListElement\":[{\"@type\":\"ListItem\",\"position\":1,\"name\":\"Home\",\"item\":\"http:\/\/spazio-news.it\/\"},{\"@type\":\"ListItem\",\"position\":2,\"name\":\"FORUM, AMBROSETTI: ENEL PRESENTA L&#8217;ELECTRIFY 2030\"}]},{\"@type\":\"WebSite\",\"@id\":\"http:\/\/spazio-news.it\/#website\",\"url\":\"http:\/\/spazio-news.it\/\",\"name\":\"Spazio-News Magazine\",\"description\":\"La guida che sfida la complessit\u00e0 del mondo industriale\",\"publisher\":{\"@id\":\"http:\/\/spazio-news.it\/#organization\"},\"alternateName\":\"Spazio-news.it\",\"potentialAction\":[{\"@type\":\"SearchAction\",\"target\":{\"@type\":\"EntryPoint\",\"urlTemplate\":\"http:\/\/spazio-news.it\/?s={search_term_string}\"},\"query-input\":{\"@type\":\"PropertyValueSpecification\",\"valueRequired\":true,\"valueName\":\"search_term_string\"}}],\"inLanguage\":\"it-IT\"},{\"@type\":\"Organization\",\"@id\":\"http:\/\/spazio-news.it\/#organization\",\"name\":\"Spazio-News Magazine\",\"url\":\"http:\/\/spazio-news.it\/\",\"logo\":{\"@type\":\"ImageObject\",\"inLanguage\":\"it-IT\",\"@id\":\"http:\/\/spazio-news.it\/#\/schema\/logo\/image\/\",\"url\":\"http:\/\/spazio-news.it\/wp-content\/uploads\/2023\/09\/Logo-Spazio-News-512-x-512-NO-testo.jpg\",\"contentUrl\":\"http:\/\/spazio-news.it\/wp-content\/uploads\/2023\/09\/Logo-Spazio-News-512-x-512-NO-testo.jpg\",\"width\":512,\"height\":512,\"caption\":\"Spazio-News Magazine\"},\"image\":{\"@id\":\"http:\/\/spazio-news.it\/#\/schema\/logo\/image\/\"},\"sameAs\":[\"https:\/\/m.facebook.com\/spazio-news-magazine\",\"https:\/\/x.com\/News_spazio\"]},{\"@type\":\"Person\",\"@id\":\"http:\/\/spazio-news.it\/#\/schema\/person\/c600904e882e9e166ed8e5e3773d37b3\",\"name\":\"Redazione\",\"sameAs\":[\"http:\/\/spazio-news.it\",\"@SpazioNewsMagazine\",\"https:\/\/x.com\/@news_spazio\"],\"url\":\"http:\/\/spazio-news.it\/?author=1\"}]}<\/script>\n<!-- \/ Yoast SEO plugin. -->","yoast_head_json":{"title":"FORUM AMBROSETTI: ENEL PRESENTA L'ELECTRIFY 2030","description":"L\u2019elettricit\u00e0 \u00e8 il vettore energetico del futuro, in quanto fattore di sostenibilit\u00e0 e sviluppo economico per il Paese. E\u2019 quanto emerge dall'Electrify 2030","robots":{"index":"index","follow":"follow","max-snippet":"max-snippet:-1","max-image-preview":"max-image-preview:large","max-video-preview":"max-video-preview:-1"},"canonical":"http:\/\/spazio-news.it\/?p=806","og_locale":"it_IT","og_type":"article","og_title":"FORUM AMBROSETTI: ENEL PRESENTA L'ELECTRIFY 2030","og_description":"L\u2019elettricit\u00e0 \u00e8 il vettore energetico del futuro, in quanto fattore di sostenibilit\u00e0 e sviluppo economico per il Paese. E\u2019 quanto emerge dall'Electrify 2030","og_url":"http:\/\/spazio-news.it\/?p=806","og_site_name":"Spazio-News Magazine","article_publisher":"https:\/\/m.facebook.com\/spazio-news-magazine","article_author":"@SpazioNewsMagazine","article_published_time":"2018-09-10T10:29:16+00:00","og_image":[{"width":800,"height":445,"url":"http:\/\/spazio-news.it\/wp-content\/uploads\/2018\/09\/Cernobbio-2018-Spazio-News.it_.jpg","type":"image\/jpeg"}],"author":"Redazione","twitter_card":"summary_large_image","twitter_creator":"@news_spazio","twitter_site":"@News_spazio","twitter_misc":{"Scritto da":"Redazione","Tempo di lettura stimato":"5 minuti"},"schema":{"@context":"https:\/\/schema.org","@graph":[{"@type":"NewsArticle","@id":"http:\/\/spazio-news.it\/?p=806#article","isPartOf":{"@id":"http:\/\/spazio-news.it\/?p=806"},"author":{"name":"Redazione","@id":"http:\/\/spazio-news.it\/#\/schema\/person\/c600904e882e9e166ed8e5e3773d37b3"},"headline":"FORUM, AMBROSETTI: ENEL PRESENTA L&#8217;ELECTRIFY 2030","datePublished":"2018-09-10T10:29:16+00:00","mainEntityOfPage":{"@id":"http:\/\/spazio-news.it\/?p=806"},"wordCount":996,"publisher":{"@id":"http:\/\/spazio-news.it\/#organization"},"image":{"@id":"http:\/\/spazio-news.it\/?p=806#primaryimage"},"thumbnailUrl":"http:\/\/spazio-news.it\/wp-content\/uploads\/2018\/09\/Cernobbio-2018-Spazio-News.it_.jpg","keywords":["Cernobbio","Electrify 2030","elettricit\u00e0","Enel","Forum The European House Ambrosetti","ricerca","studio"],"articleSection":["01 - PRIMA PAGINA","05 - RICERCA &amp; INNOVAZIONE"],"inLanguage":"it-IT"},{"@type":"WebPage","@id":"http:\/\/spazio-news.it\/?p=806","url":"http:\/\/spazio-news.it\/?p=806","name":"FORUM AMBROSETTI: ENEL PRESENTA L'ELECTRIFY 2030","isPartOf":{"@id":"http:\/\/spazio-news.it\/#website"},"primaryImageOfPage":{"@id":"http:\/\/spazio-news.it\/?p=806#primaryimage"},"image":{"@id":"http:\/\/spazio-news.it\/?p=806#primaryimage"},"thumbnailUrl":"http:\/\/spazio-news.it\/wp-content\/uploads\/2018\/09\/Cernobbio-2018-Spazio-News.it_.jpg","datePublished":"2018-09-10T10:29:16+00:00","description":"L\u2019elettricit\u00e0 \u00e8 il vettore energetico del futuro, in quanto fattore di sostenibilit\u00e0 e sviluppo economico per il Paese. E\u2019 quanto emerge dall'Electrify 2030","breadcrumb":{"@id":"http:\/\/spazio-news.it\/?p=806#breadcrumb"},"inLanguage":"it-IT","potentialAction":[{"@type":"ReadAction","target":["http:\/\/spazio-news.it\/?p=806"]}]},{"@type":"ImageObject","inLanguage":"it-IT","@id":"http:\/\/spazio-news.it\/?p=806#primaryimage","url":"http:\/\/spazio-news.it\/wp-content\/uploads\/2018\/09\/Cernobbio-2018-Spazio-News.it_.jpg","contentUrl":"http:\/\/spazio-news.it\/wp-content\/uploads\/2018\/09\/Cernobbio-2018-Spazio-News.it_.jpg","width":800,"height":445,"caption":"Cernobbio 2018 Spazio-News.it"},{"@type":"BreadcrumbList","@id":"http:\/\/spazio-news.it\/?p=806#breadcrumb","itemListElement":[{"@type":"ListItem","position":1,"name":"Home","item":"http:\/\/spazio-news.it\/"},{"@type":"ListItem","position":2,"name":"FORUM, AMBROSETTI: ENEL PRESENTA L&#8217;ELECTRIFY 2030"}]},{"@type":"WebSite","@id":"http:\/\/spazio-news.it\/#website","url":"http:\/\/spazio-news.it\/","name":"Spazio-News Magazine","description":"La guida che sfida la complessit\u00e0 del mondo industriale","publisher":{"@id":"http:\/\/spazio-news.it\/#organization"},"alternateName":"Spazio-news.it","potentialAction":[{"@type":"SearchAction","target":{"@type":"EntryPoint","urlTemplate":"http:\/\/spazio-news.it\/?s={search_term_string}"},"query-input":{"@type":"PropertyValueSpecification","valueRequired":true,"valueName":"search_term_string"}}],"inLanguage":"it-IT"},{"@type":"Organization","@id":"http:\/\/spazio-news.it\/#organization","name":"Spazio-News Magazine","url":"http:\/\/spazio-news.it\/","logo":{"@type":"ImageObject","inLanguage":"it-IT","@id":"http:\/\/spazio-news.it\/#\/schema\/logo\/image\/","url":"http:\/\/spazio-news.it\/wp-content\/uploads\/2023\/09\/Logo-Spazio-News-512-x-512-NO-testo.jpg","contentUrl":"http:\/\/spazio-news.it\/wp-content\/uploads\/2023\/09\/Logo-Spazio-News-512-x-512-NO-testo.jpg","width":512,"height":512,"caption":"Spazio-News Magazine"},"image":{"@id":"http:\/\/spazio-news.it\/#\/schema\/logo\/image\/"},"sameAs":["https:\/\/m.facebook.com\/spazio-news-magazine","https:\/\/x.com\/News_spazio"]},{"@type":"Person","@id":"http:\/\/spazio-news.it\/#\/schema\/person\/c600904e882e9e166ed8e5e3773d37b3","name":"Redazione","sameAs":["http:\/\/spazio-news.it","@SpazioNewsMagazine","https:\/\/x.com\/@news_spazio"],"url":"http:\/\/spazio-news.it\/?author=1"}]}},"_links":{"self":[{"href":"http:\/\/spazio-news.it\/index.php?rest_route=\/wp\/v2\/posts\/806","targetHints":{"allow":["GET"]}}],"collection":[{"href":"http:\/\/spazio-news.it\/index.php?rest_route=\/wp\/v2\/posts"}],"about":[{"href":"http:\/\/spazio-news.it\/index.php?rest_route=\/wp\/v2\/types\/post"}],"author":[{"embeddable":true,"href":"http:\/\/spazio-news.it\/index.php?rest_route=\/wp\/v2\/users\/1"}],"replies":[{"embeddable":true,"href":"http:\/\/spazio-news.it\/index.php?rest_route=%2Fwp%2Fv2%2Fcomments&post=806"}],"version-history":[{"count":4,"href":"http:\/\/spazio-news.it\/index.php?rest_route=\/wp\/v2\/posts\/806\/revisions"}],"predecessor-version":[{"id":811,"href":"http:\/\/spazio-news.it\/index.php?rest_route=\/wp\/v2\/posts\/806\/revisions\/811"}],"wp:featuredmedia":[{"embeddable":true,"href":"http:\/\/spazio-news.it\/index.php?rest_route=\/wp\/v2\/media\/807"}],"wp:attachment":[{"href":"http:\/\/spazio-news.it\/index.php?rest_route=%2Fwp%2Fv2%2Fmedia&parent=806"}],"wp:term":[{"taxonomy":"category","embeddable":true,"href":"http:\/\/spazio-news.it\/index.php?rest_route=%2Fwp%2Fv2%2Fcategories&post=806"},{"taxonomy":"post_tag","embeddable":true,"href":"http:\/\/spazio-news.it\/index.php?rest_route=%2Fwp%2Fv2%2Ftags&post=806"}],"curies":[{"name":"wp","href":"https:\/\/api.w.org\/{rel}","templated":true}]}}