{"id":827,"date":"2018-09-11T04:59:21","date_gmt":"2018-09-11T04:59:21","guid":{"rendered":"http:\/\/spazio-news.it\/?p=827"},"modified":"2018-09-10T17:02:39","modified_gmt":"2018-09-10T17:02:39","slug":"spazio-approvato-il-regolamento-del-comitato-interministeriale","status":"publish","type":"post","link":"http:\/\/spazio-news.it\/?p=827","title":{"rendered":"SPAZIO: APPROVATO IL REGOLAMENTO DEL COMITATO INTERMINISTERIALE"},"content":{"rendered":"<p>Come anticipato da <a href=\"http:\/\/spazio-news.it\">spazio-news.it<\/a> (Ndr. <a href=\"http:\/\/spazio-news.it\/spazio-riunione-preparatoria-della-prima-seduta-comitato-interministeriale\"> Spazio: riunione preparatoria della prima seduta interministeriale<\/a>) si \u00e8 svolta, lo scorso 7 settembre nella Sala Verde di <strong>Palazzo Chigi<\/strong>, la <strong>prima riunione<\/strong> del <strong>Comitato interministeriale per le politiche relative allo spazio e all\u2019aerospazio<\/strong>.<\/p>\n<p>Nel corso della riunione, a cui hanno partecipato 12 <strong>Ministri<\/strong> e il <strong>Presidente della Conferenza dei presidenti delle Regioni<\/strong>, \u00a0\u00e8 stato approvato il <strong>regolamento interno del Comitato<\/strong>.<\/p>\n<p>Durante l\u2019incontro si \u00e8 condivisa anche l\u2019opportunit\u00e0 di <strong>costituire<\/strong> una <strong>Struttura di coordinamento<\/strong> per le <strong>politiche<\/strong> relative allo <strong>spazio<\/strong>, all\u2019<strong>aerospazio <\/strong>e ai correlati <strong>servizi applicativi<\/strong>, che funger\u00e0 da organo collegiale per le <strong>istruttorie<\/strong> e organo di <strong>coordinamento<\/strong> dell\u2019attuazione delle <strong>decisioni<\/strong> assunte in seno al Comitato stesso e, infine, si \u00e8 condivisa la necessit\u00e0 di definire al pi\u00f9 presto gli <strong>indirizzi<\/strong> del <strong>Governo<\/strong> in materia spaziale e aerospaziale e le <strong>priorit\u00e0<\/strong> su cui il Paese graviter\u00e0 per sostenere la <strong>ricerca<\/strong>, l\u2019<strong>innovazione tecnologica <\/strong>e la <strong>competitivit\u00e0<\/strong> del settore <strong>produttivo<\/strong> nazionale.<\/p>\n<p>Il <strong>Comitato<\/strong>, in attuazione della Legge 11 gennaio 2018, n.7 che lo istituisce e riordina la governance delle politiche spaziali nazionali, si riunisce sotto l\u2019alta direzione del <strong>Presidente del Consiglio dei Ministri<\/strong>, cui \u00e8 attribuita la responsabilit\u00e0 politica generale e il coordinamento delle politiche dei Ministeri relative ai <strong>programmi spaziali<\/strong>.<\/p>\n<p>La riunione \u00e8 stata <strong>presieduta<\/strong> dal <strong>Sottosegretario<\/strong> <strong>Giancarlo Giorgetti<\/strong>, a cui il <strong>Presidente Conte<\/strong> ha <strong>delegato<\/strong> le funzioni relative al <strong>coordinamento<\/strong> delle politiche relative ai programmi spaziali e aerospaziali.<\/p>\n","protected":false},"excerpt":{"rendered":"<p>Come anticipato da spazio-news.it (Ndr. Spazio: riunione preparatoria della prima seduta interministeriale) si \u00e8 svolta, lo scorso 7 settembre nella<\/p>\n","protected":false},"author":1,"featured_media":233,"comment_status":"closed","ping_status":"open","sticky":false,"template":"","format":"standard","meta":{"colormag_page_container_layout":"default_layout","colormag_page_sidebar_layout":"default_layout","footnotes":""},"categories":[32,4],"tags":[646,194,193,129,333],"class_list":["post-827","post","type-post","status-publish","format-standard","has-post-thumbnail","hentry","category-prima-pagina","category-istituzioni","tag-aerospazio","tag-comitato-interministeriale-per-lo-spazio","tag-palazzo-chigi","tag-spazio","tag-spazioporto"],"yoast_head":"<!-- This site is optimized with the Yoast SEO plugin v26.8 - https:\/\/yoast.com\/product\/yoast-seo-wordpress\/ -->\n<title>SPAZIO: APPROVATO IL REGOLAMENTO DEL COMITATO INTERMINISTERIALE &#187; Spazio-News Magazine<\/title>\n<meta name=\"description\" content=\"Si \u00e8 svolta, lo scorso 7 settembre Palazzo Chigi, la prima riunione del Comitato interministeriale per le politiche relative allo spazio e all\u2019aerospazio\" \/>\n<meta name=\"robots\" content=\"index, follow, max-snippet:-1, max-image-preview:large, max-video-preview:-1\" \/>\n<link rel=\"canonical\" href=\"http:\/\/spazio-news.it\/?p=827\" \/>\n<meta property=\"og:locale\" content=\"it_IT\" \/>\n<meta property=\"og:type\" content=\"article\" \/>\n<meta property=\"og:title\" content=\"SPAZIO: APPROVATO IL REGOLAMENTO DEL COMITATO INTERMINISTERIALE &#187; Spazio-News Magazine\" \/>\n<meta property=\"og:description\" content=\"Si \u00e8 svolta, lo scorso 7 settembre Palazzo Chigi, la prima riunione del Comitato interministeriale per le politiche relative allo spazio e all\u2019aerospazio\" \/>\n<meta property=\"og:url\" content=\"http:\/\/spazio-news.it\/?p=827\" \/>\n<meta property=\"og:site_name\" content=\"Spazio-News Magazine\" \/>\n<meta property=\"article:publisher\" content=\"https:\/\/m.facebook.com\/spazio-news-magazine\" \/>\n<meta property=\"article:author\" content=\"@SpazioNewsMagazine\" \/>\n<meta property=\"article:published_time\" content=\"2018-09-11T04:59:21+00:00\" \/>\n<meta property=\"og:image\" content=\"http:\/\/spazio-news.it\/wp-content\/uploads\/2018\/07\/Spazio-News.it-Palazzo-Chigi-800-x-445-e1563900233933.jpg\" \/>\n\t<meta property=\"og:image:width\" content=\"800\" \/>\n\t<meta property=\"og:image:height\" content=\"446\" \/>\n\t<meta property=\"og:image:type\" content=\"image\/jpeg\" \/>\n<meta name=\"author\" content=\"Redazione\" \/>\n<meta name=\"twitter:card\" content=\"summary_large_image\" \/>\n<meta name=\"twitter:creator\" content=\"@news_spazio\" \/>\n<meta name=\"twitter:site\" content=\"@News_spazio\" \/>\n<meta name=\"twitter:label1\" content=\"Scritto da\" \/>\n\t<meta name=\"twitter:data1\" content=\"Redazione\" \/>\n\t<meta name=\"twitter:label2\" content=\"Tempo di lettura stimato\" \/>\n\t<meta name=\"twitter:data2\" content=\"1 minuto\" \/>\n<script type=\"application\/ld+json\" class=\"yoast-schema-graph\">{\"@context\":\"https:\/\/schema.org\",\"@graph\":[{\"@type\":\"NewsArticle\",\"@id\":\"http:\/\/spazio-news.it\/?p=827#article\",\"isPartOf\":{\"@id\":\"http:\/\/spazio-news.it\/?p=827\"},\"author\":{\"name\":\"Redazione\",\"@id\":\"http:\/\/spazio-news.it\/#\/schema\/person\/c600904e882e9e166ed8e5e3773d37b3\"},\"headline\":\"SPAZIO: APPROVATO IL REGOLAMENTO DEL COMITATO INTERMINISTERIALE\",\"datePublished\":\"2018-09-11T04:59:21+00:00\",\"mainEntityOfPage\":{\"@id\":\"http:\/\/spazio-news.it\/?p=827\"},\"wordCount\":238,\"publisher\":{\"@id\":\"http:\/\/spazio-news.it\/#organization\"},\"image\":{\"@id\":\"http:\/\/spazio-news.it\/?p=827#primaryimage\"},\"thumbnailUrl\":\"http:\/\/spazio-news.it\/wp-content\/uploads\/2018\/07\/Spazio-News.it-Palazzo-Chigi-800-x-445-e1563900233933.jpg\",\"keywords\":[\"Aerospazio\",\"Comitato Interministeriale per lo Spazio\",\"Palazzo Chigi\",\"Spazio\",\"spazioporto\"],\"articleSection\":[\"01 - PRIMA PAGINA\",\"03 - ISTITUZIONI\"],\"inLanguage\":\"it-IT\"},{\"@type\":\"WebPage\",\"@id\":\"http:\/\/spazio-news.it\/?p=827\",\"url\":\"http:\/\/spazio-news.it\/?p=827\",\"name\":\"SPAZIO: APPROVATO IL REGOLAMENTO DEL COMITATO INTERMINISTERIALE &#187; Spazio-News Magazine\",\"isPartOf\":{\"@id\":\"http:\/\/spazio-news.it\/#website\"},\"primaryImageOfPage\":{\"@id\":\"http:\/\/spazio-news.it\/?p=827#primaryimage\"},\"image\":{\"@id\":\"http:\/\/spazio-news.it\/?p=827#primaryimage\"},\"thumbnailUrl\":\"http:\/\/spazio-news.it\/wp-content\/uploads\/2018\/07\/Spazio-News.it-Palazzo-Chigi-800-x-445-e1563900233933.jpg\",\"datePublished\":\"2018-09-11T04:59:21+00:00\",\"description\":\"Si \u00e8 svolta, lo scorso 7 settembre Palazzo Chigi, la prima riunione del Comitato interministeriale per le politiche relative allo spazio e all\u2019aerospazio\",\"breadcrumb\":{\"@id\":\"http:\/\/spazio-news.it\/?p=827#breadcrumb\"},\"inLanguage\":\"it-IT\",\"potentialAction\":[{\"@type\":\"ReadAction\",\"target\":[\"http:\/\/spazio-news.it\/?p=827\"]}]},{\"@type\":\"ImageObject\",\"inLanguage\":\"it-IT\",\"@id\":\"http:\/\/spazio-news.it\/?p=827#primaryimage\",\"url\":\"http:\/\/spazio-news.it\/wp-content\/uploads\/2018\/07\/Spazio-News.it-Palazzo-Chigi-800-x-445-e1563900233933.jpg\",\"contentUrl\":\"http:\/\/spazio-news.it\/wp-content\/uploads\/2018\/07\/Spazio-News.it-Palazzo-Chigi-800-x-445-e1563900233933.jpg\",\"width\":800,\"height\":446,\"caption\":\"Spazio-News.it - Palazzo Chigi 800 x 446\"},{\"@type\":\"BreadcrumbList\",\"@id\":\"http:\/\/spazio-news.it\/?p=827#breadcrumb\",\"itemListElement\":[{\"@type\":\"ListItem\",\"position\":1,\"name\":\"Home\",\"item\":\"http:\/\/spazio-news.it\/\"},{\"@type\":\"ListItem\",\"position\":2,\"name\":\"SPAZIO: APPROVATO IL REGOLAMENTO DEL COMITATO INTERMINISTERIALE\"}]},{\"@type\":\"WebSite\",\"@id\":\"http:\/\/spazio-news.it\/#website\",\"url\":\"http:\/\/spazio-news.it\/\",\"name\":\"Spazio-News Magazine\",\"description\":\"La guida che sfida la complessit\u00e0 del mondo industriale\",\"publisher\":{\"@id\":\"http:\/\/spazio-news.it\/#organization\"},\"alternateName\":\"Spazio-news.it\",\"potentialAction\":[{\"@type\":\"SearchAction\",\"target\":{\"@type\":\"EntryPoint\",\"urlTemplate\":\"http:\/\/spazio-news.it\/?s={search_term_string}\"},\"query-input\":{\"@type\":\"PropertyValueSpecification\",\"valueRequired\":true,\"valueName\":\"search_term_string\"}}],\"inLanguage\":\"it-IT\"},{\"@type\":\"Organization\",\"@id\":\"http:\/\/spazio-news.it\/#organization\",\"name\":\"Spazio-News Magazine\",\"url\":\"http:\/\/spazio-news.it\/\",\"logo\":{\"@type\":\"ImageObject\",\"inLanguage\":\"it-IT\",\"@id\":\"http:\/\/spazio-news.it\/#\/schema\/logo\/image\/\",\"url\":\"http:\/\/spazio-news.it\/wp-content\/uploads\/2023\/09\/Logo-Spazio-News-512-x-512-NO-testo.jpg\",\"contentUrl\":\"http:\/\/spazio-news.it\/wp-content\/uploads\/2023\/09\/Logo-Spazio-News-512-x-512-NO-testo.jpg\",\"width\":512,\"height\":512,\"caption\":\"Spazio-News Magazine\"},\"image\":{\"@id\":\"http:\/\/spazio-news.it\/#\/schema\/logo\/image\/\"},\"sameAs\":[\"https:\/\/m.facebook.com\/spazio-news-magazine\",\"https:\/\/x.com\/News_spazio\"]},{\"@type\":\"Person\",\"@id\":\"http:\/\/spazio-news.it\/#\/schema\/person\/c600904e882e9e166ed8e5e3773d37b3\",\"name\":\"Redazione\",\"sameAs\":[\"http:\/\/spazio-news.it\",\"@SpazioNewsMagazine\",\"https:\/\/x.com\/@news_spazio\"],\"url\":\"http:\/\/spazio-news.it\/?author=1\"}]}<\/script>\n<!-- \/ Yoast SEO plugin. -->","yoast_head_json":{"title":"SPAZIO: APPROVATO IL REGOLAMENTO DEL COMITATO INTERMINISTERIALE &#187; Spazio-News Magazine","description":"Si \u00e8 svolta, lo scorso 7 settembre Palazzo Chigi, la prima riunione del Comitato interministeriale per le politiche relative allo spazio e all\u2019aerospazio","robots":{"index":"index","follow":"follow","max-snippet":"max-snippet:-1","max-image-preview":"max-image-preview:large","max-video-preview":"max-video-preview:-1"},"canonical":"http:\/\/spazio-news.it\/?p=827","og_locale":"it_IT","og_type":"article","og_title":"SPAZIO: APPROVATO IL REGOLAMENTO DEL COMITATO INTERMINISTERIALE &#187; Spazio-News Magazine","og_description":"Si \u00e8 svolta, lo scorso 7 settembre Palazzo Chigi, la prima riunione del Comitato interministeriale per le politiche relative allo spazio e all\u2019aerospazio","og_url":"http:\/\/spazio-news.it\/?p=827","og_site_name":"Spazio-News Magazine","article_publisher":"https:\/\/m.facebook.com\/spazio-news-magazine","article_author":"@SpazioNewsMagazine","article_published_time":"2018-09-11T04:59:21+00:00","og_image":[{"width":800,"height":446,"url":"http:\/\/spazio-news.it\/wp-content\/uploads\/2018\/07\/Spazio-News.it-Palazzo-Chigi-800-x-445-e1563900233933.jpg","type":"image\/jpeg"}],"author":"Redazione","twitter_card":"summary_large_image","twitter_creator":"@news_spazio","twitter_site":"@News_spazio","twitter_misc":{"Scritto da":"Redazione","Tempo di lettura stimato":"1 minuto"},"schema":{"@context":"https:\/\/schema.org","@graph":[{"@type":"NewsArticle","@id":"http:\/\/spazio-news.it\/?p=827#article","isPartOf":{"@id":"http:\/\/spazio-news.it\/?p=827"},"author":{"name":"Redazione","@id":"http:\/\/spazio-news.it\/#\/schema\/person\/c600904e882e9e166ed8e5e3773d37b3"},"headline":"SPAZIO: APPROVATO IL REGOLAMENTO DEL COMITATO INTERMINISTERIALE","datePublished":"2018-09-11T04:59:21+00:00","mainEntityOfPage":{"@id":"http:\/\/spazio-news.it\/?p=827"},"wordCount":238,"publisher":{"@id":"http:\/\/spazio-news.it\/#organization"},"image":{"@id":"http:\/\/spazio-news.it\/?p=827#primaryimage"},"thumbnailUrl":"http:\/\/spazio-news.it\/wp-content\/uploads\/2018\/07\/Spazio-News.it-Palazzo-Chigi-800-x-445-e1563900233933.jpg","keywords":["Aerospazio","Comitato Interministeriale per lo Spazio","Palazzo Chigi","Spazio","spazioporto"],"articleSection":["01 - PRIMA PAGINA","03 - ISTITUZIONI"],"inLanguage":"it-IT"},{"@type":"WebPage","@id":"http:\/\/spazio-news.it\/?p=827","url":"http:\/\/spazio-news.it\/?p=827","name":"SPAZIO: APPROVATO IL REGOLAMENTO DEL COMITATO INTERMINISTERIALE &#187; Spazio-News Magazine","isPartOf":{"@id":"http:\/\/spazio-news.it\/#website"},"primaryImageOfPage":{"@id":"http:\/\/spazio-news.it\/?p=827#primaryimage"},"image":{"@id":"http:\/\/spazio-news.it\/?p=827#primaryimage"},"thumbnailUrl":"http:\/\/spazio-news.it\/wp-content\/uploads\/2018\/07\/Spazio-News.it-Palazzo-Chigi-800-x-445-e1563900233933.jpg","datePublished":"2018-09-11T04:59:21+00:00","description":"Si \u00e8 svolta, lo scorso 7 settembre Palazzo Chigi, la prima riunione del Comitato interministeriale per le politiche relative allo spazio e all\u2019aerospazio","breadcrumb":{"@id":"http:\/\/spazio-news.it\/?p=827#breadcrumb"},"inLanguage":"it-IT","potentialAction":[{"@type":"ReadAction","target":["http:\/\/spazio-news.it\/?p=827"]}]},{"@type":"ImageObject","inLanguage":"it-IT","@id":"http:\/\/spazio-news.it\/?p=827#primaryimage","url":"http:\/\/spazio-news.it\/wp-content\/uploads\/2018\/07\/Spazio-News.it-Palazzo-Chigi-800-x-445-e1563900233933.jpg","contentUrl":"http:\/\/spazio-news.it\/wp-content\/uploads\/2018\/07\/Spazio-News.it-Palazzo-Chigi-800-x-445-e1563900233933.jpg","width":800,"height":446,"caption":"Spazio-News.it - Palazzo Chigi 800 x 446"},{"@type":"BreadcrumbList","@id":"http:\/\/spazio-news.it\/?p=827#breadcrumb","itemListElement":[{"@type":"ListItem","position":1,"name":"Home","item":"http:\/\/spazio-news.it\/"},{"@type":"ListItem","position":2,"name":"SPAZIO: APPROVATO IL REGOLAMENTO DEL COMITATO INTERMINISTERIALE"}]},{"@type":"WebSite","@id":"http:\/\/spazio-news.it\/#website","url":"http:\/\/spazio-news.it\/","name":"Spazio-News Magazine","description":"La guida che sfida la complessit\u00e0 del mondo industriale","publisher":{"@id":"http:\/\/spazio-news.it\/#organization"},"alternateName":"Spazio-news.it","potentialAction":[{"@type":"SearchAction","target":{"@type":"EntryPoint","urlTemplate":"http:\/\/spazio-news.it\/?s={search_term_string}"},"query-input":{"@type":"PropertyValueSpecification","valueRequired":true,"valueName":"search_term_string"}}],"inLanguage":"it-IT"},{"@type":"Organization","@id":"http:\/\/spazio-news.it\/#organization","name":"Spazio-News Magazine","url":"http:\/\/spazio-news.it\/","logo":{"@type":"ImageObject","inLanguage":"it-IT","@id":"http:\/\/spazio-news.it\/#\/schema\/logo\/image\/","url":"http:\/\/spazio-news.it\/wp-content\/uploads\/2023\/09\/Logo-Spazio-News-512-x-512-NO-testo.jpg","contentUrl":"http:\/\/spazio-news.it\/wp-content\/uploads\/2023\/09\/Logo-Spazio-News-512-x-512-NO-testo.jpg","width":512,"height":512,"caption":"Spazio-News Magazine"},"image":{"@id":"http:\/\/spazio-news.it\/#\/schema\/logo\/image\/"},"sameAs":["https:\/\/m.facebook.com\/spazio-news-magazine","https:\/\/x.com\/News_spazio"]},{"@type":"Person","@id":"http:\/\/spazio-news.it\/#\/schema\/person\/c600904e882e9e166ed8e5e3773d37b3","name":"Redazione","sameAs":["http:\/\/spazio-news.it","@SpazioNewsMagazine","https:\/\/x.com\/@news_spazio"],"url":"http:\/\/spazio-news.it\/?author=1"}]}},"_links":{"self":[{"href":"http:\/\/spazio-news.it\/index.php?rest_route=\/wp\/v2\/posts\/827","targetHints":{"allow":["GET"]}}],"collection":[{"href":"http:\/\/spazio-news.it\/index.php?rest_route=\/wp\/v2\/posts"}],"about":[{"href":"http:\/\/spazio-news.it\/index.php?rest_route=\/wp\/v2\/types\/post"}],"author":[{"embeddable":true,"href":"http:\/\/spazio-news.it\/index.php?rest_route=\/wp\/v2\/users\/1"}],"replies":[{"embeddable":true,"href":"http:\/\/spazio-news.it\/index.php?rest_route=%2Fwp%2Fv2%2Fcomments&post=827"}],"version-history":[{"count":4,"href":"http:\/\/spazio-news.it\/index.php?rest_route=\/wp\/v2\/posts\/827\/revisions"}],"predecessor-version":[{"id":829,"href":"http:\/\/spazio-news.it\/index.php?rest_route=\/wp\/v2\/posts\/827\/revisions\/829"}],"wp:featuredmedia":[{"embeddable":true,"href":"http:\/\/spazio-news.it\/index.php?rest_route=\/wp\/v2\/media\/233"}],"wp:attachment":[{"href":"http:\/\/spazio-news.it\/index.php?rest_route=%2Fwp%2Fv2%2Fmedia&parent=827"}],"wp:term":[{"taxonomy":"category","embeddable":true,"href":"http:\/\/spazio-news.it\/index.php?rest_route=%2Fwp%2Fv2%2Fcategories&post=827"},{"taxonomy":"post_tag","embeddable":true,"href":"http:\/\/spazio-news.it\/index.php?rest_route=%2Fwp%2Fv2%2Ftags&post=827"}],"curies":[{"name":"wp","href":"https:\/\/api.w.org\/{rel}","templated":true}]}}