{"id":8441,"date":"2020-03-27T11:55:00","date_gmt":"2020-03-27T10:55:00","guid":{"rendered":"http:\/\/spazio-news.it\/?p=8441"},"modified":"2020-03-27T13:14:44","modified_gmt":"2020-03-27T12:14:44","slug":"coronavirus-25-milioni-per-il-contrasto-con-tecnologie-spaziali","status":"publish","type":"post","link":"http:\/\/spazio-news.it\/?p=8441","title":{"rendered":"CORONAVIRUS: 2,5 MILIONI PER IL CONTRASTO CON LE TECNOLOGIE SPAZIALI"},"content":{"rendered":"\n<p>L\u2019<a href=\"http:\/\/www.asi.it\/\">Agenzia Spaziale Italiana &#8211; ASI<\/a> ha proposto, in accordo con l\u2019<a href=\"http:\/\/www.esa.int\/\">Agenzia Spaziale Europea &#8211; ESA,<\/a> il <a href=\"https:\/\/innovazione.gov.it\/\">Ministro per l&#8217;Innovazione Tecnologica e la Digitalizzazione &#8211; MID<\/a> e il <a href=\"http:\/\/www.governo,it\/\">Sottosegretario di Stato alla Presidenza del Consiglio<\/a>, un <a href=\"https:\/\/business.esa.int\/news\/space-response-to-covid-19-outbreak\">bando<\/a> da <strong>2 milioni e mezzo di euro<\/strong> per <strong>sviluppare idee<\/strong> basate su <strong>asset spaziali,<\/strong> come le <strong>comunicazioni satellitari<\/strong>, l&#8217;<strong>Osservazione della Terra<\/strong> <strong>&#8211; OT<\/strong>, la <strong>navigazione satellitare<\/strong>, per il <strong>contrasto<\/strong> all\u2019<strong>emergenza<\/strong> legata al <strong>COVID-19<\/strong>.<\/p>\n<p>\u201c<em>Mettere le attivit\u00e0 spaziali al servizio dei cittadini rappresenta un obiettivo prioritario e, soprattutto in una fase cos\u00ec delicata, le tecnologie del settore possono dare un contributo decisivo <\/em>\u2013 ha spiegato il <a href=\"http:\/\/www.governo,it\/\">sottosegretario di Stato alla Presidenza del Consiglio con delega alle politiche per lo spazio,<\/a><strong> Riccardo Fraccaro<\/strong> -.<em> Nella lotta al Coronavirus le capacit\u00e0 satellitari sono un valore aggiunto che intendiamo sfruttare per dare risposta alle diverse necessit\u00e0, dalla analisi epidemiologica alla diagnostica, dal supporto alla connettivit\u00e0 alla formazione a distanza. <\/em><\/p>\n<p>Si tratta di un bando per invitare le <strong>aziende<\/strong> a presentare i loro progetti dal <strong>31 marzo al 20 aprile<\/strong>.\u00a0<\/p>\n<p>Il bando \u00e8 parte integrante della <strong>Call to Action<\/strong> &#8220;<strong>Innova per l\u2019Italia&#8221;<\/strong>, un\u2019iniziativa congiunta del <a href=\"https:\/\/innovazione.gov.it\/\">Ministro per l\u2019innovazione tecnologica e la digitalizzazione<\/a> <strong>Paola Pisano<\/strong>, del <a href=\"https:\/\/www.mise.gov.it\/index.php\/it\/\">Ministro dello Sviluppo Economico &#8211; MISE<\/a>\u00a0<strong>Stefano Patuanelli<\/strong> e del <a href=\"https:\/\/www.miur.gov.it\/\">Ministro dell\u2019Universit\u00e0 e della Ricerca &#8211; MIUR<\/a>\u00a0<strong>Gaetano Manfredi<\/strong>, insieme a <a href=\"https:\/\/www.invitalia.it\/\">Invitalia<\/a> e a sostegno della struttura del <strong>Commissario straordinario per l\u2019emergenza Coronavirus Domenico Arcuri<\/strong>.<\/p>\n<p><em>\u201cCon il prezioso apporto che le tecnologie spaziali possono fornire siamo in grado di potenziare gli strumenti di contrasto al virus e salvaguardare la salute dei cittadini<\/em> \u2013 ha concluso <strong>Fraccaro<\/strong> -.<em> Ringrazio tutte le aziende che continuano a lavorare per garantire i servizi al Paese. Mai come in questo momento \u00e8 necessario fare sistema e concentrare ogni risorsa per il superamento dell\u2019emergenza<\/em>\u201d.<\/p>\n<p>L\u2019<a href=\"http:\/\/www.asi.it\/\">ASI<\/a> ha promosso questo bando e ha gi\u00e0 garantito ufficialmente a <a href=\"http:\/\/www.esa.int\/\">ESA<\/a> l\u2019autorizzazione al <strong>finanziamento dei progetti italiani <\/strong>per<strong> 2,5 milioni di euro <\/strong>di cui<strong> 1,5 milioni <\/strong>nel<strong> settore <\/strong>della<strong> salute <\/strong>ed<strong> 1 milione <\/strong>per<strong> l\u2019educazione a distanza.<\/strong><\/p>\n","protected":false},"excerpt":{"rendered":"<p>L\u2019Agenzia Spaziale Italiana &#8211; ASI ha proposto, in accordo con l\u2019Agenzia Spaziale Europea &#8211; ESA, il Ministro per l&#8217;Innovazione Tecnologica<\/p>\n","protected":false},"author":1,"featured_media":2220,"comment_status":"closed","ping_status":"open","sticky":false,"template":"","format":"standard","meta":{"colormag_page_container_layout":"default_layout","colormag_page_sidebar_layout":"default_layout","footnotes":""},"categories":[32,5],"tags":[812,811,475,4830,4819,4798,1577,4829,1305,3228,4213,1071,557,3849,648,2651,2812,268,219,1023],"class_list":["post-8441","post","type-post","status-publish","format-standard","has-post-thumbnail","hentry","category-prima-pagina","category-ricerca-innovazione","tag-agenzia-spaziale-europea-esa","tag-agenzia-spaziale-italiana-asi","tag-bando-di-gara","tag-commissario-straordinario-per-lemergenza-coronavirus-domenico-arcuri","tag-coronavirus","tag-covid-19","tag-formazione","tag-invitalia","tag-ministero-delluniversita-e-della-ricerca-miur","tag-ministero-dello-sviluppo-economico-mise","tag-ministero-per-linnovazione-tecnologica-e-la-digitalizzazione-mid","tag-osservazione-della-terra","tag-presidenza-del-consiglio","tag-riccardo-fraccaro","tag-ricerca-e-sviluppo-rs","tag-ricerca-spaziale","tag-satcom-satellite-communications","tag-satelliti","tag-tecnologia","tag-tecnologie"],"yoast_head":"<!-- This site is optimized with the Yoast SEO plugin v26.8 - https:\/\/yoast.com\/product\/yoast-seo-wordpress\/ -->\n<title>CORONAVIRUS: 2,5 MILIONI PER IL CONTRASTO CON LE TECNOLOGIE SPAZIALI &#187; Spazio-News Magazine<\/title>\n<meta name=\"description\" content=\"L\u2019ASI ha proposto, in accordo con l\u2019ESA, il MID e il Sottosegretario di Stato alla Presidenza del Consiglio, un bando da 2,5 milioni di euro\" \/>\n<meta name=\"robots\" content=\"index, follow, max-snippet:-1, max-image-preview:large, max-video-preview:-1\" \/>\n<link rel=\"canonical\" href=\"http:\/\/spazio-news.it\/?p=8441\" \/>\n<meta property=\"og:locale\" content=\"it_IT\" \/>\n<meta property=\"og:type\" content=\"article\" \/>\n<meta property=\"og:title\" content=\"CORONAVIRUS: 2,5 MILIONI PER IL CONTRASTO CON LE TECNOLOGIE SPAZIALI &#187; Spazio-News Magazine\" \/>\n<meta property=\"og:description\" content=\"L\u2019ASI ha proposto, in accordo con l\u2019ESA, il MID e il Sottosegretario di Stato alla Presidenza del Consiglio, un bando da 2,5 milioni di euro\" \/>\n<meta property=\"og:url\" content=\"http:\/\/spazio-news.it\/?p=8441\" \/>\n<meta property=\"og:site_name\" content=\"Spazio-News Magazine\" \/>\n<meta property=\"article:publisher\" content=\"https:\/\/m.facebook.com\/spazio-news-magazine\" \/>\n<meta property=\"article:author\" content=\"@SpazioNewsMagazine\" \/>\n<meta property=\"article:published_time\" content=\"2020-03-27T10:55:00+00:00\" \/>\n<meta property=\"article:modified_time\" content=\"2020-03-27T12:14:44+00:00\" \/>\n<meta property=\"og:image\" content=\"http:\/\/spazio-news.it\/wp-content\/uploads\/2018\/11\/ASI_StazioneSpazialeInternazionale_Spazio-News--e1575640637720.jpg\" \/>\n\t<meta property=\"og:image:width\" content=\"800\" \/>\n\t<meta property=\"og:image:height\" content=\"446\" \/>\n\t<meta property=\"og:image:type\" content=\"image\/jpeg\" \/>\n<meta name=\"author\" content=\"Redazione\" \/>\n<meta name=\"twitter:card\" content=\"summary_large_image\" \/>\n<meta name=\"twitter:creator\" content=\"@news_spazio\" \/>\n<meta name=\"twitter:site\" content=\"@News_spazio\" \/>\n<meta name=\"twitter:label1\" content=\"Scritto da\" \/>\n\t<meta name=\"twitter:data1\" content=\"Redazione\" \/>\n\t<meta name=\"twitter:label2\" content=\"Tempo di lettura stimato\" \/>\n\t<meta name=\"twitter:data2\" content=\"2 minuti\" \/>\n<script type=\"application\/ld+json\" class=\"yoast-schema-graph\">{\"@context\":\"https:\/\/schema.org\",\"@graph\":[{\"@type\":\"NewsArticle\",\"@id\":\"http:\/\/spazio-news.it\/?p=8441#article\",\"isPartOf\":{\"@id\":\"http:\/\/spazio-news.it\/?p=8441\"},\"author\":{\"name\":\"Redazione\",\"@id\":\"http:\/\/spazio-news.it\/#\/schema\/person\/c600904e882e9e166ed8e5e3773d37b3\"},\"headline\":\"CORONAVIRUS: 2,5 MILIONI PER IL CONTRASTO CON LE TECNOLOGIE SPAZIALI\",\"datePublished\":\"2020-03-27T10:55:00+00:00\",\"dateModified\":\"2020-03-27T12:14:44+00:00\",\"mainEntityOfPage\":{\"@id\":\"http:\/\/spazio-news.it\/?p=8441\"},\"wordCount\":345,\"publisher\":{\"@id\":\"http:\/\/spazio-news.it\/#organization\"},\"image\":{\"@id\":\"http:\/\/spazio-news.it\/?p=8441#primaryimage\"},\"thumbnailUrl\":\"http:\/\/spazio-news.it\/wp-content\/uploads\/2018\/11\/ASI_StazioneSpazialeInternazionale_Spazio-News--e1575640637720.jpg\",\"keywords\":[\"Agenzia Spaziale Europea - ESA\",\"Agenzia Spaziale Italiana - ASI\",\"bando di gara\",\"Commissario straordinario per l\u2019emergenza Coronavirus - Domenico Arcuri\",\"CoronaVirus\",\"COVID-19\",\"Formazione\",\"Invitalia\",\"Ministero dell'Universit\u00e0 e della Ricerca - MIUR\",\"Ministero dello Sviluppo Economico - MiSE\",\"Ministero per l&#039;innovazione tecnologica e la Digitalizzazione - MID\",\"Osservazione della Terra\",\"Presidenza del Consiglio\",\"Riccardo Fraccaro\",\"Ricerca e sviluppo- R&amp;S\",\"Ricerca Spaziale\",\"SatCom - SATellite COMmunications\",\"satelliti\",\"tecnologia\",\"tecnologie\"],\"articleSection\":[\"01 - PRIMA PAGINA\",\"05 - RICERCA &amp; INNOVAZIONE\"],\"inLanguage\":\"it-IT\"},{\"@type\":\"WebPage\",\"@id\":\"http:\/\/spazio-news.it\/?p=8441\",\"url\":\"http:\/\/spazio-news.it\/?p=8441\",\"name\":\"CORONAVIRUS: 2,5 MILIONI PER IL CONTRASTO CON LE TECNOLOGIE SPAZIALI &#187; Spazio-News Magazine\",\"isPartOf\":{\"@id\":\"http:\/\/spazio-news.it\/#website\"},\"primaryImageOfPage\":{\"@id\":\"http:\/\/spazio-news.it\/?p=8441#primaryimage\"},\"image\":{\"@id\":\"http:\/\/spazio-news.it\/?p=8441#primaryimage\"},\"thumbnailUrl\":\"http:\/\/spazio-news.it\/wp-content\/uploads\/2018\/11\/ASI_StazioneSpazialeInternazionale_Spazio-News--e1575640637720.jpg\",\"datePublished\":\"2020-03-27T10:55:00+00:00\",\"dateModified\":\"2020-03-27T12:14:44+00:00\",\"description\":\"L\u2019ASI ha proposto, in accordo con l\u2019ESA, il MID e il Sottosegretario di Stato alla Presidenza del Consiglio, un bando da 2,5 milioni di euro\",\"breadcrumb\":{\"@id\":\"http:\/\/spazio-news.it\/?p=8441#breadcrumb\"},\"inLanguage\":\"it-IT\",\"potentialAction\":[{\"@type\":\"ReadAction\",\"target\":[\"http:\/\/spazio-news.it\/?p=8441\"]}]},{\"@type\":\"ImageObject\",\"inLanguage\":\"it-IT\",\"@id\":\"http:\/\/spazio-news.it\/?p=8441#primaryimage\",\"url\":\"http:\/\/spazio-news.it\/wp-content\/uploads\/2018\/11\/ASI_StazioneSpazialeInternazionale_Spazio-News--e1575640637720.jpg\",\"contentUrl\":\"http:\/\/spazio-news.it\/wp-content\/uploads\/2018\/11\/ASI_StazioneSpazialeInternazionale_Spazio-News--e1575640637720.jpg\",\"width\":800,\"height\":446,\"caption\":\"ASI_StazioneSpazialeInternazionale_Spazio-News Italia\"},{\"@type\":\"BreadcrumbList\",\"@id\":\"http:\/\/spazio-news.it\/?p=8441#breadcrumb\",\"itemListElement\":[{\"@type\":\"ListItem\",\"position\":1,\"name\":\"Home\",\"item\":\"http:\/\/spazio-news.it\/\"},{\"@type\":\"ListItem\",\"position\":2,\"name\":\"CORONAVIRUS: 2,5 MILIONI PER IL CONTRASTO CON LE TECNOLOGIE SPAZIALI\"}]},{\"@type\":\"WebSite\",\"@id\":\"http:\/\/spazio-news.it\/#website\",\"url\":\"http:\/\/spazio-news.it\/\",\"name\":\"Spazio-News Magazine\",\"description\":\"La guida che sfida la complessit\u00e0 del mondo industriale\",\"publisher\":{\"@id\":\"http:\/\/spazio-news.it\/#organization\"},\"alternateName\":\"Spazio-news.it\",\"potentialAction\":[{\"@type\":\"SearchAction\",\"target\":{\"@type\":\"EntryPoint\",\"urlTemplate\":\"http:\/\/spazio-news.it\/?s={search_term_string}\"},\"query-input\":{\"@type\":\"PropertyValueSpecification\",\"valueRequired\":true,\"valueName\":\"search_term_string\"}}],\"inLanguage\":\"it-IT\"},{\"@type\":\"Organization\",\"@id\":\"http:\/\/spazio-news.it\/#organization\",\"name\":\"Spazio-News Magazine\",\"url\":\"http:\/\/spazio-news.it\/\",\"logo\":{\"@type\":\"ImageObject\",\"inLanguage\":\"it-IT\",\"@id\":\"http:\/\/spazio-news.it\/#\/schema\/logo\/image\/\",\"url\":\"http:\/\/spazio-news.it\/wp-content\/uploads\/2023\/09\/Logo-Spazio-News-512-x-512-NO-testo.jpg\",\"contentUrl\":\"http:\/\/spazio-news.it\/wp-content\/uploads\/2023\/09\/Logo-Spazio-News-512-x-512-NO-testo.jpg\",\"width\":512,\"height\":512,\"caption\":\"Spazio-News Magazine\"},\"image\":{\"@id\":\"http:\/\/spazio-news.it\/#\/schema\/logo\/image\/\"},\"sameAs\":[\"https:\/\/m.facebook.com\/spazio-news-magazine\",\"https:\/\/x.com\/News_spazio\"]},{\"@type\":\"Person\",\"@id\":\"http:\/\/spazio-news.it\/#\/schema\/person\/c600904e882e9e166ed8e5e3773d37b3\",\"name\":\"Redazione\",\"sameAs\":[\"http:\/\/spazio-news.it\",\"@SpazioNewsMagazine\",\"https:\/\/x.com\/@news_spazio\"],\"url\":\"http:\/\/spazio-news.it\/?author=1\"}]}<\/script>\n<!-- \/ Yoast SEO plugin. -->","yoast_head_json":{"title":"CORONAVIRUS: 2,5 MILIONI PER IL CONTRASTO CON LE TECNOLOGIE SPAZIALI &#187; Spazio-News Magazine","description":"L\u2019ASI ha proposto, in accordo con l\u2019ESA, il MID e il Sottosegretario di Stato alla Presidenza del Consiglio, un bando da 2,5 milioni di euro","robots":{"index":"index","follow":"follow","max-snippet":"max-snippet:-1","max-image-preview":"max-image-preview:large","max-video-preview":"max-video-preview:-1"},"canonical":"http:\/\/spazio-news.it\/?p=8441","og_locale":"it_IT","og_type":"article","og_title":"CORONAVIRUS: 2,5 MILIONI PER IL CONTRASTO CON LE TECNOLOGIE SPAZIALI &#187; Spazio-News Magazine","og_description":"L\u2019ASI ha proposto, in accordo con l\u2019ESA, il MID e il Sottosegretario di Stato alla Presidenza del Consiglio, un bando da 2,5 milioni di euro","og_url":"http:\/\/spazio-news.it\/?p=8441","og_site_name":"Spazio-News Magazine","article_publisher":"https:\/\/m.facebook.com\/spazio-news-magazine","article_author":"@SpazioNewsMagazine","article_published_time":"2020-03-27T10:55:00+00:00","article_modified_time":"2020-03-27T12:14:44+00:00","og_image":[{"width":800,"height":446,"url":"http:\/\/spazio-news.it\/wp-content\/uploads\/2018\/11\/ASI_StazioneSpazialeInternazionale_Spazio-News--e1575640637720.jpg","type":"image\/jpeg"}],"author":"Redazione","twitter_card":"summary_large_image","twitter_creator":"@news_spazio","twitter_site":"@News_spazio","twitter_misc":{"Scritto da":"Redazione","Tempo di lettura stimato":"2 minuti"},"schema":{"@context":"https:\/\/schema.org","@graph":[{"@type":"NewsArticle","@id":"http:\/\/spazio-news.it\/?p=8441#article","isPartOf":{"@id":"http:\/\/spazio-news.it\/?p=8441"},"author":{"name":"Redazione","@id":"http:\/\/spazio-news.it\/#\/schema\/person\/c600904e882e9e166ed8e5e3773d37b3"},"headline":"CORONAVIRUS: 2,5 MILIONI PER IL CONTRASTO CON LE TECNOLOGIE SPAZIALI","datePublished":"2020-03-27T10:55:00+00:00","dateModified":"2020-03-27T12:14:44+00:00","mainEntityOfPage":{"@id":"http:\/\/spazio-news.it\/?p=8441"},"wordCount":345,"publisher":{"@id":"http:\/\/spazio-news.it\/#organization"},"image":{"@id":"http:\/\/spazio-news.it\/?p=8441#primaryimage"},"thumbnailUrl":"http:\/\/spazio-news.it\/wp-content\/uploads\/2018\/11\/ASI_StazioneSpazialeInternazionale_Spazio-News--e1575640637720.jpg","keywords":["Agenzia Spaziale Europea - ESA","Agenzia Spaziale Italiana - ASI","bando di gara","Commissario straordinario per l\u2019emergenza Coronavirus - Domenico Arcuri","CoronaVirus","COVID-19","Formazione","Invitalia","Ministero dell'Universit\u00e0 e della Ricerca - MIUR","Ministero dello Sviluppo Economico - MiSE","Ministero per l&#039;innovazione tecnologica e la Digitalizzazione - MID","Osservazione della Terra","Presidenza del Consiglio","Riccardo Fraccaro","Ricerca e sviluppo- R&amp;S","Ricerca Spaziale","SatCom - SATellite COMmunications","satelliti","tecnologia","tecnologie"],"articleSection":["01 - PRIMA PAGINA","05 - RICERCA &amp; INNOVAZIONE"],"inLanguage":"it-IT"},{"@type":"WebPage","@id":"http:\/\/spazio-news.it\/?p=8441","url":"http:\/\/spazio-news.it\/?p=8441","name":"CORONAVIRUS: 2,5 MILIONI PER IL CONTRASTO CON LE TECNOLOGIE SPAZIALI &#187; Spazio-News Magazine","isPartOf":{"@id":"http:\/\/spazio-news.it\/#website"},"primaryImageOfPage":{"@id":"http:\/\/spazio-news.it\/?p=8441#primaryimage"},"image":{"@id":"http:\/\/spazio-news.it\/?p=8441#primaryimage"},"thumbnailUrl":"http:\/\/spazio-news.it\/wp-content\/uploads\/2018\/11\/ASI_StazioneSpazialeInternazionale_Spazio-News--e1575640637720.jpg","datePublished":"2020-03-27T10:55:00+00:00","dateModified":"2020-03-27T12:14:44+00:00","description":"L\u2019ASI ha proposto, in accordo con l\u2019ESA, il MID e il Sottosegretario di Stato alla Presidenza del Consiglio, un bando da 2,5 milioni di euro","breadcrumb":{"@id":"http:\/\/spazio-news.it\/?p=8441#breadcrumb"},"inLanguage":"it-IT","potentialAction":[{"@type":"ReadAction","target":["http:\/\/spazio-news.it\/?p=8441"]}]},{"@type":"ImageObject","inLanguage":"it-IT","@id":"http:\/\/spazio-news.it\/?p=8441#primaryimage","url":"http:\/\/spazio-news.it\/wp-content\/uploads\/2018\/11\/ASI_StazioneSpazialeInternazionale_Spazio-News--e1575640637720.jpg","contentUrl":"http:\/\/spazio-news.it\/wp-content\/uploads\/2018\/11\/ASI_StazioneSpazialeInternazionale_Spazio-News--e1575640637720.jpg","width":800,"height":446,"caption":"ASI_StazioneSpazialeInternazionale_Spazio-News Italia"},{"@type":"BreadcrumbList","@id":"http:\/\/spazio-news.it\/?p=8441#breadcrumb","itemListElement":[{"@type":"ListItem","position":1,"name":"Home","item":"http:\/\/spazio-news.it\/"},{"@type":"ListItem","position":2,"name":"CORONAVIRUS: 2,5 MILIONI PER IL CONTRASTO CON LE TECNOLOGIE SPAZIALI"}]},{"@type":"WebSite","@id":"http:\/\/spazio-news.it\/#website","url":"http:\/\/spazio-news.it\/","name":"Spazio-News Magazine","description":"La guida che sfida la complessit\u00e0 del mondo industriale","publisher":{"@id":"http:\/\/spazio-news.it\/#organization"},"alternateName":"Spazio-news.it","potentialAction":[{"@type":"SearchAction","target":{"@type":"EntryPoint","urlTemplate":"http:\/\/spazio-news.it\/?s={search_term_string}"},"query-input":{"@type":"PropertyValueSpecification","valueRequired":true,"valueName":"search_term_string"}}],"inLanguage":"it-IT"},{"@type":"Organization","@id":"http:\/\/spazio-news.it\/#organization","name":"Spazio-News Magazine","url":"http:\/\/spazio-news.it\/","logo":{"@type":"ImageObject","inLanguage":"it-IT","@id":"http:\/\/spazio-news.it\/#\/schema\/logo\/image\/","url":"http:\/\/spazio-news.it\/wp-content\/uploads\/2023\/09\/Logo-Spazio-News-512-x-512-NO-testo.jpg","contentUrl":"http:\/\/spazio-news.it\/wp-content\/uploads\/2023\/09\/Logo-Spazio-News-512-x-512-NO-testo.jpg","width":512,"height":512,"caption":"Spazio-News Magazine"},"image":{"@id":"http:\/\/spazio-news.it\/#\/schema\/logo\/image\/"},"sameAs":["https:\/\/m.facebook.com\/spazio-news-magazine","https:\/\/x.com\/News_spazio"]},{"@type":"Person","@id":"http:\/\/spazio-news.it\/#\/schema\/person\/c600904e882e9e166ed8e5e3773d37b3","name":"Redazione","sameAs":["http:\/\/spazio-news.it","@SpazioNewsMagazine","https:\/\/x.com\/@news_spazio"],"url":"http:\/\/spazio-news.it\/?author=1"}]}},"_links":{"self":[{"href":"http:\/\/spazio-news.it\/index.php?rest_route=\/wp\/v2\/posts\/8441","targetHints":{"allow":["GET"]}}],"collection":[{"href":"http:\/\/spazio-news.it\/index.php?rest_route=\/wp\/v2\/posts"}],"about":[{"href":"http:\/\/spazio-news.it\/index.php?rest_route=\/wp\/v2\/types\/post"}],"author":[{"embeddable":true,"href":"http:\/\/spazio-news.it\/index.php?rest_route=\/wp\/v2\/users\/1"}],"replies":[{"embeddable":true,"href":"http:\/\/spazio-news.it\/index.php?rest_route=%2Fwp%2Fv2%2Fcomments&post=8441"}],"version-history":[{"count":2,"href":"http:\/\/spazio-news.it\/index.php?rest_route=\/wp\/v2\/posts\/8441\/revisions"}],"predecessor-version":[{"id":8443,"href":"http:\/\/spazio-news.it\/index.php?rest_route=\/wp\/v2\/posts\/8441\/revisions\/8443"}],"wp:featuredmedia":[{"embeddable":true,"href":"http:\/\/spazio-news.it\/index.php?rest_route=\/wp\/v2\/media\/2220"}],"wp:attachment":[{"href":"http:\/\/spazio-news.it\/index.php?rest_route=%2Fwp%2Fv2%2Fmedia&parent=8441"}],"wp:term":[{"taxonomy":"category","embeddable":true,"href":"http:\/\/spazio-news.it\/index.php?rest_route=%2Fwp%2Fv2%2Fcategories&post=8441"},{"taxonomy":"post_tag","embeddable":true,"href":"http:\/\/spazio-news.it\/index.php?rest_route=%2Fwp%2Fv2%2Ftags&post=8441"}],"curies":[{"name":"wp","href":"https:\/\/api.w.org\/{rel}","templated":true}]}}