{"id":86,"date":"2018-07-20T20:04:06","date_gmt":"2018-07-20T20:04:06","guid":{"rendered":"http:\/\/spazio-news.it\/?p=86"},"modified":"2019-07-30T10:11:01","modified_gmt":"2019-07-30T09:11:01","slug":"brescia-ragazzina-dispersa-elicottero-dell-aeronautica-militare-supportale-ricerche","status":"publish","type":"post","link":"http:\/\/spazio-news.it\/?p=86","title":{"rendered":"RAGAZZINA DISPERSA: HH-139 DELL&#8217; AMI SUPPORTALE RICERCHE"},"content":{"rendered":"<p>Un <strong>elicottero HH-139<\/strong> dell\u2019<strong>Aeronautica Militare <\/strong>sta partecipando, su richiesta della <strong>Prefettura di Brescia<\/strong>, alle ricerche della <strong>bambina di 12 anni<\/strong> affetta da autismo dispersa da ieri in zona Serle, in provincia di Brescia. Il velivolo con a bordo personale specializzato aerosoccoritore dell\u2019Aeronautica Militare, imbarcher\u00e0 anche un team, composto da Vigili del Fuoco e Soccorso Alpino, che si unir\u00e0 alle altre squadre di soccorso presenti a terra.<\/p>\n<p>L&#8217;elicottero, appartenente al dell&#8217;<strong>83\u00b0 Centro Combat SAR <\/strong>(Search And Rescue) del <strong>15\u00b0 stormo di Cervia<\/strong>, era gi\u00e0 decollato in nottata, a seguito dell&#8217;attivazione da parte del <strong>Comando delle Operazioni Aeree di Poggio Renatico<\/strong> (FE), per cooperare con la ricerca anche attraverso gli speciali visori notturni NVG.<\/p>\n<p>L&#8217;83\u00b0 Centro C\/SAR \u00e8 uno dei reparti del 15\u00b0 Stormo dell&#8217;Aeronautica Militare che garantisce 24 ore su 24, per 365 giorni all&#8217;anno, la ricerca ed il soccorso degli equipaggi di volo in difficolt\u00e0, inoltre concorre ad attivit\u00e0 di pubblica utilit\u00e0 quali la ricerca di dispersi in mare o in montagna, il trasporto sanitario d&#8217;urgenza di ammalati in pericolo di vita ed il soccorso di traumatizzati gravi.<\/p>\n","protected":false},"excerpt":{"rendered":"<p>Un elicottero HH-139 dell\u2019Aeronautica Militare sta partecipando, su richiesta della Prefettura di Brescia, alle ricerche della bambina di 12 anni<\/p>\n","protected":false},"author":1,"featured_media":105,"comment_status":"open","ping_status":"open","sticky":false,"template":"","format":"standard","meta":{"colormag_page_container_layout":"default_layout","colormag_page_sidebar_layout":"default_layout","footnotes":""},"categories":[4],"tags":[],"class_list":["post-86","post","type-post","status-publish","format-standard","has-post-thumbnail","hentry","category-istituzioni"],"yoast_head":"<!-- This site is optimized with the Yoast SEO plugin v26.8 - https:\/\/yoast.com\/product\/yoast-seo-wordpress\/ -->\n<title>RAGAZZINA DISPERSA: HH-139 DELL&#039; AMI SUPPORTALE RICERCHE &#187; Spazio-News Magazine<\/title>\n<meta name=\"description\" content=\"Un elicottero HH-139 dell\u2019Aeronautica Militare sta partecipando, su richiesta della Prefettura di Brescia, alle ricerche della bambina\" \/>\n<meta name=\"robots\" content=\"index, follow, max-snippet:-1, max-image-preview:large, max-video-preview:-1\" \/>\n<link rel=\"canonical\" href=\"http:\/\/spazio-news.it\/?p=86\" \/>\n<meta property=\"og:locale\" content=\"it_IT\" \/>\n<meta property=\"og:type\" content=\"article\" \/>\n<meta property=\"og:title\" content=\"RAGAZZINA DISPERSA: HH-139 DELL&#039; AMI SUPPORTALE RICERCHE &#187; Spazio-News Magazine\" \/>\n<meta property=\"og:description\" content=\"Un elicottero HH-139 dell\u2019Aeronautica Militare sta partecipando, su richiesta della Prefettura di Brescia, alle ricerche della bambina\" \/>\n<meta property=\"og:url\" content=\"http:\/\/spazio-news.it\/?p=86\" \/>\n<meta property=\"og:site_name\" content=\"Spazio-News Magazine\" \/>\n<meta property=\"article:publisher\" content=\"https:\/\/m.facebook.com\/spazio-news-magazine\" \/>\n<meta property=\"article:author\" content=\"@SpazioNewsMagazine\" \/>\n<meta property=\"article:published_time\" content=\"2018-07-20T20:04:06+00:00\" \/>\n<meta property=\"article:modified_time\" content=\"2019-07-30T09:11:01+00:00\" \/>\n<meta property=\"og:image\" content=\"http:\/\/spazio-news.it\/wp-content\/uploads\/2018\/07\/Spazio-News.it-elicottero-HH-139-Aeronautica-Militare-800-x-445.jpg\" \/>\n\t<meta property=\"og:image:width\" content=\"800\" \/>\n\t<meta property=\"og:image:height\" content=\"445\" \/>\n\t<meta property=\"og:image:type\" content=\"image\/jpeg\" \/>\n<meta name=\"author\" content=\"Redazione\" \/>\n<meta name=\"twitter:card\" content=\"summary_large_image\" \/>\n<meta name=\"twitter:creator\" content=\"@news_spazio\" \/>\n<meta name=\"twitter:site\" content=\"@News_spazio\" \/>\n<meta name=\"twitter:label1\" content=\"Scritto da\" \/>\n\t<meta name=\"twitter:data1\" content=\"Redazione\" \/>\n\t<meta name=\"twitter:label2\" content=\"Tempo di lettura stimato\" \/>\n\t<meta name=\"twitter:data2\" content=\"1 minuto\" \/>\n<script type=\"application\/ld+json\" class=\"yoast-schema-graph\">{\"@context\":\"https:\/\/schema.org\",\"@graph\":[{\"@type\":\"NewsArticle\",\"@id\":\"http:\/\/spazio-news.it\/?p=86#article\",\"isPartOf\":{\"@id\":\"http:\/\/spazio-news.it\/?p=86\"},\"author\":{\"name\":\"Redazione\",\"@id\":\"http:\/\/spazio-news.it\/#\/schema\/person\/c600904e882e9e166ed8e5e3773d37b3\"},\"headline\":\"RAGAZZINA DISPERSA: HH-139 DELL&#8217; AMI SUPPORTALE RICERCHE\",\"datePublished\":\"2018-07-20T20:04:06+00:00\",\"dateModified\":\"2019-07-30T09:11:01+00:00\",\"mainEntityOfPage\":{\"@id\":\"http:\/\/spazio-news.it\/?p=86\"},\"wordCount\":186,\"commentCount\":0,\"publisher\":{\"@id\":\"http:\/\/spazio-news.it\/#organization\"},\"image\":{\"@id\":\"http:\/\/spazio-news.it\/?p=86#primaryimage\"},\"thumbnailUrl\":\"http:\/\/spazio-news.it\/wp-content\/uploads\/2018\/07\/Spazio-News.it-elicottero-HH-139-Aeronautica-Militare-800-x-445.jpg\",\"articleSection\":[\"03 - ISTITUZIONI\"],\"inLanguage\":\"it-IT\",\"potentialAction\":[{\"@type\":\"CommentAction\",\"name\":\"Comment\",\"target\":[\"http:\/\/spazio-news.it\/?p=86#respond\"]}]},{\"@type\":\"WebPage\",\"@id\":\"http:\/\/spazio-news.it\/?p=86\",\"url\":\"http:\/\/spazio-news.it\/?p=86\",\"name\":\"RAGAZZINA DISPERSA: HH-139 DELL' AMI SUPPORTALE RICERCHE &#187; Spazio-News Magazine\",\"isPartOf\":{\"@id\":\"http:\/\/spazio-news.it\/#website\"},\"primaryImageOfPage\":{\"@id\":\"http:\/\/spazio-news.it\/?p=86#primaryimage\"},\"image\":{\"@id\":\"http:\/\/spazio-news.it\/?p=86#primaryimage\"},\"thumbnailUrl\":\"http:\/\/spazio-news.it\/wp-content\/uploads\/2018\/07\/Spazio-News.it-elicottero-HH-139-Aeronautica-Militare-800-x-445.jpg\",\"datePublished\":\"2018-07-20T20:04:06+00:00\",\"dateModified\":\"2019-07-30T09:11:01+00:00\",\"description\":\"Un elicottero HH-139 dell\u2019Aeronautica Militare sta partecipando, su richiesta della Prefettura di Brescia, alle ricerche della bambina\",\"breadcrumb\":{\"@id\":\"http:\/\/spazio-news.it\/?p=86#breadcrumb\"},\"inLanguage\":\"it-IT\",\"potentialAction\":[{\"@type\":\"ReadAction\",\"target\":[\"http:\/\/spazio-news.it\/?p=86\"]}]},{\"@type\":\"ImageObject\",\"inLanguage\":\"it-IT\",\"@id\":\"http:\/\/spazio-news.it\/?p=86#primaryimage\",\"url\":\"http:\/\/spazio-news.it\/wp-content\/uploads\/2018\/07\/Spazio-News.it-elicottero-HH-139-Aeronautica-Militare-800-x-445.jpg\",\"contentUrl\":\"http:\/\/spazio-news.it\/wp-content\/uploads\/2018\/07\/Spazio-News.it-elicottero-HH-139-Aeronautica-Militare-800-x-445.jpg\",\"width\":800,\"height\":445,\"caption\":\"Spazio-News.it - elicottero HH-139 Aeronautica Militare 800 x 445\"},{\"@type\":\"BreadcrumbList\",\"@id\":\"http:\/\/spazio-news.it\/?p=86#breadcrumb\",\"itemListElement\":[{\"@type\":\"ListItem\",\"position\":1,\"name\":\"Home\",\"item\":\"http:\/\/spazio-news.it\/\"},{\"@type\":\"ListItem\",\"position\":2,\"name\":\"RAGAZZINA DISPERSA: HH-139 DELL&#8217; AMI SUPPORTALE RICERCHE\"}]},{\"@type\":\"WebSite\",\"@id\":\"http:\/\/spazio-news.it\/#website\",\"url\":\"http:\/\/spazio-news.it\/\",\"name\":\"Spazio-News Magazine\",\"description\":\"La guida che sfida la complessit\u00e0 del mondo industriale\",\"publisher\":{\"@id\":\"http:\/\/spazio-news.it\/#organization\"},\"alternateName\":\"Spazio-news.it\",\"potentialAction\":[{\"@type\":\"SearchAction\",\"target\":{\"@type\":\"EntryPoint\",\"urlTemplate\":\"http:\/\/spazio-news.it\/?s={search_term_string}\"},\"query-input\":{\"@type\":\"PropertyValueSpecification\",\"valueRequired\":true,\"valueName\":\"search_term_string\"}}],\"inLanguage\":\"it-IT\"},{\"@type\":\"Organization\",\"@id\":\"http:\/\/spazio-news.it\/#organization\",\"name\":\"Spazio-News Magazine\",\"url\":\"http:\/\/spazio-news.it\/\",\"logo\":{\"@type\":\"ImageObject\",\"inLanguage\":\"it-IT\",\"@id\":\"http:\/\/spazio-news.it\/#\/schema\/logo\/image\/\",\"url\":\"http:\/\/spazio-news.it\/wp-content\/uploads\/2023\/09\/Logo-Spazio-News-512-x-512-NO-testo.jpg\",\"contentUrl\":\"http:\/\/spazio-news.it\/wp-content\/uploads\/2023\/09\/Logo-Spazio-News-512-x-512-NO-testo.jpg\",\"width\":512,\"height\":512,\"caption\":\"Spazio-News Magazine\"},\"image\":{\"@id\":\"http:\/\/spazio-news.it\/#\/schema\/logo\/image\/\"},\"sameAs\":[\"https:\/\/m.facebook.com\/spazio-news-magazine\",\"https:\/\/x.com\/News_spazio\"]},{\"@type\":\"Person\",\"@id\":\"http:\/\/spazio-news.it\/#\/schema\/person\/c600904e882e9e166ed8e5e3773d37b3\",\"name\":\"Redazione\",\"sameAs\":[\"http:\/\/spazio-news.it\",\"@SpazioNewsMagazine\",\"https:\/\/x.com\/@news_spazio\"],\"url\":\"http:\/\/spazio-news.it\/?author=1\"}]}<\/script>\n<!-- \/ Yoast SEO plugin. -->","yoast_head_json":{"title":"RAGAZZINA DISPERSA: HH-139 DELL' AMI SUPPORTALE RICERCHE &#187; Spazio-News Magazine","description":"Un elicottero HH-139 dell\u2019Aeronautica Militare sta partecipando, su richiesta della Prefettura di Brescia, alle ricerche della bambina","robots":{"index":"index","follow":"follow","max-snippet":"max-snippet:-1","max-image-preview":"max-image-preview:large","max-video-preview":"max-video-preview:-1"},"canonical":"http:\/\/spazio-news.it\/?p=86","og_locale":"it_IT","og_type":"article","og_title":"RAGAZZINA DISPERSA: HH-139 DELL' AMI SUPPORTALE RICERCHE &#187; Spazio-News Magazine","og_description":"Un elicottero HH-139 dell\u2019Aeronautica Militare sta partecipando, su richiesta della Prefettura di Brescia, alle ricerche della bambina","og_url":"http:\/\/spazio-news.it\/?p=86","og_site_name":"Spazio-News Magazine","article_publisher":"https:\/\/m.facebook.com\/spazio-news-magazine","article_author":"@SpazioNewsMagazine","article_published_time":"2018-07-20T20:04:06+00:00","article_modified_time":"2019-07-30T09:11:01+00:00","og_image":[{"width":800,"height":445,"url":"http:\/\/spazio-news.it\/wp-content\/uploads\/2018\/07\/Spazio-News.it-elicottero-HH-139-Aeronautica-Militare-800-x-445.jpg","type":"image\/jpeg"}],"author":"Redazione","twitter_card":"summary_large_image","twitter_creator":"@news_spazio","twitter_site":"@News_spazio","twitter_misc":{"Scritto da":"Redazione","Tempo di lettura stimato":"1 minuto"},"schema":{"@context":"https:\/\/schema.org","@graph":[{"@type":"NewsArticle","@id":"http:\/\/spazio-news.it\/?p=86#article","isPartOf":{"@id":"http:\/\/spazio-news.it\/?p=86"},"author":{"name":"Redazione","@id":"http:\/\/spazio-news.it\/#\/schema\/person\/c600904e882e9e166ed8e5e3773d37b3"},"headline":"RAGAZZINA DISPERSA: HH-139 DELL&#8217; AMI SUPPORTALE RICERCHE","datePublished":"2018-07-20T20:04:06+00:00","dateModified":"2019-07-30T09:11:01+00:00","mainEntityOfPage":{"@id":"http:\/\/spazio-news.it\/?p=86"},"wordCount":186,"commentCount":0,"publisher":{"@id":"http:\/\/spazio-news.it\/#organization"},"image":{"@id":"http:\/\/spazio-news.it\/?p=86#primaryimage"},"thumbnailUrl":"http:\/\/spazio-news.it\/wp-content\/uploads\/2018\/07\/Spazio-News.it-elicottero-HH-139-Aeronautica-Militare-800-x-445.jpg","articleSection":["03 - ISTITUZIONI"],"inLanguage":"it-IT","potentialAction":[{"@type":"CommentAction","name":"Comment","target":["http:\/\/spazio-news.it\/?p=86#respond"]}]},{"@type":"WebPage","@id":"http:\/\/spazio-news.it\/?p=86","url":"http:\/\/spazio-news.it\/?p=86","name":"RAGAZZINA DISPERSA: HH-139 DELL' AMI SUPPORTALE RICERCHE &#187; Spazio-News Magazine","isPartOf":{"@id":"http:\/\/spazio-news.it\/#website"},"primaryImageOfPage":{"@id":"http:\/\/spazio-news.it\/?p=86#primaryimage"},"image":{"@id":"http:\/\/spazio-news.it\/?p=86#primaryimage"},"thumbnailUrl":"http:\/\/spazio-news.it\/wp-content\/uploads\/2018\/07\/Spazio-News.it-elicottero-HH-139-Aeronautica-Militare-800-x-445.jpg","datePublished":"2018-07-20T20:04:06+00:00","dateModified":"2019-07-30T09:11:01+00:00","description":"Un elicottero HH-139 dell\u2019Aeronautica Militare sta partecipando, su richiesta della Prefettura di Brescia, alle ricerche della bambina","breadcrumb":{"@id":"http:\/\/spazio-news.it\/?p=86#breadcrumb"},"inLanguage":"it-IT","potentialAction":[{"@type":"ReadAction","target":["http:\/\/spazio-news.it\/?p=86"]}]},{"@type":"ImageObject","inLanguage":"it-IT","@id":"http:\/\/spazio-news.it\/?p=86#primaryimage","url":"http:\/\/spazio-news.it\/wp-content\/uploads\/2018\/07\/Spazio-News.it-elicottero-HH-139-Aeronautica-Militare-800-x-445.jpg","contentUrl":"http:\/\/spazio-news.it\/wp-content\/uploads\/2018\/07\/Spazio-News.it-elicottero-HH-139-Aeronautica-Militare-800-x-445.jpg","width":800,"height":445,"caption":"Spazio-News.it - elicottero HH-139 Aeronautica Militare 800 x 445"},{"@type":"BreadcrumbList","@id":"http:\/\/spazio-news.it\/?p=86#breadcrumb","itemListElement":[{"@type":"ListItem","position":1,"name":"Home","item":"http:\/\/spazio-news.it\/"},{"@type":"ListItem","position":2,"name":"RAGAZZINA DISPERSA: HH-139 DELL&#8217; AMI SUPPORTALE RICERCHE"}]},{"@type":"WebSite","@id":"http:\/\/spazio-news.it\/#website","url":"http:\/\/spazio-news.it\/","name":"Spazio-News Magazine","description":"La guida che sfida la complessit\u00e0 del mondo industriale","publisher":{"@id":"http:\/\/spazio-news.it\/#organization"},"alternateName":"Spazio-news.it","potentialAction":[{"@type":"SearchAction","target":{"@type":"EntryPoint","urlTemplate":"http:\/\/spazio-news.it\/?s={search_term_string}"},"query-input":{"@type":"PropertyValueSpecification","valueRequired":true,"valueName":"search_term_string"}}],"inLanguage":"it-IT"},{"@type":"Organization","@id":"http:\/\/spazio-news.it\/#organization","name":"Spazio-News Magazine","url":"http:\/\/spazio-news.it\/","logo":{"@type":"ImageObject","inLanguage":"it-IT","@id":"http:\/\/spazio-news.it\/#\/schema\/logo\/image\/","url":"http:\/\/spazio-news.it\/wp-content\/uploads\/2023\/09\/Logo-Spazio-News-512-x-512-NO-testo.jpg","contentUrl":"http:\/\/spazio-news.it\/wp-content\/uploads\/2023\/09\/Logo-Spazio-News-512-x-512-NO-testo.jpg","width":512,"height":512,"caption":"Spazio-News Magazine"},"image":{"@id":"http:\/\/spazio-news.it\/#\/schema\/logo\/image\/"},"sameAs":["https:\/\/m.facebook.com\/spazio-news-magazine","https:\/\/x.com\/News_spazio"]},{"@type":"Person","@id":"http:\/\/spazio-news.it\/#\/schema\/person\/c600904e882e9e166ed8e5e3773d37b3","name":"Redazione","sameAs":["http:\/\/spazio-news.it","@SpazioNewsMagazine","https:\/\/x.com\/@news_spazio"],"url":"http:\/\/spazio-news.it\/?author=1"}]}},"_links":{"self":[{"href":"http:\/\/spazio-news.it\/index.php?rest_route=\/wp\/v2\/posts\/86","targetHints":{"allow":["GET"]}}],"collection":[{"href":"http:\/\/spazio-news.it\/index.php?rest_route=\/wp\/v2\/posts"}],"about":[{"href":"http:\/\/spazio-news.it\/index.php?rest_route=\/wp\/v2\/types\/post"}],"author":[{"embeddable":true,"href":"http:\/\/spazio-news.it\/index.php?rest_route=\/wp\/v2\/users\/1"}],"replies":[{"embeddable":true,"href":"http:\/\/spazio-news.it\/index.php?rest_route=%2Fwp%2Fv2%2Fcomments&post=86"}],"version-history":[{"count":3,"href":"http:\/\/spazio-news.it\/index.php?rest_route=\/wp\/v2\/posts\/86\/revisions"}],"predecessor-version":[{"id":93,"href":"http:\/\/spazio-news.it\/index.php?rest_route=\/wp\/v2\/posts\/86\/revisions\/93"}],"wp:featuredmedia":[{"embeddable":true,"href":"http:\/\/spazio-news.it\/index.php?rest_route=\/wp\/v2\/media\/105"}],"wp:attachment":[{"href":"http:\/\/spazio-news.it\/index.php?rest_route=%2Fwp%2Fv2%2Fmedia&parent=86"}],"wp:term":[{"taxonomy":"category","embeddable":true,"href":"http:\/\/spazio-news.it\/index.php?rest_route=%2Fwp%2Fv2%2Fcategories&post=86"},{"taxonomy":"post_tag","embeddable":true,"href":"http:\/\/spazio-news.it\/index.php?rest_route=%2Fwp%2Fv2%2Ftags&post=86"}],"curies":[{"name":"wp","href":"https:\/\/api.w.org\/{rel}","templated":true}]}}