{"id":8764,"date":"2020-06-04T06:02:00","date_gmt":"2020-06-04T05:02:00","guid":{"rendered":"http:\/\/spazio-news.it\/?p=8764"},"modified":"2026-01-29T19:45:29","modified_gmt":"2026-01-29T18:45:29","slug":"alitalia-continuita-territoriale-voli-da-alghero-e-olbia-per-roma-e-malpensa","status":"publish","type":"post","link":"http:\/\/spazio-news.it\/?p=8764","title":{"rendered":"ALITALIA, CONTINUIT\u00c0 TERRITORIALE: VOLI DA ALGHERO E OLBIA, PER ROMA E MALPENSA"},"content":{"rendered":"\n<p>Alitalia ha dato avvio, nella giornata di ieri, ai <strong>voli <\/strong>della <a href=\"http:\/\/spazio-news.it\/tag\/continuita-territoriale\">Continuit\u00e0 Territoriale <\/a>dai <strong>due<\/strong> principali aeroporti sardi di Alghero e Olbia per <a href=\"http:\/\/www.adr.it\/fiumicino\">Roma<\/a> e <a href=\"https:\/\/www.milanomalpensa-airport.com\/it\/\">Milano Malpensa<\/a>.<\/p>\n<p>I collegamenti dal <strong>nord della Sardegna<\/strong> si aggiungono ai <strong>servizi aerei in Continuit\u00e0<\/strong> effettuati da e per l\u2019<a href=\"http:\/\/www.sogaer.it\/it\">aeroporto di Cagliari<\/a>, rimasto sempre attivo durante il periodo di \u201clock down\u201d dell\u2019Italia per l\u2019<strong>emergenza sanitaria legata al Covid-19<\/strong>.<\/p>\n<p>Il vettore italiano garantisce oggi i collegamenti su tutte le <strong>6 rotte in Continuit\u00e0 Territoriale<\/strong> dai <strong>3 aeroporti sardi: Cagliari &#8211; Roma<\/strong> <strong>Fiumicino<\/strong>, <strong>Cagliari &#8211; Milano<\/strong>, <strong>Olbia &#8211; Roma Fiumicino<\/strong>, <strong>Olbia &#8211; Milano<\/strong>, <strong>Alghero &#8211; Roma Fiumicino<\/strong>, <strong>Alghero &#8211; Milano<\/strong>. I voli da e per <strong>Milano<\/strong> saranno effettuati sull\u2019<a href=\"https:\/\/www.milanomalpensa-airport.com\/it\/\">aeroporto di Malpensa<\/a> sino alla riapertura dello <strong>scalo di Linate<\/strong>.<\/p>\n<p>\u201c<em>Alitalia ha condiviso con la Regione Sardegna un operativo specifico che prevede 6 voli al giorno (3 andate e 3 ritorni) sulla Cagliari-Roma Fiumicino e 4 voli al giorno (2 andate e 2 ritorni) sulle altre tratte della Continuit\u00e0 Territoriale. Su tutte le rotte \u00e8 sempre assicurata la partenza dall\u2019isola la mattina presto e il rientro in serata, in modo da garantire i viaggi di andata e ritorno in giornata per i residenti in Sardegna<\/em> \u2013 si legge nella nota diffusa dal vettore italiano -. <em>La Compagnia, inoltre, si mantiene in stretto contatto con la Regione Sardegna per verificare l\u2019andamento delle prenotazioni ed eventualmente aggiungere ulteriori voli nel caso si manifestasse una ripresa della domanda tale da giustificare un numero superiore di servizi giornalieri\u201d.<\/em><\/p>\n<p>Per quanto riguarda il <strong>regime tariffario dei voli in Continuit\u00e0 Territoriale<\/strong>, fino al <strong>14 giugno<\/strong> e dal <strong>16 settembre<\/strong> al <strong>24 ottobre<\/strong> sar\u00e0 in <strong>vigore un\u2019unica tariffa per i residenti<\/strong> e per i <strong>non residenti in Sardegna<\/strong>. Dal <strong>15 giugno <\/strong>al<strong> 15 settembre<\/strong> saranno invece disponibili <strong>due diversi schemi tariffari<\/strong>, uno per i <strong>residenti<\/strong> e l\u2019altro per i <strong>non residenti nell\u2019isola<\/strong>.<\/p>\n","protected":false},"excerpt":{"rendered":"<p>Alitalia ha dato avvio, nella giornata di ieri, ai voli della Continuit\u00e0 Territoriale dai due principali aeroporti sardi di Alghero<\/p>\n","protected":false},"author":1,"featured_media":781,"comment_status":"closed","ping_status":"open","sticky":false,"template":"","format":"standard","meta":{"colormag_page_container_layout":"default_layout","colormag_page_sidebar_layout":"default_layout","footnotes":""},"categories":[32,3],"tags":[2447,2155,2718,1230,1839,2395,1229,1013,160,293,4670,643,664,662,1471,1967],"class_list":["post-8764","post","type-post","status-publish","format-standard","has-post-thumbnail","hentry","category-prima-pagina","category-industria","tag-aeroporti-di-roma-adr","tag-aeroporto-di-alghero","tag-aeroporto-di-malpensa","tag-aeroporto-di-milano-linate","tag-aeroporto-di-milano-malpensa","tag-aeroporto-di-olbia","tag-aeroporto-di-roma-fiumicino","tag-aeroporto-milano-malpensa","tag-alitalia","tag-continuita-territoriale","tag-continuita-territoriale-sardegna","tag-malpensa","tag-milano-linate","tag-roma","tag-sea-aeroporti-di-milano","tag-sogaer-societa-di-gestione-dellaeroporto-di-cagliari"],"yoast_head":"<!-- This site is optimized with the Yoast SEO plugin v26.8 - https:\/\/yoast.com\/product\/yoast-seo-wordpress\/ -->\n<title>ALITALIA, CONTINUIT\u00c0 TERRITORIALE: VOLI DA ALGHERO E OLBIA, PER ROMA E MALPENSA &#187; Spazio-News Magazine<\/title>\n<meta name=\"description\" content=\"Alitalia ha dato avvio, nella giornata di ieri, ai voli della Continuit\u00e0 Territoriale dai 2 aeroporti di Alghero e Olbia per Roma e Malpensa\" \/>\n<meta name=\"robots\" content=\"index, follow, max-snippet:-1, max-image-preview:large, max-video-preview:-1\" \/>\n<link rel=\"canonical\" href=\"http:\/\/spazio-news.it\/?p=8764\" \/>\n<meta property=\"og:locale\" content=\"it_IT\" \/>\n<meta property=\"og:type\" content=\"article\" \/>\n<meta property=\"og:title\" content=\"ALITALIA, CONTINUIT\u00c0 TERRITORIALE: VOLI DA ALGHERO E OLBIA, PER ROMA E MALPENSA &#187; Spazio-News Magazine\" \/>\n<meta property=\"og:description\" content=\"Alitalia ha dato avvio, nella giornata di ieri, ai voli della Continuit\u00e0 Territoriale dai 2 aeroporti di Alghero e Olbia per Roma e Malpensa\" \/>\n<meta property=\"og:url\" content=\"http:\/\/spazio-news.it\/?p=8764\" \/>\n<meta property=\"og:site_name\" content=\"Spazio-News Magazine\" \/>\n<meta property=\"article:publisher\" content=\"https:\/\/m.facebook.com\/spazio-news-magazine\" \/>\n<meta property=\"article:author\" content=\"@SpazioNewsMagazine\" \/>\n<meta property=\"article:published_time\" content=\"2020-06-04T05:02:00+00:00\" \/>\n<meta property=\"article:modified_time\" content=\"2026-01-29T18:45:29+00:00\" \/>\n<meta property=\"og:image\" content=\"http:\/\/spazio-news.it\/wp-content\/uploads\/2018\/09\/Alitalia_CostaCrociere_Spazio-news-e1591182438461.png\" \/>\n\t<meta property=\"og:image:width\" content=\"800\" \/>\n\t<meta property=\"og:image:height\" content=\"446\" \/>\n\t<meta property=\"og:image:type\" content=\"image\/png\" \/>\n<meta name=\"author\" content=\"Redazione\" \/>\n<meta name=\"twitter:card\" content=\"summary_large_image\" \/>\n<meta name=\"twitter:creator\" content=\"@news_spazio\" \/>\n<meta name=\"twitter:site\" content=\"@News_spazio\" \/>\n<meta name=\"twitter:label1\" content=\"Scritto da\" \/>\n\t<meta name=\"twitter:data1\" content=\"Redazione\" \/>\n\t<meta name=\"twitter:label2\" content=\"Tempo di lettura stimato\" \/>\n\t<meta name=\"twitter:data2\" content=\"2 minuti\" \/>\n<script type=\"application\/ld+json\" class=\"yoast-schema-graph\">{\"@context\":\"https:\/\/schema.org\",\"@graph\":[{\"@type\":\"NewsArticle\",\"@id\":\"http:\/\/spazio-news.it\/?p=8764#article\",\"isPartOf\":{\"@id\":\"http:\/\/spazio-news.it\/?p=8764\"},\"author\":{\"name\":\"Redazione\",\"@id\":\"http:\/\/spazio-news.it\/#\/schema\/person\/c600904e882e9e166ed8e5e3773d37b3\"},\"headline\":\"ALITALIA, CONTINUIT\u00c0 TERRITORIALE: VOLI DA ALGHERO E OLBIA, PER ROMA E MALPENSA\",\"datePublished\":\"2020-06-04T05:02:00+00:00\",\"dateModified\":\"2026-01-29T18:45:29+00:00\",\"mainEntityOfPage\":{\"@id\":\"http:\/\/spazio-news.it\/?p=8764\"},\"wordCount\":312,\"publisher\":{\"@id\":\"http:\/\/spazio-news.it\/#organization\"},\"image\":{\"@id\":\"http:\/\/spazio-news.it\/?p=8764#primaryimage\"},\"thumbnailUrl\":\"http:\/\/spazio-news.it\/wp-content\/uploads\/2018\/09\/Alitalia_CostaCrociere_Spazio-news-e1591182438461.png\",\"keywords\":[\"Aeroporti di Roma - ADR\",\"Aeroporto di Alghero\",\"Aeroporto di Malpensa\",\"Aeroporto di Milano Linate\",\"Aeroporto di Milano Malpensa\",\"Aeroporto di Olbia\",\"Aeroporto di Roma Fiumicino\",\"Aeroporto Milano Malpensa\",\"Alitalia\",\"continuit\u00e0 territoriale\",\"Continuit\u00e0 territoriale Sardegna\",\"Malpensa\",\"Milano Linate\",\"Roma\",\"SEA - Aeroporti di Milano\",\"Sogaer societ\u00e0 di gestione dell\u2019Aeroporto di Cagliari\"],\"articleSection\":[\"01 - PRIMA PAGINA\",\"02 - INDUSTRIA\"],\"inLanguage\":\"it-IT\"},{\"@type\":\"WebPage\",\"@id\":\"http:\/\/spazio-news.it\/?p=8764\",\"url\":\"http:\/\/spazio-news.it\/?p=8764\",\"name\":\"ALITALIA, CONTINUIT\u00c0 TERRITORIALE: VOLI DA ALGHERO E OLBIA, PER ROMA E MALPENSA &#187; Spazio-News Magazine\",\"isPartOf\":{\"@id\":\"http:\/\/spazio-news.it\/#website\"},\"primaryImageOfPage\":{\"@id\":\"http:\/\/spazio-news.it\/?p=8764#primaryimage\"},\"image\":{\"@id\":\"http:\/\/spazio-news.it\/?p=8764#primaryimage\"},\"thumbnailUrl\":\"http:\/\/spazio-news.it\/wp-content\/uploads\/2018\/09\/Alitalia_CostaCrociere_Spazio-news-e1591182438461.png\",\"datePublished\":\"2020-06-04T05:02:00+00:00\",\"dateModified\":\"2026-01-29T18:45:29+00:00\",\"description\":\"Alitalia ha dato avvio, nella giornata di ieri, ai voli della Continuit\u00e0 Territoriale dai 2 aeroporti di Alghero e Olbia per Roma e Malpensa\",\"breadcrumb\":{\"@id\":\"http:\/\/spazio-news.it\/?p=8764#breadcrumb\"},\"inLanguage\":\"it-IT\",\"potentialAction\":[{\"@type\":\"ReadAction\",\"target\":[\"http:\/\/spazio-news.it\/?p=8764\"]}]},{\"@type\":\"ImageObject\",\"inLanguage\":\"it-IT\",\"@id\":\"http:\/\/spazio-news.it\/?p=8764#primaryimage\",\"url\":\"http:\/\/spazio-news.it\/wp-content\/uploads\/2018\/09\/Alitalia_CostaCrociere_Spazio-news-e1591182438461.png\",\"contentUrl\":\"http:\/\/spazio-news.it\/wp-content\/uploads\/2018\/09\/Alitalia_CostaCrociere_Spazio-news-e1591182438461.png\",\"width\":800,\"height\":446,\"caption\":\"Alitalia_CostaCrociere_Spazio-news\"},{\"@type\":\"BreadcrumbList\",\"@id\":\"http:\/\/spazio-news.it\/?p=8764#breadcrumb\",\"itemListElement\":[{\"@type\":\"ListItem\",\"position\":1,\"name\":\"Home\",\"item\":\"http:\/\/spazio-news.it\/\"},{\"@type\":\"ListItem\",\"position\":2,\"name\":\"ALITALIA, CONTINUIT\u00c0 TERRITORIALE: VOLI DA ALGHERO E OLBIA, PER ROMA E MALPENSA\"}]},{\"@type\":\"WebSite\",\"@id\":\"http:\/\/spazio-news.it\/#website\",\"url\":\"http:\/\/spazio-news.it\/\",\"name\":\"Spazio-News Magazine\",\"description\":\"La guida che sfida la complessit\u00e0 del mondo industriale\",\"publisher\":{\"@id\":\"http:\/\/spazio-news.it\/#organization\"},\"alternateName\":\"Spazio-news.it\",\"potentialAction\":[{\"@type\":\"SearchAction\",\"target\":{\"@type\":\"EntryPoint\",\"urlTemplate\":\"http:\/\/spazio-news.it\/?s={search_term_string}\"},\"query-input\":{\"@type\":\"PropertyValueSpecification\",\"valueRequired\":true,\"valueName\":\"search_term_string\"}}],\"inLanguage\":\"it-IT\"},{\"@type\":\"Organization\",\"@id\":\"http:\/\/spazio-news.it\/#organization\",\"name\":\"Spazio-News Magazine\",\"url\":\"http:\/\/spazio-news.it\/\",\"logo\":{\"@type\":\"ImageObject\",\"inLanguage\":\"it-IT\",\"@id\":\"http:\/\/spazio-news.it\/#\/schema\/logo\/image\/\",\"url\":\"http:\/\/spazio-news.it\/wp-content\/uploads\/2023\/09\/Logo-Spazio-News-512-x-512-NO-testo.jpg\",\"contentUrl\":\"http:\/\/spazio-news.it\/wp-content\/uploads\/2023\/09\/Logo-Spazio-News-512-x-512-NO-testo.jpg\",\"width\":512,\"height\":512,\"caption\":\"Spazio-News Magazine\"},\"image\":{\"@id\":\"http:\/\/spazio-news.it\/#\/schema\/logo\/image\/\"},\"sameAs\":[\"https:\/\/m.facebook.com\/spazio-news-magazine\",\"https:\/\/x.com\/News_spazio\"]},{\"@type\":\"Person\",\"@id\":\"http:\/\/spazio-news.it\/#\/schema\/person\/c600904e882e9e166ed8e5e3773d37b3\",\"name\":\"Redazione\",\"sameAs\":[\"http:\/\/spazio-news.it\",\"@SpazioNewsMagazine\",\"https:\/\/x.com\/@news_spazio\"],\"url\":\"http:\/\/spazio-news.it\/?author=1\"}]}<\/script>\n<!-- \/ Yoast SEO plugin. -->","yoast_head_json":{"title":"ALITALIA, CONTINUIT\u00c0 TERRITORIALE: VOLI DA ALGHERO E OLBIA, PER ROMA E MALPENSA &#187; Spazio-News Magazine","description":"Alitalia ha dato avvio, nella giornata di ieri, ai voli della Continuit\u00e0 Territoriale dai 2 aeroporti di Alghero e Olbia per Roma e Malpensa","robots":{"index":"index","follow":"follow","max-snippet":"max-snippet:-1","max-image-preview":"max-image-preview:large","max-video-preview":"max-video-preview:-1"},"canonical":"http:\/\/spazio-news.it\/?p=8764","og_locale":"it_IT","og_type":"article","og_title":"ALITALIA, CONTINUIT\u00c0 TERRITORIALE: VOLI DA ALGHERO E OLBIA, PER ROMA E MALPENSA &#187; Spazio-News Magazine","og_description":"Alitalia ha dato avvio, nella giornata di ieri, ai voli della Continuit\u00e0 Territoriale dai 2 aeroporti di Alghero e Olbia per Roma e Malpensa","og_url":"http:\/\/spazio-news.it\/?p=8764","og_site_name":"Spazio-News Magazine","article_publisher":"https:\/\/m.facebook.com\/spazio-news-magazine","article_author":"@SpazioNewsMagazine","article_published_time":"2020-06-04T05:02:00+00:00","article_modified_time":"2026-01-29T18:45:29+00:00","og_image":[{"width":800,"height":446,"url":"http:\/\/spazio-news.it\/wp-content\/uploads\/2018\/09\/Alitalia_CostaCrociere_Spazio-news-e1591182438461.png","type":"image\/png"}],"author":"Redazione","twitter_card":"summary_large_image","twitter_creator":"@news_spazio","twitter_site":"@News_spazio","twitter_misc":{"Scritto da":"Redazione","Tempo di lettura stimato":"2 minuti"},"schema":{"@context":"https:\/\/schema.org","@graph":[{"@type":"NewsArticle","@id":"http:\/\/spazio-news.it\/?p=8764#article","isPartOf":{"@id":"http:\/\/spazio-news.it\/?p=8764"},"author":{"name":"Redazione","@id":"http:\/\/spazio-news.it\/#\/schema\/person\/c600904e882e9e166ed8e5e3773d37b3"},"headline":"ALITALIA, CONTINUIT\u00c0 TERRITORIALE: VOLI DA ALGHERO E OLBIA, PER ROMA E MALPENSA","datePublished":"2020-06-04T05:02:00+00:00","dateModified":"2026-01-29T18:45:29+00:00","mainEntityOfPage":{"@id":"http:\/\/spazio-news.it\/?p=8764"},"wordCount":312,"publisher":{"@id":"http:\/\/spazio-news.it\/#organization"},"image":{"@id":"http:\/\/spazio-news.it\/?p=8764#primaryimage"},"thumbnailUrl":"http:\/\/spazio-news.it\/wp-content\/uploads\/2018\/09\/Alitalia_CostaCrociere_Spazio-news-e1591182438461.png","keywords":["Aeroporti di Roma - ADR","Aeroporto di Alghero","Aeroporto di Malpensa","Aeroporto di Milano Linate","Aeroporto di Milano Malpensa","Aeroporto di Olbia","Aeroporto di Roma Fiumicino","Aeroporto Milano Malpensa","Alitalia","continuit\u00e0 territoriale","Continuit\u00e0 territoriale Sardegna","Malpensa","Milano Linate","Roma","SEA - Aeroporti di Milano","Sogaer societ\u00e0 di gestione dell\u2019Aeroporto di Cagliari"],"articleSection":["01 - PRIMA PAGINA","02 - INDUSTRIA"],"inLanguage":"it-IT"},{"@type":"WebPage","@id":"http:\/\/spazio-news.it\/?p=8764","url":"http:\/\/spazio-news.it\/?p=8764","name":"ALITALIA, CONTINUIT\u00c0 TERRITORIALE: VOLI DA ALGHERO E OLBIA, PER ROMA E MALPENSA &#187; Spazio-News Magazine","isPartOf":{"@id":"http:\/\/spazio-news.it\/#website"},"primaryImageOfPage":{"@id":"http:\/\/spazio-news.it\/?p=8764#primaryimage"},"image":{"@id":"http:\/\/spazio-news.it\/?p=8764#primaryimage"},"thumbnailUrl":"http:\/\/spazio-news.it\/wp-content\/uploads\/2018\/09\/Alitalia_CostaCrociere_Spazio-news-e1591182438461.png","datePublished":"2020-06-04T05:02:00+00:00","dateModified":"2026-01-29T18:45:29+00:00","description":"Alitalia ha dato avvio, nella giornata di ieri, ai voli della Continuit\u00e0 Territoriale dai 2 aeroporti di Alghero e Olbia per Roma e Malpensa","breadcrumb":{"@id":"http:\/\/spazio-news.it\/?p=8764#breadcrumb"},"inLanguage":"it-IT","potentialAction":[{"@type":"ReadAction","target":["http:\/\/spazio-news.it\/?p=8764"]}]},{"@type":"ImageObject","inLanguage":"it-IT","@id":"http:\/\/spazio-news.it\/?p=8764#primaryimage","url":"http:\/\/spazio-news.it\/wp-content\/uploads\/2018\/09\/Alitalia_CostaCrociere_Spazio-news-e1591182438461.png","contentUrl":"http:\/\/spazio-news.it\/wp-content\/uploads\/2018\/09\/Alitalia_CostaCrociere_Spazio-news-e1591182438461.png","width":800,"height":446,"caption":"Alitalia_CostaCrociere_Spazio-news"},{"@type":"BreadcrumbList","@id":"http:\/\/spazio-news.it\/?p=8764#breadcrumb","itemListElement":[{"@type":"ListItem","position":1,"name":"Home","item":"http:\/\/spazio-news.it\/"},{"@type":"ListItem","position":2,"name":"ALITALIA, CONTINUIT\u00c0 TERRITORIALE: VOLI DA ALGHERO E OLBIA, PER ROMA E MALPENSA"}]},{"@type":"WebSite","@id":"http:\/\/spazio-news.it\/#website","url":"http:\/\/spazio-news.it\/","name":"Spazio-News Magazine","description":"La guida che sfida la complessit\u00e0 del mondo industriale","publisher":{"@id":"http:\/\/spazio-news.it\/#organization"},"alternateName":"Spazio-news.it","potentialAction":[{"@type":"SearchAction","target":{"@type":"EntryPoint","urlTemplate":"http:\/\/spazio-news.it\/?s={search_term_string}"},"query-input":{"@type":"PropertyValueSpecification","valueRequired":true,"valueName":"search_term_string"}}],"inLanguage":"it-IT"},{"@type":"Organization","@id":"http:\/\/spazio-news.it\/#organization","name":"Spazio-News Magazine","url":"http:\/\/spazio-news.it\/","logo":{"@type":"ImageObject","inLanguage":"it-IT","@id":"http:\/\/spazio-news.it\/#\/schema\/logo\/image\/","url":"http:\/\/spazio-news.it\/wp-content\/uploads\/2023\/09\/Logo-Spazio-News-512-x-512-NO-testo.jpg","contentUrl":"http:\/\/spazio-news.it\/wp-content\/uploads\/2023\/09\/Logo-Spazio-News-512-x-512-NO-testo.jpg","width":512,"height":512,"caption":"Spazio-News Magazine"},"image":{"@id":"http:\/\/spazio-news.it\/#\/schema\/logo\/image\/"},"sameAs":["https:\/\/m.facebook.com\/spazio-news-magazine","https:\/\/x.com\/News_spazio"]},{"@type":"Person","@id":"http:\/\/spazio-news.it\/#\/schema\/person\/c600904e882e9e166ed8e5e3773d37b3","name":"Redazione","sameAs":["http:\/\/spazio-news.it","@SpazioNewsMagazine","https:\/\/x.com\/@news_spazio"],"url":"http:\/\/spazio-news.it\/?author=1"}]}},"_links":{"self":[{"href":"http:\/\/spazio-news.it\/index.php?rest_route=\/wp\/v2\/posts\/8764","targetHints":{"allow":["GET"]}}],"collection":[{"href":"http:\/\/spazio-news.it\/index.php?rest_route=\/wp\/v2\/posts"}],"about":[{"href":"http:\/\/spazio-news.it\/index.php?rest_route=\/wp\/v2\/types\/post"}],"author":[{"embeddable":true,"href":"http:\/\/spazio-news.it\/index.php?rest_route=\/wp\/v2\/users\/1"}],"replies":[{"embeddable":true,"href":"http:\/\/spazio-news.it\/index.php?rest_route=%2Fwp%2Fv2%2Fcomments&post=8764"}],"version-history":[{"count":4,"href":"http:\/\/spazio-news.it\/index.php?rest_route=\/wp\/v2\/posts\/8764\/revisions"}],"predecessor-version":[{"id":12637,"href":"http:\/\/spazio-news.it\/index.php?rest_route=\/wp\/v2\/posts\/8764\/revisions\/12637"}],"wp:featuredmedia":[{"embeddable":true,"href":"http:\/\/spazio-news.it\/index.php?rest_route=\/wp\/v2\/media\/781"}],"wp:attachment":[{"href":"http:\/\/spazio-news.it\/index.php?rest_route=%2Fwp%2Fv2%2Fmedia&parent=8764"}],"wp:term":[{"taxonomy":"category","embeddable":true,"href":"http:\/\/spazio-news.it\/index.php?rest_route=%2Fwp%2Fv2%2Fcategories&post=8764"},{"taxonomy":"post_tag","embeddable":true,"href":"http:\/\/spazio-news.it\/index.php?rest_route=%2Fwp%2Fv2%2Ftags&post=8764"}],"curies":[{"name":"wp","href":"https:\/\/api.w.org\/{rel}","templated":true}]}}