{"id":943,"date":"2018-09-14T05:30:56","date_gmt":"2018-09-14T05:30:56","guid":{"rendered":"http:\/\/spazio-news.it\/?p=943"},"modified":"2019-05-27T20:07:03","modified_gmt":"2019-05-27T19:07:03","slug":"am-conclusa-con-successo-lesercitazione-sar-terra","status":"publish","type":"post","link":"http:\/\/spazio-news.it\/?p=943","title":{"rendered":"AM: CONCLUSA CON SUCCESSO L\u2019ESERCITAZIONE SAR-TERRA"},"content":{"rendered":"<p>Si \u00e8 conclusa con successo l\u2019esercitazione congiunta tra il <strong>9\u00b0<\/strong> <strong>Stormo di Grazzanise <\/strong>(CE) ed il <strong>Corpo Nazionale Soccorso Alpino e Speleologico &#8211; CNSAS<\/strong> della Regione <strong>Molise<\/strong>.<\/p>\n<p>Un <strong>elicottero HH212<\/strong> del <strong>21\u00b0 Gruppo \u201cTiger\u201d<\/strong> del <strong>9\u00b0 Stormo di Grazzanise<\/strong>, comandato dal Colonnello pilota <strong>Nicola LUCIVERO<\/strong>, ha effettuato sortite dalla base di Campochiaro (CB) per l\u2019<strong>addestramento di ricerca e soccorso <\/strong>sul monte <strong>Matese<\/strong>.<\/p>\n<p>Avioimbarchi, rilasci e recuperi con verricello in <strong>ambiente montano<\/strong>, anche da pareti rocciose, sono state le attivit\u00e0 preminenti e peculiari dell\u2019esercitazione, che hanno consentito sia agli equipaggi del \u201c<strong>cavallino rampante<\/strong>\u201d che agli uomini e alle donne del CNSAS di <strong>operare in sinergia<\/strong> massimizzando il ritorno addestrativo.<\/p>\n<p>Due equipaggi si sono alternati per consentire ai <strong>13 operatori del Soccorso Alpino<\/strong> suddivisi in <strong>3 Squadre<\/strong> di calarsi nelle gole montane sotto la guida del Responsabile regionale <strong>Mariano ARCARO<\/strong>.<\/p>\n<p>Questa tipologia di <strong>esercitazioni<\/strong> di ricerca e soccorso (<strong>SAR \u2013 Search and Rescue<\/strong>) denominata <strong>SATER<\/strong> (<strong>SAR-TERRA<\/strong>) sono svolte periodicamente nel corso dell&#8217;anno nella cornice di un accordo tra l&#8217;Aeronautica Militare ed il <strong>Soccorso Alpino e Speleologico Nazionale<\/strong> finalizzato al mantenimento delle capacit\u00e0 nel settore del <strong>Soccorso Aereo<\/strong>.<\/p>\n<p><em>\u201cDopo una propedeutica fase di predisposizione all\u2019attivit\u00e0, avvenuta attraverso un dettagliato briefing pre-volo, il velivolo si \u00e8 diretto in alta montagna per simulare il recupero di persone disperse in ambiente impervio<\/em> \u2013 si legge nella nota stampa diffusa dall\u2019Aeronautica Italiana -. <em>Questa tipologia di esercitazione si prefigge lo scopo di affinare la capacit\u00e0 di integrazione e di interoperabilit\u00e0 tra le diverse componenti chiamate a concorrere alle complesse e delicate attivit\u00e0 di ricerca e primo intervento, in occasione di calamit\u00e0 naturali che si possono verificare sul territorio nazionale. A Gennaio e ad Agosto 2017, infatti, gli equipaggi del 9\u00b0 Stormo sono intervenuti, proprio nell\u2019ambito dell\u2019attivit\u00e0 di Ricerca e Soccorso di feriti e dispersi in due eventi particolarmente rilevanti e rispettivamente in occasione del travolgimento del Hotel Rigopiano da parte di una slavina sul Gran Sasso D\u2019Italia e sull\u2019isola di Ischia in soccorso alla popolazione colpita dal terremoto\u201d.<\/em><\/p>\n","protected":false},"excerpt":{"rendered":"<p>Si \u00e8 conclusa con successo l\u2019esercitazione congiunta tra il 9\u00b0 Stormo di Grazzanise (CE) ed il Corpo Nazionale Soccorso Alpino<\/p>\n","protected":false},"author":1,"featured_media":944,"comment_status":"closed","ping_status":"open","sticky":false,"template":"","format":"standard","meta":{"colormag_page_container_layout":"default_layout","colormag_page_sidebar_layout":"default_layout","footnotes":""},"categories":[32,4],"tags":[691,54,687,311,688,690,689],"class_list":["post-943","post","type-post","status-publish","format-standard","has-post-thumbnail","hentry","category-prima-pagina","category-istituzioni","tag-9-stormo-di-grazzanise","tag-aeronautica-militare-italiana","tag-corpo-nazionale-soccorso-alpino-e-speleologico-cnsas","tag-esercitazione","tag-sar","tag-sar-search-and-rescue","tag-sar-terra"],"yoast_head":"<!-- This site is optimized with the Yoast SEO plugin v26.8 - https:\/\/yoast.com\/product\/yoast-seo-wordpress\/ -->\n<title>AM: CONCLUSA CON SUCCESSO L\u2019ESERCITAZIONE SAR-TERRA &#187; Spazio-News Magazine<\/title>\n<meta name=\"description\" content=\"Si \u00e8 conclusa con successo l\u2019esercitazione congiunta tra il 9\u00b0 Stormo di Grazzanise (CE) ed il Corpo Nazionale Soccorso Alpino e Speleologico - CNSAS della\" \/>\n<meta name=\"robots\" content=\"index, follow, max-snippet:-1, max-image-preview:large, max-video-preview:-1\" \/>\n<link rel=\"canonical\" href=\"http:\/\/spazio-news.it\/?p=943\" \/>\n<meta property=\"og:locale\" content=\"it_IT\" \/>\n<meta property=\"og:type\" content=\"article\" \/>\n<meta property=\"og:title\" content=\"AM: CONCLUSA CON SUCCESSO L\u2019ESERCITAZIONE SAR-TERRA &#187; Spazio-News Magazine\" \/>\n<meta property=\"og:description\" content=\"Si \u00e8 conclusa con successo l\u2019esercitazione congiunta tra il 9\u00b0 Stormo di Grazzanise (CE) ed il Corpo Nazionale Soccorso Alpino e Speleologico - CNSAS della\" \/>\n<meta property=\"og:url\" content=\"http:\/\/spazio-news.it\/?p=943\" \/>\n<meta property=\"og:site_name\" content=\"Spazio-News Magazine\" \/>\n<meta property=\"article:publisher\" content=\"https:\/\/m.facebook.com\/spazio-news-magazine\" \/>\n<meta property=\"article:author\" content=\"@SpazioNewsMagazine\" \/>\n<meta property=\"article:published_time\" content=\"2018-09-14T05:30:56+00:00\" \/>\n<meta property=\"article:modified_time\" content=\"2019-05-27T19:07:03+00:00\" \/>\n<meta property=\"og:image\" content=\"http:\/\/spazio-news.it\/wp-content\/uploads\/2018\/09\/AM-Elicottero-SAR-Spazio-News.it_.jpg\" \/>\n\t<meta property=\"og:image:width\" content=\"800\" \/>\n\t<meta property=\"og:image:height\" content=\"446\" \/>\n\t<meta property=\"og:image:type\" content=\"image\/jpeg\" \/>\n<meta name=\"author\" content=\"Redazione\" \/>\n<meta name=\"twitter:card\" content=\"summary_large_image\" \/>\n<meta name=\"twitter:creator\" content=\"@news_spazio\" \/>\n<meta name=\"twitter:site\" content=\"@News_spazio\" \/>\n<meta name=\"twitter:label1\" content=\"Scritto da\" \/>\n\t<meta name=\"twitter:data1\" content=\"Redazione\" \/>\n\t<meta name=\"twitter:label2\" content=\"Tempo di lettura stimato\" \/>\n\t<meta name=\"twitter:data2\" content=\"2 minuti\" \/>\n<script type=\"application\/ld+json\" class=\"yoast-schema-graph\">{\"@context\":\"https:\/\/schema.org\",\"@graph\":[{\"@type\":\"NewsArticle\",\"@id\":\"http:\/\/spazio-news.it\/?p=943#article\",\"isPartOf\":{\"@id\":\"http:\/\/spazio-news.it\/?p=943\"},\"author\":{\"name\":\"Redazione\",\"@id\":\"http:\/\/spazio-news.it\/#\/schema\/person\/c600904e882e9e166ed8e5e3773d37b3\"},\"headline\":\"AM: CONCLUSA CON SUCCESSO L\u2019ESERCITAZIONE SAR-TERRA\",\"datePublished\":\"2018-09-14T05:30:56+00:00\",\"dateModified\":\"2019-05-27T19:07:03+00:00\",\"mainEntityOfPage\":{\"@id\":\"http:\/\/spazio-news.it\/?p=943\"},\"wordCount\":338,\"publisher\":{\"@id\":\"http:\/\/spazio-news.it\/#organization\"},\"image\":{\"@id\":\"http:\/\/spazio-news.it\/?p=943#primaryimage\"},\"thumbnailUrl\":\"http:\/\/spazio-news.it\/wp-content\/uploads\/2018\/09\/AM-Elicottero-SAR-Spazio-News.it_.jpg\",\"keywords\":[\"9\u00b0 Stormo di Grazzanise\",\"Aeronautica Militare Italiana\",\"Corpo Nazionale Soccorso Alpino e Speleologico - CNSAS\",\"Esercitazione\",\"SAR\",\"SAR \u2013 Search and Rescue\",\"SAR-TERRA\"],\"articleSection\":[\"01 - PRIMA PAGINA\",\"03 - ISTITUZIONI\"],\"inLanguage\":\"it-IT\"},{\"@type\":\"WebPage\",\"@id\":\"http:\/\/spazio-news.it\/?p=943\",\"url\":\"http:\/\/spazio-news.it\/?p=943\",\"name\":\"AM: CONCLUSA CON SUCCESSO L\u2019ESERCITAZIONE SAR-TERRA &#187; Spazio-News Magazine\",\"isPartOf\":{\"@id\":\"http:\/\/spazio-news.it\/#website\"},\"primaryImageOfPage\":{\"@id\":\"http:\/\/spazio-news.it\/?p=943#primaryimage\"},\"image\":{\"@id\":\"http:\/\/spazio-news.it\/?p=943#primaryimage\"},\"thumbnailUrl\":\"http:\/\/spazio-news.it\/wp-content\/uploads\/2018\/09\/AM-Elicottero-SAR-Spazio-News.it_.jpg\",\"datePublished\":\"2018-09-14T05:30:56+00:00\",\"dateModified\":\"2019-05-27T19:07:03+00:00\",\"description\":\"Si \u00e8 conclusa con successo l\u2019esercitazione congiunta tra il 9\u00b0 Stormo di Grazzanise (CE) ed il Corpo Nazionale Soccorso Alpino e Speleologico - CNSAS della\",\"breadcrumb\":{\"@id\":\"http:\/\/spazio-news.it\/?p=943#breadcrumb\"},\"inLanguage\":\"it-IT\",\"potentialAction\":[{\"@type\":\"ReadAction\",\"target\":[\"http:\/\/spazio-news.it\/?p=943\"]}]},{\"@type\":\"ImageObject\",\"inLanguage\":\"it-IT\",\"@id\":\"http:\/\/spazio-news.it\/?p=943#primaryimage\",\"url\":\"http:\/\/spazio-news.it\/wp-content\/uploads\/2018\/09\/AM-Elicottero-SAR-Spazio-News.it_.jpg\",\"contentUrl\":\"http:\/\/spazio-news.it\/wp-content\/uploads\/2018\/09\/AM-Elicottero-SAR-Spazio-News.it_.jpg\",\"width\":800,\"height\":446,\"caption\":\"Elicottero SAR Spazio-News.it\"},{\"@type\":\"BreadcrumbList\",\"@id\":\"http:\/\/spazio-news.it\/?p=943#breadcrumb\",\"itemListElement\":[{\"@type\":\"ListItem\",\"position\":1,\"name\":\"Home\",\"item\":\"http:\/\/spazio-news.it\/\"},{\"@type\":\"ListItem\",\"position\":2,\"name\":\"AM: CONCLUSA CON SUCCESSO L\u2019ESERCITAZIONE SAR-TERRA\"}]},{\"@type\":\"WebSite\",\"@id\":\"http:\/\/spazio-news.it\/#website\",\"url\":\"http:\/\/spazio-news.it\/\",\"name\":\"Spazio-News Magazine\",\"description\":\"La guida che sfida la complessit\u00e0 del mondo industriale\",\"publisher\":{\"@id\":\"http:\/\/spazio-news.it\/#organization\"},\"alternateName\":\"Spazio-news.it\",\"potentialAction\":[{\"@type\":\"SearchAction\",\"target\":{\"@type\":\"EntryPoint\",\"urlTemplate\":\"http:\/\/spazio-news.it\/?s={search_term_string}\"},\"query-input\":{\"@type\":\"PropertyValueSpecification\",\"valueRequired\":true,\"valueName\":\"search_term_string\"}}],\"inLanguage\":\"it-IT\"},{\"@type\":\"Organization\",\"@id\":\"http:\/\/spazio-news.it\/#organization\",\"name\":\"Spazio-News Magazine\",\"url\":\"http:\/\/spazio-news.it\/\",\"logo\":{\"@type\":\"ImageObject\",\"inLanguage\":\"it-IT\",\"@id\":\"http:\/\/spazio-news.it\/#\/schema\/logo\/image\/\",\"url\":\"http:\/\/spazio-news.it\/wp-content\/uploads\/2023\/09\/Logo-Spazio-News-512-x-512-NO-testo.jpg\",\"contentUrl\":\"http:\/\/spazio-news.it\/wp-content\/uploads\/2023\/09\/Logo-Spazio-News-512-x-512-NO-testo.jpg\",\"width\":512,\"height\":512,\"caption\":\"Spazio-News Magazine\"},\"image\":{\"@id\":\"http:\/\/spazio-news.it\/#\/schema\/logo\/image\/\"},\"sameAs\":[\"https:\/\/m.facebook.com\/spazio-news-magazine\",\"https:\/\/x.com\/News_spazio\"]},{\"@type\":\"Person\",\"@id\":\"http:\/\/spazio-news.it\/#\/schema\/person\/c600904e882e9e166ed8e5e3773d37b3\",\"name\":\"Redazione\",\"sameAs\":[\"http:\/\/spazio-news.it\",\"@SpazioNewsMagazine\",\"https:\/\/x.com\/@news_spazio\"],\"url\":\"http:\/\/spazio-news.it\/?author=1\"}]}<\/script>\n<!-- \/ Yoast SEO plugin. -->","yoast_head_json":{"title":"AM: CONCLUSA CON SUCCESSO L\u2019ESERCITAZIONE SAR-TERRA &#187; Spazio-News Magazine","description":"Si \u00e8 conclusa con successo l\u2019esercitazione congiunta tra il 9\u00b0 Stormo di Grazzanise (CE) ed il Corpo Nazionale Soccorso Alpino e Speleologico - CNSAS della","robots":{"index":"index","follow":"follow","max-snippet":"max-snippet:-1","max-image-preview":"max-image-preview:large","max-video-preview":"max-video-preview:-1"},"canonical":"http:\/\/spazio-news.it\/?p=943","og_locale":"it_IT","og_type":"article","og_title":"AM: CONCLUSA CON SUCCESSO L\u2019ESERCITAZIONE SAR-TERRA &#187; Spazio-News Magazine","og_description":"Si \u00e8 conclusa con successo l\u2019esercitazione congiunta tra il 9\u00b0 Stormo di Grazzanise (CE) ed il Corpo Nazionale Soccorso Alpino e Speleologico - CNSAS della","og_url":"http:\/\/spazio-news.it\/?p=943","og_site_name":"Spazio-News Magazine","article_publisher":"https:\/\/m.facebook.com\/spazio-news-magazine","article_author":"@SpazioNewsMagazine","article_published_time":"2018-09-14T05:30:56+00:00","article_modified_time":"2019-05-27T19:07:03+00:00","og_image":[{"width":800,"height":446,"url":"http:\/\/spazio-news.it\/wp-content\/uploads\/2018\/09\/AM-Elicottero-SAR-Spazio-News.it_.jpg","type":"image\/jpeg"}],"author":"Redazione","twitter_card":"summary_large_image","twitter_creator":"@news_spazio","twitter_site":"@News_spazio","twitter_misc":{"Scritto da":"Redazione","Tempo di lettura stimato":"2 minuti"},"schema":{"@context":"https:\/\/schema.org","@graph":[{"@type":"NewsArticle","@id":"http:\/\/spazio-news.it\/?p=943#article","isPartOf":{"@id":"http:\/\/spazio-news.it\/?p=943"},"author":{"name":"Redazione","@id":"http:\/\/spazio-news.it\/#\/schema\/person\/c600904e882e9e166ed8e5e3773d37b3"},"headline":"AM: CONCLUSA CON SUCCESSO L\u2019ESERCITAZIONE SAR-TERRA","datePublished":"2018-09-14T05:30:56+00:00","dateModified":"2019-05-27T19:07:03+00:00","mainEntityOfPage":{"@id":"http:\/\/spazio-news.it\/?p=943"},"wordCount":338,"publisher":{"@id":"http:\/\/spazio-news.it\/#organization"},"image":{"@id":"http:\/\/spazio-news.it\/?p=943#primaryimage"},"thumbnailUrl":"http:\/\/spazio-news.it\/wp-content\/uploads\/2018\/09\/AM-Elicottero-SAR-Spazio-News.it_.jpg","keywords":["9\u00b0 Stormo di Grazzanise","Aeronautica Militare Italiana","Corpo Nazionale Soccorso Alpino e Speleologico - CNSAS","Esercitazione","SAR","SAR \u2013 Search and Rescue","SAR-TERRA"],"articleSection":["01 - PRIMA PAGINA","03 - ISTITUZIONI"],"inLanguage":"it-IT"},{"@type":"WebPage","@id":"http:\/\/spazio-news.it\/?p=943","url":"http:\/\/spazio-news.it\/?p=943","name":"AM: CONCLUSA CON SUCCESSO L\u2019ESERCITAZIONE SAR-TERRA &#187; Spazio-News Magazine","isPartOf":{"@id":"http:\/\/spazio-news.it\/#website"},"primaryImageOfPage":{"@id":"http:\/\/spazio-news.it\/?p=943#primaryimage"},"image":{"@id":"http:\/\/spazio-news.it\/?p=943#primaryimage"},"thumbnailUrl":"http:\/\/spazio-news.it\/wp-content\/uploads\/2018\/09\/AM-Elicottero-SAR-Spazio-News.it_.jpg","datePublished":"2018-09-14T05:30:56+00:00","dateModified":"2019-05-27T19:07:03+00:00","description":"Si \u00e8 conclusa con successo l\u2019esercitazione congiunta tra il 9\u00b0 Stormo di Grazzanise (CE) ed il Corpo Nazionale Soccorso Alpino e Speleologico - CNSAS della","breadcrumb":{"@id":"http:\/\/spazio-news.it\/?p=943#breadcrumb"},"inLanguage":"it-IT","potentialAction":[{"@type":"ReadAction","target":["http:\/\/spazio-news.it\/?p=943"]}]},{"@type":"ImageObject","inLanguage":"it-IT","@id":"http:\/\/spazio-news.it\/?p=943#primaryimage","url":"http:\/\/spazio-news.it\/wp-content\/uploads\/2018\/09\/AM-Elicottero-SAR-Spazio-News.it_.jpg","contentUrl":"http:\/\/spazio-news.it\/wp-content\/uploads\/2018\/09\/AM-Elicottero-SAR-Spazio-News.it_.jpg","width":800,"height":446,"caption":"Elicottero SAR Spazio-News.it"},{"@type":"BreadcrumbList","@id":"http:\/\/spazio-news.it\/?p=943#breadcrumb","itemListElement":[{"@type":"ListItem","position":1,"name":"Home","item":"http:\/\/spazio-news.it\/"},{"@type":"ListItem","position":2,"name":"AM: CONCLUSA CON SUCCESSO L\u2019ESERCITAZIONE SAR-TERRA"}]},{"@type":"WebSite","@id":"http:\/\/spazio-news.it\/#website","url":"http:\/\/spazio-news.it\/","name":"Spazio-News Magazine","description":"La guida che sfida la complessit\u00e0 del mondo industriale","publisher":{"@id":"http:\/\/spazio-news.it\/#organization"},"alternateName":"Spazio-news.it","potentialAction":[{"@type":"SearchAction","target":{"@type":"EntryPoint","urlTemplate":"http:\/\/spazio-news.it\/?s={search_term_string}"},"query-input":{"@type":"PropertyValueSpecification","valueRequired":true,"valueName":"search_term_string"}}],"inLanguage":"it-IT"},{"@type":"Organization","@id":"http:\/\/spazio-news.it\/#organization","name":"Spazio-News Magazine","url":"http:\/\/spazio-news.it\/","logo":{"@type":"ImageObject","inLanguage":"it-IT","@id":"http:\/\/spazio-news.it\/#\/schema\/logo\/image\/","url":"http:\/\/spazio-news.it\/wp-content\/uploads\/2023\/09\/Logo-Spazio-News-512-x-512-NO-testo.jpg","contentUrl":"http:\/\/spazio-news.it\/wp-content\/uploads\/2023\/09\/Logo-Spazio-News-512-x-512-NO-testo.jpg","width":512,"height":512,"caption":"Spazio-News Magazine"},"image":{"@id":"http:\/\/spazio-news.it\/#\/schema\/logo\/image\/"},"sameAs":["https:\/\/m.facebook.com\/spazio-news-magazine","https:\/\/x.com\/News_spazio"]},{"@type":"Person","@id":"http:\/\/spazio-news.it\/#\/schema\/person\/c600904e882e9e166ed8e5e3773d37b3","name":"Redazione","sameAs":["http:\/\/spazio-news.it","@SpazioNewsMagazine","https:\/\/x.com\/@news_spazio"],"url":"http:\/\/spazio-news.it\/?author=1"}]}},"_links":{"self":[{"href":"http:\/\/spazio-news.it\/index.php?rest_route=\/wp\/v2\/posts\/943","targetHints":{"allow":["GET"]}}],"collection":[{"href":"http:\/\/spazio-news.it\/index.php?rest_route=\/wp\/v2\/posts"}],"about":[{"href":"http:\/\/spazio-news.it\/index.php?rest_route=\/wp\/v2\/types\/post"}],"author":[{"embeddable":true,"href":"http:\/\/spazio-news.it\/index.php?rest_route=\/wp\/v2\/users\/1"}],"replies":[{"embeddable":true,"href":"http:\/\/spazio-news.it\/index.php?rest_route=%2Fwp%2Fv2%2Fcomments&post=943"}],"version-history":[{"count":4,"href":"http:\/\/spazio-news.it\/index.php?rest_route=\/wp\/v2\/posts\/943\/revisions"}],"predecessor-version":[{"id":4662,"href":"http:\/\/spazio-news.it\/index.php?rest_route=\/wp\/v2\/posts\/943\/revisions\/4662"}],"wp:featuredmedia":[{"embeddable":true,"href":"http:\/\/spazio-news.it\/index.php?rest_route=\/wp\/v2\/media\/944"}],"wp:attachment":[{"href":"http:\/\/spazio-news.it\/index.php?rest_route=%2Fwp%2Fv2%2Fmedia&parent=943"}],"wp:term":[{"taxonomy":"category","embeddable":true,"href":"http:\/\/spazio-news.it\/index.php?rest_route=%2Fwp%2Fv2%2Fcategories&post=943"},{"taxonomy":"post_tag","embeddable":true,"href":"http:\/\/spazio-news.it\/index.php?rest_route=%2Fwp%2Fv2%2Ftags&post=943"}],"curies":[{"name":"wp","href":"https:\/\/api.w.org\/{rel}","templated":true}]}}