{"id":9485,"date":"2021-01-27T03:20:00","date_gmt":"2021-01-27T02:20:00","guid":{"rendered":"http:\/\/spazio-news.it\/?p=9485"},"modified":"2021-01-27T11:32:08","modified_gmt":"2021-01-27T10:32:08","slug":"superate-le-55-000-ore-di-volo-totali-per-i-droni-predator-dellami","status":"publish","type":"post","link":"http:\/\/spazio-news.it\/?p=9485","title":{"rendered":"SUPERATE LE 55.000 ORE DI VOLO PER I DRONI PREDATOR DELL\u2019AMI"},"content":{"rendered":"\n<p>Il 32\u00b0 Stormo di Amendola, con i droni Predator del 28\u00b0 Gruppo APR, del 61\u00b0 Gruppo operante da Sigonella e del Task Group &#8220;Araba Fenice&#8221; operante fuori dai confini nazionali, ha raggiunto nelle scorse settimane il traguardo di 55.000 ore di volo totali, di cui 7.100 ore volate nel solo 2020. \u00c8 il record annuale, da quando la nostra Aeronautica ha preso in dotazione i velivoli a pilotaggio remoto Predator.<\/p>\n<p><em>\u201cNel 2020 il 32\u00b0 Stormo di Amendola ha proseguito, senza soluzione di continuit\u00e0, ad operare in Italia e all&#8217;estero con i sistemi d&#8217;arma MQ-1 e MQ-9, sia in adempimento ai compiti istituzionali che in supporto ad altri Dicasteri, oltre all&#8217;impiego a favore NATO e della Coalizione Anti-Daesh<\/em> \u2013 si legge nella <a href=\"http:\/\/www.aeronautica.difesa.it\/comunicazione\/notizie\/Pagine\/Predator-32-stormo-Aeronautica-record-ore-di-volo.aspx\">nota diffusa dalla Difesa<\/a> -. <em>Il traguardo delle 55.000 ore di volo totali, frutto dell&#8217;attivit\u00e0 sinergica del 28\u00b0 Gruppo, che il 1\u00b0 gennaio ha compiuto 90 anni, operante dalla base di Amendola con velivoli MQ1-C e MQ9-A, del 61\u00b0 Gruppo da Sigonella con MQ1-C e del Task Group &#8220;Araba Fenice&#8221; operante fuori dai confini nazionali con MQ9-A, testimonia, ancora di pi\u00f9 nel difficile anno che ci lasciamo alle spalle, l&#8217;impegno e la dedizione degli uomini e delle donne dell&#8217;Aeronautica Militare nell&#8217;assolvimento della propria missione a supporto delle esigenze del Paese e come contributo alla sicurezza nazionale ed internazionale\u201d.<\/em><\/p>\n<p>Le caratteristiche e le capacit\u00e0 dei Sistemi d&#8217;Arma della &#8220;famiglia&#8221; Predator, esprimibili attraverso i propri sensori nell&#8217;ambito di missioni ISR &#8211; Intelligence, Surveillance and Reconnaissance, hanno reso l&#8217;impiego di questi velivoli indispensabile nelle operazioni fuori dai confini nazionali.<\/p>\n<p>In Kuwait, ad esempio, nell&#8217;ambito dell&#8217;operazione multinazionale &#8220;Inherent Resolve&#8221;, l&#8217;assetto MQ9-A rappresenta uno strumento di rilevanza strategica grazie all&#8217;indiscutibile contributo fornito alla coalizione.<\/p>\n<p>Analogamente, all&#8217;interno dell&#8217;Alleanza Atlantica, il 28\u00b0 Gruppo, nella sua attivit\u00e0 di raccolta di informazioni a favore della Missione Internazionale KFOR, assicura alla NATO prodotti ad alta qualit\u00e0, che soddisfano le esigenze informative contribuendo in modo determinante alle attivit\u00e0 di stabilizzazione dell&#8217;area balcanica.<\/p>\n<p>I Predator della Forza Armata operano anche a favore di EUNAV FOR MED Operation Irini, con lo scopo primario di controllare il rispetto dell&#8217;embargo in Libia, imposto dalle risoluzioni del Consiglio di Sicurezza delle Nazioni Unite &#8211; UNSCR 1970 (2011), UNSCR 2292 (2016), UNSCR 2473 (2019) e UNSCR 2510 (2020) &#8211; grazie alle notevole capacit\u00e0 di persistenza e ricerca, che rappresentano alcuni degli elementi principali che garantiscono efficacia alle attivit\u00e0 ISR tipiche di questi velivoli.<\/p>\n","protected":false},"excerpt":{"rendered":"<p>Il 32\u00b0 Stormo di Amendola, con i droni Predator del 28\u00b0 Gruppo APR, del 61\u00b0 Gruppo operante da Sigonella e<\/p>\n","protected":false},"author":1,"featured_media":8751,"comment_status":"closed","ping_status":"open","sticky":false,"template":"","format":"standard","meta":{"colormag_page_container_layout":"default_layout","colormag_page_sidebar_layout":"default_layout","footnotes":""},"categories":[32,4],"tags":[1340,54,1338,2436,210,1156,2880,2244,257,918,3643,192,5111,5110,5911,5912,5913,5914,1091],"class_list":["post-9485","post","type-post","status-publish","format-standard","has-post-thumbnail","hentry","category-prima-pagina","category-istituzioni","tag-32-stormo","tag-aeronautica-militare-italiana","tag-aeroporto-di-amendola","tag-coalizione-internazionale-di-contrasto-al-daesh","tag-droni","tag-droni-uav","tag-general-atomics-aeronautical-systems","tag-intelligence-surveillance-reconnaisance-isr","tag-kfor","tag-north-atlantic-treaty-organization-nato","tag-operation-inherent-resolve-oir","tag-predator","tag-predator-mq-1-general-atomics","tag-predator-mq-9-general-atomics","tag-risoluzioni-consiglio-di-sicurezza-delle-nazioni-unite-unscr-1970-2011","tag-risoluzioni-consiglio-di-sicurezza-delle-nazioni-unite-unscr-2292-2016","tag-risoluzioni-consiglio-di-sicurezza-delle-nazioni-unite-unscr-2473-2019","tag-risoluzioni-consiglio-di-sicurezza-delle-nazioni-unite-unscr-2510-2020","tag-unmanned-aircraft-systems-uas"],"yoast_head":"<!-- This site is optimized with the Yoast SEO plugin v26.8 - https:\/\/yoast.com\/product\/yoast-seo-wordpress\/ -->\n<title>SUPERATE LE 55.000 ORE DI VOLO PER I DRONI PREDATOR DELL\u2019AMI &#187; Spazio-News Magazine<\/title>\n<meta name=\"description\" content=\"Il 32\u00b0 Stormo, con i droni Predator del 28\u00b0 Gruppo APR, del 61\u00b0 Gruppo e del Task Group &quot;Araba Fenice&quot;, ha raggiunto il traguardo di 55.000\" \/>\n<meta name=\"robots\" content=\"index, follow, max-snippet:-1, max-image-preview:large, max-video-preview:-1\" \/>\n<link rel=\"canonical\" href=\"http:\/\/spazio-news.it\/?p=9485\" \/>\n<meta property=\"og:locale\" content=\"it_IT\" \/>\n<meta property=\"og:type\" content=\"article\" \/>\n<meta property=\"og:title\" content=\"SUPERATE LE 55.000 ORE DI VOLO PER I DRONI PREDATOR DELL\u2019AMI &#187; Spazio-News Magazine\" \/>\n<meta property=\"og:description\" content=\"Il 32\u00b0 Stormo, con i droni Predator del 28\u00b0 Gruppo APR, del 61\u00b0 Gruppo e del Task Group &quot;Araba Fenice&quot;, ha raggiunto il traguardo di 55.000\" \/>\n<meta property=\"og:url\" content=\"http:\/\/spazio-news.it\/?p=9485\" \/>\n<meta property=\"og:site_name\" content=\"Spazio-News Magazine\" \/>\n<meta property=\"article:publisher\" content=\"https:\/\/m.facebook.com\/spazio-news-magazine\" \/>\n<meta property=\"article:author\" content=\"@SpazioNewsMagazine\" \/>\n<meta property=\"article:published_time\" content=\"2021-01-27T02:20:00+00:00\" \/>\n<meta property=\"article:modified_time\" content=\"2021-01-27T10:32:08+00:00\" \/>\n<meta property=\"og:image\" content=\"http:\/\/spazio-news.it\/wp-content\/uploads\/2020\/05\/Droni-Predator-MQ-9-e-MQ-1-General-Atomics-32\u00b0-Stormo-Amendola-Aeronautica-Militare-Italiana-\u2013-AMI.jpg\" \/>\n\t<meta property=\"og:image:width\" content=\"800\" \/>\n\t<meta property=\"og:image:height\" content=\"446\" \/>\n\t<meta property=\"og:image:type\" content=\"image\/jpeg\" \/>\n<meta name=\"author\" content=\"Redazione\" \/>\n<meta name=\"twitter:card\" content=\"summary_large_image\" \/>\n<meta name=\"twitter:creator\" content=\"@news_spazio\" \/>\n<meta name=\"twitter:site\" content=\"@News_spazio\" \/>\n<meta name=\"twitter:label1\" content=\"Scritto da\" \/>\n\t<meta name=\"twitter:data1\" content=\"Redazione\" \/>\n\t<meta name=\"twitter:label2\" content=\"Tempo di lettura stimato\" \/>\n\t<meta name=\"twitter:data2\" content=\"2 minuti\" \/>\n<script type=\"application\/ld+json\" class=\"yoast-schema-graph\">{\"@context\":\"https:\/\/schema.org\",\"@graph\":[{\"@type\":\"NewsArticle\",\"@id\":\"http:\/\/spazio-news.it\/?p=9485#article\",\"isPartOf\":{\"@id\":\"http:\/\/spazio-news.it\/?p=9485\"},\"author\":{\"name\":\"Redazione\",\"@id\":\"http:\/\/spazio-news.it\/#\/schema\/person\/c600904e882e9e166ed8e5e3773d37b3\"},\"headline\":\"SUPERATE LE 55.000 ORE DI VOLO PER I DRONI PREDATOR DELL\u2019AMI\",\"datePublished\":\"2021-01-27T02:20:00+00:00\",\"dateModified\":\"2021-01-27T10:32:08+00:00\",\"mainEntityOfPage\":{\"@id\":\"http:\/\/spazio-news.it\/?p=9485\"},\"wordCount\":407,\"publisher\":{\"@id\":\"http:\/\/spazio-news.it\/#organization\"},\"image\":{\"@id\":\"http:\/\/spazio-news.it\/?p=9485#primaryimage\"},\"thumbnailUrl\":\"http:\/\/spazio-news.it\/wp-content\/uploads\/2020\/05\/Droni-Predator-MQ-9-e-MQ-1-General-Atomics-32\u00b0-Stormo-Amendola-Aeronautica-Militare-Italiana-\u2013-AMI.jpg\",\"keywords\":[\"32\u00b0 Stormo\",\"Aeronautica Militare Italiana\",\"Aeroporto di Amendola\",\"Coalizione internazionale di contrasto al Daesh\",\"Droni\",\"Droni\/UAV\",\"General Atomics Aeronautical Systems\",\"Intelligence Surveillance Reconnaisance - ISR\",\"KFOR\",\"North Atlantic Treaty Organization - NATO\",\"Operation Inherent Resolve - OIR\",\"Predator\",\"Predator MQ-1 General Atomics\",\"Predator MQ-9 General Atomics\",\"Risoluzioni Consiglio di Sicurezza delle Nazioni Unite - UNSCR 1970 (2011)\",\"Risoluzioni Consiglio di Sicurezza delle Nazioni Unite - UNSCR 2292 (2016)\",\"Risoluzioni Consiglio di Sicurezza delle Nazioni Unite - UNSCR 2473 (2019)\",\"Risoluzioni Consiglio di Sicurezza delle Nazioni Unite - UNSCR 2510 (2020)\",\"Unmanned Aircraft Systems - UAS\"],\"articleSection\":[\"01 - PRIMA PAGINA\",\"03 - ISTITUZIONI\"],\"inLanguage\":\"it-IT\"},{\"@type\":\"WebPage\",\"@id\":\"http:\/\/spazio-news.it\/?p=9485\",\"url\":\"http:\/\/spazio-news.it\/?p=9485\",\"name\":\"SUPERATE LE 55.000 ORE DI VOLO PER I DRONI PREDATOR DELL\u2019AMI &#187; Spazio-News Magazine\",\"isPartOf\":{\"@id\":\"http:\/\/spazio-news.it\/#website\"},\"primaryImageOfPage\":{\"@id\":\"http:\/\/spazio-news.it\/?p=9485#primaryimage\"},\"image\":{\"@id\":\"http:\/\/spazio-news.it\/?p=9485#primaryimage\"},\"thumbnailUrl\":\"http:\/\/spazio-news.it\/wp-content\/uploads\/2020\/05\/Droni-Predator-MQ-9-e-MQ-1-General-Atomics-32\u00b0-Stormo-Amendola-Aeronautica-Militare-Italiana-\u2013-AMI.jpg\",\"datePublished\":\"2021-01-27T02:20:00+00:00\",\"dateModified\":\"2021-01-27T10:32:08+00:00\",\"description\":\"Il 32\u00b0 Stormo, con i droni Predator del 28\u00b0 Gruppo APR, del 61\u00b0 Gruppo e del Task Group \\\"Araba Fenice\\\", ha raggiunto il traguardo di 55.000\",\"breadcrumb\":{\"@id\":\"http:\/\/spazio-news.it\/?p=9485#breadcrumb\"},\"inLanguage\":\"it-IT\",\"potentialAction\":[{\"@type\":\"ReadAction\",\"target\":[\"http:\/\/spazio-news.it\/?p=9485\"]}]},{\"@type\":\"ImageObject\",\"inLanguage\":\"it-IT\",\"@id\":\"http:\/\/spazio-news.it\/?p=9485#primaryimage\",\"url\":\"http:\/\/spazio-news.it\/wp-content\/uploads\/2020\/05\/Droni-Predator-MQ-9-e-MQ-1-General-Atomics-32\u00b0-Stormo-Amendola-Aeronautica-Militare-Italiana-\u2013-AMI.jpg\",\"contentUrl\":\"http:\/\/spazio-news.it\/wp-content\/uploads\/2020\/05\/Droni-Predator-MQ-9-e-MQ-1-General-Atomics-32\u00b0-Stormo-Amendola-Aeronautica-Militare-Italiana-\u2013-AMI.jpg\",\"width\":800,\"height\":446,\"caption\":\"Droni Predator MQ-9 e MQ-1 General Atomics - 32\u00b0 Stormo Amendola Aeronautica Militare Italiana \u2013 AMI\"},{\"@type\":\"BreadcrumbList\",\"@id\":\"http:\/\/spazio-news.it\/?p=9485#breadcrumb\",\"itemListElement\":[{\"@type\":\"ListItem\",\"position\":1,\"name\":\"Home\",\"item\":\"http:\/\/spazio-news.it\/\"},{\"@type\":\"ListItem\",\"position\":2,\"name\":\"SUPERATE LE 55.000 ORE DI VOLO PER I DRONI PREDATOR DELL\u2019AMI\"}]},{\"@type\":\"WebSite\",\"@id\":\"http:\/\/spazio-news.it\/#website\",\"url\":\"http:\/\/spazio-news.it\/\",\"name\":\"Spazio-News Magazine\",\"description\":\"La guida che sfida la complessit\u00e0 del mondo industriale\",\"publisher\":{\"@id\":\"http:\/\/spazio-news.it\/#organization\"},\"alternateName\":\"Spazio-news.it\",\"potentialAction\":[{\"@type\":\"SearchAction\",\"target\":{\"@type\":\"EntryPoint\",\"urlTemplate\":\"http:\/\/spazio-news.it\/?s={search_term_string}\"},\"query-input\":{\"@type\":\"PropertyValueSpecification\",\"valueRequired\":true,\"valueName\":\"search_term_string\"}}],\"inLanguage\":\"it-IT\"},{\"@type\":\"Organization\",\"@id\":\"http:\/\/spazio-news.it\/#organization\",\"name\":\"Spazio-News Magazine\",\"url\":\"http:\/\/spazio-news.it\/\",\"logo\":{\"@type\":\"ImageObject\",\"inLanguage\":\"it-IT\",\"@id\":\"http:\/\/spazio-news.it\/#\/schema\/logo\/image\/\",\"url\":\"http:\/\/spazio-news.it\/wp-content\/uploads\/2023\/09\/Logo-Spazio-News-512-x-512-NO-testo.jpg\",\"contentUrl\":\"http:\/\/spazio-news.it\/wp-content\/uploads\/2023\/09\/Logo-Spazio-News-512-x-512-NO-testo.jpg\",\"width\":512,\"height\":512,\"caption\":\"Spazio-News Magazine\"},\"image\":{\"@id\":\"http:\/\/spazio-news.it\/#\/schema\/logo\/image\/\"},\"sameAs\":[\"https:\/\/m.facebook.com\/spazio-news-magazine\",\"https:\/\/x.com\/News_spazio\"]},{\"@type\":\"Person\",\"@id\":\"http:\/\/spazio-news.it\/#\/schema\/person\/c600904e882e9e166ed8e5e3773d37b3\",\"name\":\"Redazione\",\"sameAs\":[\"http:\/\/spazio-news.it\",\"@SpazioNewsMagazine\",\"https:\/\/x.com\/@news_spazio\"],\"url\":\"http:\/\/spazio-news.it\/?author=1\"}]}<\/script>\n<!-- \/ Yoast SEO plugin. -->","yoast_head_json":{"title":"SUPERATE LE 55.000 ORE DI VOLO PER I DRONI PREDATOR DELL\u2019AMI &#187; Spazio-News Magazine","description":"Il 32\u00b0 Stormo, con i droni Predator del 28\u00b0 Gruppo APR, del 61\u00b0 Gruppo e del Task Group \"Araba Fenice\", ha raggiunto il traguardo di 55.000","robots":{"index":"index","follow":"follow","max-snippet":"max-snippet:-1","max-image-preview":"max-image-preview:large","max-video-preview":"max-video-preview:-1"},"canonical":"http:\/\/spazio-news.it\/?p=9485","og_locale":"it_IT","og_type":"article","og_title":"SUPERATE LE 55.000 ORE DI VOLO PER I DRONI PREDATOR DELL\u2019AMI &#187; Spazio-News Magazine","og_description":"Il 32\u00b0 Stormo, con i droni Predator del 28\u00b0 Gruppo APR, del 61\u00b0 Gruppo e del Task Group \"Araba Fenice\", ha raggiunto il traguardo di 55.000","og_url":"http:\/\/spazio-news.it\/?p=9485","og_site_name":"Spazio-News Magazine","article_publisher":"https:\/\/m.facebook.com\/spazio-news-magazine","article_author":"@SpazioNewsMagazine","article_published_time":"2021-01-27T02:20:00+00:00","article_modified_time":"2021-01-27T10:32:08+00:00","og_image":[{"width":800,"height":446,"url":"http:\/\/spazio-news.it\/wp-content\/uploads\/2020\/05\/Droni-Predator-MQ-9-e-MQ-1-General-Atomics-32\u00b0-Stormo-Amendola-Aeronautica-Militare-Italiana-\u2013-AMI.jpg","type":"image\/jpeg"}],"author":"Redazione","twitter_card":"summary_large_image","twitter_creator":"@news_spazio","twitter_site":"@News_spazio","twitter_misc":{"Scritto da":"Redazione","Tempo di lettura stimato":"2 minuti"},"schema":{"@context":"https:\/\/schema.org","@graph":[{"@type":"NewsArticle","@id":"http:\/\/spazio-news.it\/?p=9485#article","isPartOf":{"@id":"http:\/\/spazio-news.it\/?p=9485"},"author":{"name":"Redazione","@id":"http:\/\/spazio-news.it\/#\/schema\/person\/c600904e882e9e166ed8e5e3773d37b3"},"headline":"SUPERATE LE 55.000 ORE DI VOLO PER I DRONI PREDATOR DELL\u2019AMI","datePublished":"2021-01-27T02:20:00+00:00","dateModified":"2021-01-27T10:32:08+00:00","mainEntityOfPage":{"@id":"http:\/\/spazio-news.it\/?p=9485"},"wordCount":407,"publisher":{"@id":"http:\/\/spazio-news.it\/#organization"},"image":{"@id":"http:\/\/spazio-news.it\/?p=9485#primaryimage"},"thumbnailUrl":"http:\/\/spazio-news.it\/wp-content\/uploads\/2020\/05\/Droni-Predator-MQ-9-e-MQ-1-General-Atomics-32\u00b0-Stormo-Amendola-Aeronautica-Militare-Italiana-\u2013-AMI.jpg","keywords":["32\u00b0 Stormo","Aeronautica Militare Italiana","Aeroporto di Amendola","Coalizione internazionale di contrasto al Daesh","Droni","Droni\/UAV","General Atomics Aeronautical Systems","Intelligence Surveillance Reconnaisance - ISR","KFOR","North Atlantic Treaty Organization - NATO","Operation Inherent Resolve - OIR","Predator","Predator MQ-1 General Atomics","Predator MQ-9 General Atomics","Risoluzioni Consiglio di Sicurezza delle Nazioni Unite - UNSCR 1970 (2011)","Risoluzioni Consiglio di Sicurezza delle Nazioni Unite - UNSCR 2292 (2016)","Risoluzioni Consiglio di Sicurezza delle Nazioni Unite - UNSCR 2473 (2019)","Risoluzioni Consiglio di Sicurezza delle Nazioni Unite - UNSCR 2510 (2020)","Unmanned Aircraft Systems - UAS"],"articleSection":["01 - PRIMA PAGINA","03 - ISTITUZIONI"],"inLanguage":"it-IT"},{"@type":"WebPage","@id":"http:\/\/spazio-news.it\/?p=9485","url":"http:\/\/spazio-news.it\/?p=9485","name":"SUPERATE LE 55.000 ORE DI VOLO PER I DRONI PREDATOR DELL\u2019AMI &#187; Spazio-News Magazine","isPartOf":{"@id":"http:\/\/spazio-news.it\/#website"},"primaryImageOfPage":{"@id":"http:\/\/spazio-news.it\/?p=9485#primaryimage"},"image":{"@id":"http:\/\/spazio-news.it\/?p=9485#primaryimage"},"thumbnailUrl":"http:\/\/spazio-news.it\/wp-content\/uploads\/2020\/05\/Droni-Predator-MQ-9-e-MQ-1-General-Atomics-32\u00b0-Stormo-Amendola-Aeronautica-Militare-Italiana-\u2013-AMI.jpg","datePublished":"2021-01-27T02:20:00+00:00","dateModified":"2021-01-27T10:32:08+00:00","description":"Il 32\u00b0 Stormo, con i droni Predator del 28\u00b0 Gruppo APR, del 61\u00b0 Gruppo e del Task Group \"Araba Fenice\", ha raggiunto il traguardo di 55.000","breadcrumb":{"@id":"http:\/\/spazio-news.it\/?p=9485#breadcrumb"},"inLanguage":"it-IT","potentialAction":[{"@type":"ReadAction","target":["http:\/\/spazio-news.it\/?p=9485"]}]},{"@type":"ImageObject","inLanguage":"it-IT","@id":"http:\/\/spazio-news.it\/?p=9485#primaryimage","url":"http:\/\/spazio-news.it\/wp-content\/uploads\/2020\/05\/Droni-Predator-MQ-9-e-MQ-1-General-Atomics-32\u00b0-Stormo-Amendola-Aeronautica-Militare-Italiana-\u2013-AMI.jpg","contentUrl":"http:\/\/spazio-news.it\/wp-content\/uploads\/2020\/05\/Droni-Predator-MQ-9-e-MQ-1-General-Atomics-32\u00b0-Stormo-Amendola-Aeronautica-Militare-Italiana-\u2013-AMI.jpg","width":800,"height":446,"caption":"Droni Predator MQ-9 e MQ-1 General Atomics - 32\u00b0 Stormo Amendola Aeronautica Militare Italiana \u2013 AMI"},{"@type":"BreadcrumbList","@id":"http:\/\/spazio-news.it\/?p=9485#breadcrumb","itemListElement":[{"@type":"ListItem","position":1,"name":"Home","item":"http:\/\/spazio-news.it\/"},{"@type":"ListItem","position":2,"name":"SUPERATE LE 55.000 ORE DI VOLO PER I DRONI PREDATOR DELL\u2019AMI"}]},{"@type":"WebSite","@id":"http:\/\/spazio-news.it\/#website","url":"http:\/\/spazio-news.it\/","name":"Spazio-News Magazine","description":"La guida che sfida la complessit\u00e0 del mondo industriale","publisher":{"@id":"http:\/\/spazio-news.it\/#organization"},"alternateName":"Spazio-news.it","potentialAction":[{"@type":"SearchAction","target":{"@type":"EntryPoint","urlTemplate":"http:\/\/spazio-news.it\/?s={search_term_string}"},"query-input":{"@type":"PropertyValueSpecification","valueRequired":true,"valueName":"search_term_string"}}],"inLanguage":"it-IT"},{"@type":"Organization","@id":"http:\/\/spazio-news.it\/#organization","name":"Spazio-News Magazine","url":"http:\/\/spazio-news.it\/","logo":{"@type":"ImageObject","inLanguage":"it-IT","@id":"http:\/\/spazio-news.it\/#\/schema\/logo\/image\/","url":"http:\/\/spazio-news.it\/wp-content\/uploads\/2023\/09\/Logo-Spazio-News-512-x-512-NO-testo.jpg","contentUrl":"http:\/\/spazio-news.it\/wp-content\/uploads\/2023\/09\/Logo-Spazio-News-512-x-512-NO-testo.jpg","width":512,"height":512,"caption":"Spazio-News Magazine"},"image":{"@id":"http:\/\/spazio-news.it\/#\/schema\/logo\/image\/"},"sameAs":["https:\/\/m.facebook.com\/spazio-news-magazine","https:\/\/x.com\/News_spazio"]},{"@type":"Person","@id":"http:\/\/spazio-news.it\/#\/schema\/person\/c600904e882e9e166ed8e5e3773d37b3","name":"Redazione","sameAs":["http:\/\/spazio-news.it","@SpazioNewsMagazine","https:\/\/x.com\/@news_spazio"],"url":"http:\/\/spazio-news.it\/?author=1"}]}},"_links":{"self":[{"href":"http:\/\/spazio-news.it\/index.php?rest_route=\/wp\/v2\/posts\/9485","targetHints":{"allow":["GET"]}}],"collection":[{"href":"http:\/\/spazio-news.it\/index.php?rest_route=\/wp\/v2\/posts"}],"about":[{"href":"http:\/\/spazio-news.it\/index.php?rest_route=\/wp\/v2\/types\/post"}],"author":[{"embeddable":true,"href":"http:\/\/spazio-news.it\/index.php?rest_route=\/wp\/v2\/users\/1"}],"replies":[{"embeddable":true,"href":"http:\/\/spazio-news.it\/index.php?rest_route=%2Fwp%2Fv2%2Fcomments&post=9485"}],"version-history":[{"count":2,"href":"http:\/\/spazio-news.it\/index.php?rest_route=\/wp\/v2\/posts\/9485\/revisions"}],"predecessor-version":[{"id":9500,"href":"http:\/\/spazio-news.it\/index.php?rest_route=\/wp\/v2\/posts\/9485\/revisions\/9500"}],"wp:featuredmedia":[{"embeddable":true,"href":"http:\/\/spazio-news.it\/index.php?rest_route=\/wp\/v2\/media\/8751"}],"wp:attachment":[{"href":"http:\/\/spazio-news.it\/index.php?rest_route=%2Fwp%2Fv2%2Fmedia&parent=9485"}],"wp:term":[{"taxonomy":"category","embeddable":true,"href":"http:\/\/spazio-news.it\/index.php?rest_route=%2Fwp%2Fv2%2Fcategories&post=9485"},{"taxonomy":"post_tag","embeddable":true,"href":"http:\/\/spazio-news.it\/index.php?rest_route=%2Fwp%2Fv2%2Ftags&post=9485"}],"curies":[{"name":"wp","href":"https:\/\/api.w.org\/{rel}","templated":true}]}}