{"id":9511,"date":"2021-02-03T02:54:00","date_gmt":"2021-02-03T01:54:00","guid":{"rendered":"http:\/\/spazio-news.it\/?p=9511"},"modified":"2021-02-02T08:08:40","modified_gmt":"2021-02-02T07:08:40","slug":"difesa-la-portaerei-cavour-si-prepara-per-operare-con-gli-f-35b","status":"publish","type":"post","link":"http:\/\/spazio-news.it\/?p=9511","title":{"rendered":"DIFESA: LA PORTAEREI CAVOUR SI PREPARA PER OPERARE CON GLI F-35B"},"content":{"rendered":"\n<p>La <a href=\"https:\/\/www.marina.difesa.it\/\">Portaerei Cavour<\/a> \u00e8 in viaggio alla volta degli gli Stati Uniti, per acquisire la certificazione operativa che le permetter\u00e0 di operare con i velivoli F-35B.<\/p>\n<p>Un evento al quale Nave Cavour si prepara da oltre due anni, dall\u2019ingresso in bacino a Taranto, nel 2019, per i lavori di ammodernamento e adeguamento, durati fino al maggio 2020, utili all\u2019importante e complesso salto generazionale che l&#8217;F-35B richiede e per il quale la <a href=\"https:\/\/www.marina.difesa.it\/\">Marina<\/a>, in accordo con le <a href=\"https:\/\/www.difesa.it\/Pagine\/default.aspx\">Direttive del Ministro della Difesa<\/a>, sta producendo sforzi al fine di assicurare cos\u00ec l\u2019operativit\u00e0 dello strumento marittimo, in piena cooperazione con i gruppi portaerei della US Navy e delle Marine di Regno Unito e Francia.<\/p>\n<p>La &#8220;<a href=\"https:\/\/www.marina.difesa.it\/media-cultura\/Notiziario-online\/Pagine\/20200130_Inizia_Ready_for_Operations_per_nave_Cavour.aspx\">Ready For Operations &#8211; RFO<\/a>&#8220;, cos\u00ec come \u00e8 stata battezzata la campagna negli USA del Cavour, assicurer\u00e0, con la consegna alla <a href=\"https:\/\/www.marina.difesa.it\/\">Marina Militare<\/a> dei primi velivoli JSF nella variante a decollo corto e atterraggio verticale (Short Take Off and Vertical Landing \u2013 STOVL) F-35B, che andranno progressivamente a sostituire gli AV-8B Plus, il rinnovamento della capacit\u00e0 strategica della Portaerei. <\/p>\n<p>l nuovo velivolo F-35B, proietter\u00e0 la Marina nel novero delle pochissime dotate di capacit\u00e0 imbarcabile di 5^ generazione, al momento, insieme a quelle di USA e UK e, in futuro, anche del Giappone. Tale prerogativa consentir\u00e0 un vantaggio tecnologico e di capacit\u00e0 di assoluta preminenza. Infatti, i velivoli di 5^ generazione, rispetto ai predecessori, sono costruiti con caratteristiche stealth, che comportano uno spiccato vantaggio sia di sopravvivenza che di letalit\u00e0. Il JSF offre, inoltre, una decisa semplificazione della condotta del velivolo che, associata a una nuova suite di sensori e di comunicazione, permette al pilota di dedicarsi principalmente al conseguimento degli obiettivi della missione.<\/p>\n<p>Nel corso della Campagna RFO, lungo le coste statunitensi, saranno gli equipaggi e i team di collaudatori e ingegneri dell\u2019Integrated Test Force &#8211; ITF del programma multinazionale JSF, a verificare la compatibilit\u00e0 e l\u2019integrazione del nuovo velivolo a bordo della Portaerei, impiegando tutti i sottosistemi e sensori dell\u2019Unit\u00e0 e verificando tutte le condizioni meteo-ambientali che, per ogni tipologia di missione assegnata al velivolo, consentiranno di sfruttarne appieno le capacit\u00e0 in piena sicurezza.<\/p>\n<p>F. C.<\/p>\n","protected":false},"excerpt":{"rendered":"<p>La Portaerei Cavour \u00e8 in viaggio alla volta degli gli Stati Uniti, per acquisire la certificazione operativa che le permetter\u00e0<\/p>\n","protected":false},"author":1,"featured_media":9512,"comment_status":"closed","ping_status":"open","sticky":false,"template":"","format":"standard","meta":{"colormag_page_container_layout":"default_layout","colormag_page_sidebar_layout":"default_layout","footnotes":""},"categories":[32,4],"tags":[5940,153,5939,4779,5942,3680,213,2606,105,5941,5937,3809,536],"class_list":["post-9511","post","type-post","status-publish","format-standard","has-post-thumbnail","hentry","category-prima-pagina","category-istituzioni","tag-av-8b-plus","tag-f-35","tag-f-35-short-take-off-and-vertical-landing-stovl","tag-f-35b-short-takeoff-vertical-landing-stovl","tag-integrated-test-force-itf","tag-lockheed-martin-f-35","tag-marina-militare","tag-marina-militare-italiana","tag-ministero-della-difesa","tag-portaerei","tag-portaerei-cavour","tag-stealth-technology","tag-us-navy"],"yoast_head":"<!-- This site is optimized with the Yoast SEO plugin v26.8 - https:\/\/yoast.com\/product\/yoast-seo-wordpress\/ -->\n<title>DIFESA: LA PORTAEREI CAVOUR SI PREPARA PER OPERARE CON GLI F-35B &#187; Spazio-News Magazine<\/title>\n<meta name=\"description\" content=\"La Portaerei Cavour \u00e8 in viaggio alla volta degli gli Stati Uniti, per acquisire la certificazione operativa che le permetter\u00e0 di operare con i velivoli F-35B.\" \/>\n<meta name=\"robots\" content=\"index, follow, max-snippet:-1, max-image-preview:large, max-video-preview:-1\" \/>\n<link rel=\"canonical\" href=\"http:\/\/spazio-news.it\/?p=9511\" \/>\n<meta property=\"og:locale\" content=\"it_IT\" \/>\n<meta property=\"og:type\" content=\"article\" \/>\n<meta property=\"og:title\" content=\"DIFESA: LA PORTAEREI CAVOUR SI PREPARA PER OPERARE CON GLI F-35B &#187; Spazio-News Magazine\" \/>\n<meta property=\"og:description\" content=\"La Portaerei Cavour \u00e8 in viaggio alla volta degli gli Stati Uniti, per acquisire la certificazione operativa che le permetter\u00e0 di operare con i velivoli F-35B.\" \/>\n<meta property=\"og:url\" content=\"http:\/\/spazio-news.it\/?p=9511\" \/>\n<meta property=\"og:site_name\" content=\"Spazio-News Magazine\" \/>\n<meta property=\"article:publisher\" content=\"https:\/\/m.facebook.com\/spazio-news-magazine\" \/>\n<meta property=\"article:author\" content=\"@SpazioNewsMagazine\" \/>\n<meta property=\"article:published_time\" content=\"2021-02-03T01:54:00+00:00\" \/>\n<meta property=\"og:image\" content=\"http:\/\/spazio-news.it\/wp-content\/uploads\/2021\/02\/Marina-Militare-Italiana-Nave_Cavour-Spazio-News-Magazine.jpg\" \/>\n\t<meta property=\"og:image:width\" content=\"1920\" \/>\n\t<meta property=\"og:image:height\" content=\"1080\" \/>\n\t<meta property=\"og:image:type\" content=\"image\/jpeg\" \/>\n<meta name=\"author\" content=\"Redazione\" \/>\n<meta name=\"twitter:card\" content=\"summary_large_image\" \/>\n<meta name=\"twitter:creator\" content=\"@news_spazio\" \/>\n<meta name=\"twitter:site\" content=\"@News_spazio\" \/>\n<meta name=\"twitter:label1\" content=\"Scritto da\" \/>\n\t<meta name=\"twitter:data1\" content=\"Redazione\" \/>\n\t<meta name=\"twitter:label2\" content=\"Tempo di lettura stimato\" \/>\n\t<meta name=\"twitter:data2\" content=\"2 minuti\" \/>\n<script type=\"application\/ld+json\" class=\"yoast-schema-graph\">{\"@context\":\"https:\/\/schema.org\",\"@graph\":[{\"@type\":\"NewsArticle\",\"@id\":\"http:\/\/spazio-news.it\/?p=9511#article\",\"isPartOf\":{\"@id\":\"http:\/\/spazio-news.it\/?p=9511\"},\"author\":{\"name\":\"Redazione\",\"@id\":\"http:\/\/spazio-news.it\/#\/schema\/person\/c600904e882e9e166ed8e5e3773d37b3\"},\"headline\":\"DIFESA: LA PORTAEREI CAVOUR SI PREPARA PER OPERARE CON GLI F-35B\",\"datePublished\":\"2021-02-03T01:54:00+00:00\",\"mainEntityOfPage\":{\"@id\":\"http:\/\/spazio-news.it\/?p=9511\"},\"wordCount\":366,\"publisher\":{\"@id\":\"http:\/\/spazio-news.it\/#organization\"},\"image\":{\"@id\":\"http:\/\/spazio-news.it\/?p=9511#primaryimage\"},\"thumbnailUrl\":\"http:\/\/spazio-news.it\/wp-content\/uploads\/2021\/02\/Marina-Militare-Italiana-Nave_Cavour-Spazio-News-Magazine.jpg\",\"keywords\":[\"AV-8B Plus\",\"f-35\",\"F-35 Short Take Off and Vertical Landing \u2013 STOVL\",\"F-35B Short TakeOff\/Vertical Landing - STOVL\",\"Integrated Test Force - ITF\",\"lockheed martin F-35\",\"Marina Militare\",\"Marina Militare Italiana\",\"Ministero della Difesa\",\"Portaerei\",\"Portaerei Cavour\",\"Stealth Technology\",\"US Navy\"],\"articleSection\":[\"01 - PRIMA PAGINA\",\"03 - ISTITUZIONI\"],\"inLanguage\":\"it-IT\"},{\"@type\":\"WebPage\",\"@id\":\"http:\/\/spazio-news.it\/?p=9511\",\"url\":\"http:\/\/spazio-news.it\/?p=9511\",\"name\":\"DIFESA: LA PORTAEREI CAVOUR SI PREPARA PER OPERARE CON GLI F-35B &#187; Spazio-News Magazine\",\"isPartOf\":{\"@id\":\"http:\/\/spazio-news.it\/#website\"},\"primaryImageOfPage\":{\"@id\":\"http:\/\/spazio-news.it\/?p=9511#primaryimage\"},\"image\":{\"@id\":\"http:\/\/spazio-news.it\/?p=9511#primaryimage\"},\"thumbnailUrl\":\"http:\/\/spazio-news.it\/wp-content\/uploads\/2021\/02\/Marina-Militare-Italiana-Nave_Cavour-Spazio-News-Magazine.jpg\",\"datePublished\":\"2021-02-03T01:54:00+00:00\",\"description\":\"La Portaerei Cavour \u00e8 in viaggio alla volta degli gli Stati Uniti, per acquisire la certificazione operativa che le permetter\u00e0 di operare con i velivoli F-35B.\",\"breadcrumb\":{\"@id\":\"http:\/\/spazio-news.it\/?p=9511#breadcrumb\"},\"inLanguage\":\"it-IT\",\"potentialAction\":[{\"@type\":\"ReadAction\",\"target\":[\"http:\/\/spazio-news.it\/?p=9511\"]}]},{\"@type\":\"ImageObject\",\"inLanguage\":\"it-IT\",\"@id\":\"http:\/\/spazio-news.it\/?p=9511#primaryimage\",\"url\":\"http:\/\/spazio-news.it\/wp-content\/uploads\/2021\/02\/Marina-Militare-Italiana-Nave_Cavour-Spazio-News-Magazine.jpg\",\"contentUrl\":\"http:\/\/spazio-news.it\/wp-content\/uploads\/2021\/02\/Marina-Militare-Italiana-Nave_Cavour-Spazio-News-Magazine.jpg\",\"width\":1920,\"height\":1080,\"caption\":\"Marina Militare - nave Cavour Spazio-News Magazine\"},{\"@type\":\"BreadcrumbList\",\"@id\":\"http:\/\/spazio-news.it\/?p=9511#breadcrumb\",\"itemListElement\":[{\"@type\":\"ListItem\",\"position\":1,\"name\":\"Home\",\"item\":\"http:\/\/spazio-news.it\/\"},{\"@type\":\"ListItem\",\"position\":2,\"name\":\"DIFESA: LA PORTAEREI CAVOUR SI PREPARA PER OPERARE CON GLI F-35B\"}]},{\"@type\":\"WebSite\",\"@id\":\"http:\/\/spazio-news.it\/#website\",\"url\":\"http:\/\/spazio-news.it\/\",\"name\":\"Spazio-News Magazine\",\"description\":\"La guida che sfida la complessit\u00e0 del mondo industriale\",\"publisher\":{\"@id\":\"http:\/\/spazio-news.it\/#organization\"},\"alternateName\":\"Spazio-news.it\",\"potentialAction\":[{\"@type\":\"SearchAction\",\"target\":{\"@type\":\"EntryPoint\",\"urlTemplate\":\"http:\/\/spazio-news.it\/?s={search_term_string}\"},\"query-input\":{\"@type\":\"PropertyValueSpecification\",\"valueRequired\":true,\"valueName\":\"search_term_string\"}}],\"inLanguage\":\"it-IT\"},{\"@type\":\"Organization\",\"@id\":\"http:\/\/spazio-news.it\/#organization\",\"name\":\"Spazio-News Magazine\",\"url\":\"http:\/\/spazio-news.it\/\",\"logo\":{\"@type\":\"ImageObject\",\"inLanguage\":\"it-IT\",\"@id\":\"http:\/\/spazio-news.it\/#\/schema\/logo\/image\/\",\"url\":\"http:\/\/spazio-news.it\/wp-content\/uploads\/2023\/09\/Logo-Spazio-News-512-x-512-NO-testo.jpg\",\"contentUrl\":\"http:\/\/spazio-news.it\/wp-content\/uploads\/2023\/09\/Logo-Spazio-News-512-x-512-NO-testo.jpg\",\"width\":512,\"height\":512,\"caption\":\"Spazio-News Magazine\"},\"image\":{\"@id\":\"http:\/\/spazio-news.it\/#\/schema\/logo\/image\/\"},\"sameAs\":[\"https:\/\/m.facebook.com\/spazio-news-magazine\",\"https:\/\/x.com\/News_spazio\"]},{\"@type\":\"Person\",\"@id\":\"http:\/\/spazio-news.it\/#\/schema\/person\/c600904e882e9e166ed8e5e3773d37b3\",\"name\":\"Redazione\",\"sameAs\":[\"http:\/\/spazio-news.it\",\"@SpazioNewsMagazine\",\"https:\/\/x.com\/@news_spazio\"],\"url\":\"http:\/\/spazio-news.it\/?author=1\"}]}<\/script>\n<!-- \/ Yoast SEO plugin. -->","yoast_head_json":{"title":"DIFESA: LA PORTAEREI CAVOUR SI PREPARA PER OPERARE CON GLI F-35B &#187; Spazio-News Magazine","description":"La Portaerei Cavour \u00e8 in viaggio alla volta degli gli Stati Uniti, per acquisire la certificazione operativa che le permetter\u00e0 di operare con i velivoli F-35B.","robots":{"index":"index","follow":"follow","max-snippet":"max-snippet:-1","max-image-preview":"max-image-preview:large","max-video-preview":"max-video-preview:-1"},"canonical":"http:\/\/spazio-news.it\/?p=9511","og_locale":"it_IT","og_type":"article","og_title":"DIFESA: LA PORTAEREI CAVOUR SI PREPARA PER OPERARE CON GLI F-35B &#187; Spazio-News Magazine","og_description":"La Portaerei Cavour \u00e8 in viaggio alla volta degli gli Stati Uniti, per acquisire la certificazione operativa che le permetter\u00e0 di operare con i velivoli F-35B.","og_url":"http:\/\/spazio-news.it\/?p=9511","og_site_name":"Spazio-News Magazine","article_publisher":"https:\/\/m.facebook.com\/spazio-news-magazine","article_author":"@SpazioNewsMagazine","article_published_time":"2021-02-03T01:54:00+00:00","og_image":[{"width":1920,"height":1080,"url":"http:\/\/spazio-news.it\/wp-content\/uploads\/2021\/02\/Marina-Militare-Italiana-Nave_Cavour-Spazio-News-Magazine.jpg","type":"image\/jpeg"}],"author":"Redazione","twitter_card":"summary_large_image","twitter_creator":"@news_spazio","twitter_site":"@News_spazio","twitter_misc":{"Scritto da":"Redazione","Tempo di lettura stimato":"2 minuti"},"schema":{"@context":"https:\/\/schema.org","@graph":[{"@type":"NewsArticle","@id":"http:\/\/spazio-news.it\/?p=9511#article","isPartOf":{"@id":"http:\/\/spazio-news.it\/?p=9511"},"author":{"name":"Redazione","@id":"http:\/\/spazio-news.it\/#\/schema\/person\/c600904e882e9e166ed8e5e3773d37b3"},"headline":"DIFESA: LA PORTAEREI CAVOUR SI PREPARA PER OPERARE CON GLI F-35B","datePublished":"2021-02-03T01:54:00+00:00","mainEntityOfPage":{"@id":"http:\/\/spazio-news.it\/?p=9511"},"wordCount":366,"publisher":{"@id":"http:\/\/spazio-news.it\/#organization"},"image":{"@id":"http:\/\/spazio-news.it\/?p=9511#primaryimage"},"thumbnailUrl":"http:\/\/spazio-news.it\/wp-content\/uploads\/2021\/02\/Marina-Militare-Italiana-Nave_Cavour-Spazio-News-Magazine.jpg","keywords":["AV-8B Plus","f-35","F-35 Short Take Off and Vertical Landing \u2013 STOVL","F-35B Short TakeOff\/Vertical Landing - STOVL","Integrated Test Force - ITF","lockheed martin F-35","Marina Militare","Marina Militare Italiana","Ministero della Difesa","Portaerei","Portaerei Cavour","Stealth Technology","US Navy"],"articleSection":["01 - PRIMA PAGINA","03 - ISTITUZIONI"],"inLanguage":"it-IT"},{"@type":"WebPage","@id":"http:\/\/spazio-news.it\/?p=9511","url":"http:\/\/spazio-news.it\/?p=9511","name":"DIFESA: LA PORTAEREI CAVOUR SI PREPARA PER OPERARE CON GLI F-35B &#187; Spazio-News Magazine","isPartOf":{"@id":"http:\/\/spazio-news.it\/#website"},"primaryImageOfPage":{"@id":"http:\/\/spazio-news.it\/?p=9511#primaryimage"},"image":{"@id":"http:\/\/spazio-news.it\/?p=9511#primaryimage"},"thumbnailUrl":"http:\/\/spazio-news.it\/wp-content\/uploads\/2021\/02\/Marina-Militare-Italiana-Nave_Cavour-Spazio-News-Magazine.jpg","datePublished":"2021-02-03T01:54:00+00:00","description":"La Portaerei Cavour \u00e8 in viaggio alla volta degli gli Stati Uniti, per acquisire la certificazione operativa che le permetter\u00e0 di operare con i velivoli F-35B.","breadcrumb":{"@id":"http:\/\/spazio-news.it\/?p=9511#breadcrumb"},"inLanguage":"it-IT","potentialAction":[{"@type":"ReadAction","target":["http:\/\/spazio-news.it\/?p=9511"]}]},{"@type":"ImageObject","inLanguage":"it-IT","@id":"http:\/\/spazio-news.it\/?p=9511#primaryimage","url":"http:\/\/spazio-news.it\/wp-content\/uploads\/2021\/02\/Marina-Militare-Italiana-Nave_Cavour-Spazio-News-Magazine.jpg","contentUrl":"http:\/\/spazio-news.it\/wp-content\/uploads\/2021\/02\/Marina-Militare-Italiana-Nave_Cavour-Spazio-News-Magazine.jpg","width":1920,"height":1080,"caption":"Marina Militare - nave Cavour Spazio-News Magazine"},{"@type":"BreadcrumbList","@id":"http:\/\/spazio-news.it\/?p=9511#breadcrumb","itemListElement":[{"@type":"ListItem","position":1,"name":"Home","item":"http:\/\/spazio-news.it\/"},{"@type":"ListItem","position":2,"name":"DIFESA: LA PORTAEREI CAVOUR SI PREPARA PER OPERARE CON GLI F-35B"}]},{"@type":"WebSite","@id":"http:\/\/spazio-news.it\/#website","url":"http:\/\/spazio-news.it\/","name":"Spazio-News Magazine","description":"La guida che sfida la complessit\u00e0 del mondo industriale","publisher":{"@id":"http:\/\/spazio-news.it\/#organization"},"alternateName":"Spazio-news.it","potentialAction":[{"@type":"SearchAction","target":{"@type":"EntryPoint","urlTemplate":"http:\/\/spazio-news.it\/?s={search_term_string}"},"query-input":{"@type":"PropertyValueSpecification","valueRequired":true,"valueName":"search_term_string"}}],"inLanguage":"it-IT"},{"@type":"Organization","@id":"http:\/\/spazio-news.it\/#organization","name":"Spazio-News Magazine","url":"http:\/\/spazio-news.it\/","logo":{"@type":"ImageObject","inLanguage":"it-IT","@id":"http:\/\/spazio-news.it\/#\/schema\/logo\/image\/","url":"http:\/\/spazio-news.it\/wp-content\/uploads\/2023\/09\/Logo-Spazio-News-512-x-512-NO-testo.jpg","contentUrl":"http:\/\/spazio-news.it\/wp-content\/uploads\/2023\/09\/Logo-Spazio-News-512-x-512-NO-testo.jpg","width":512,"height":512,"caption":"Spazio-News Magazine"},"image":{"@id":"http:\/\/spazio-news.it\/#\/schema\/logo\/image\/"},"sameAs":["https:\/\/m.facebook.com\/spazio-news-magazine","https:\/\/x.com\/News_spazio"]},{"@type":"Person","@id":"http:\/\/spazio-news.it\/#\/schema\/person\/c600904e882e9e166ed8e5e3773d37b3","name":"Redazione","sameAs":["http:\/\/spazio-news.it","@SpazioNewsMagazine","https:\/\/x.com\/@news_spazio"],"url":"http:\/\/spazio-news.it\/?author=1"}]}},"_links":{"self":[{"href":"http:\/\/spazio-news.it\/index.php?rest_route=\/wp\/v2\/posts\/9511","targetHints":{"allow":["GET"]}}],"collection":[{"href":"http:\/\/spazio-news.it\/index.php?rest_route=\/wp\/v2\/posts"}],"about":[{"href":"http:\/\/spazio-news.it\/index.php?rest_route=\/wp\/v2\/types\/post"}],"author":[{"embeddable":true,"href":"http:\/\/spazio-news.it\/index.php?rest_route=\/wp\/v2\/users\/1"}],"replies":[{"embeddable":true,"href":"http:\/\/spazio-news.it\/index.php?rest_route=%2Fwp%2Fv2%2Fcomments&post=9511"}],"version-history":[{"count":1,"href":"http:\/\/spazio-news.it\/index.php?rest_route=\/wp\/v2\/posts\/9511\/revisions"}],"predecessor-version":[{"id":9513,"href":"http:\/\/spazio-news.it\/index.php?rest_route=\/wp\/v2\/posts\/9511\/revisions\/9513"}],"wp:featuredmedia":[{"embeddable":true,"href":"http:\/\/spazio-news.it\/index.php?rest_route=\/wp\/v2\/media\/9512"}],"wp:attachment":[{"href":"http:\/\/spazio-news.it\/index.php?rest_route=%2Fwp%2Fv2%2Fmedia&parent=9511"}],"wp:term":[{"taxonomy":"category","embeddable":true,"href":"http:\/\/spazio-news.it\/index.php?rest_route=%2Fwp%2Fv2%2Fcategories&post=9511"},{"taxonomy":"post_tag","embeddable":true,"href":"http:\/\/spazio-news.it\/index.php?rest_route=%2Fwp%2Fv2%2Ftags&post=9511"}],"curies":[{"name":"wp","href":"https:\/\/api.w.org\/{rel}","templated":true}]}}