{"id":969,"date":"2018-09-17T06:53:38","date_gmt":"2018-09-17T06:53:38","guid":{"rendered":"http:\/\/spazio-news.it\/?p=969"},"modified":"2026-01-29T19:49:11","modified_gmt":"2026-01-29T18:49:11","slug":"nuovi-voli-blue-air-da-torino-nella-stagione-invernale","status":"publish","type":"post","link":"http:\/\/spazio-news.it\/?p=969","title":{"rendered":"NUOVI VOLI BLUE AIR DA TORINO NELLA STAGIONE INVERNALE"},"content":{"rendered":"<p>Tre nuovi collegamenti saranno attivati dalla compagnia rumena <strong>Blue Air<\/strong> dall\u2019<strong>Aeroporto di Torino<\/strong> per la prossima stagione invernale: verso <strong>Stoccarda<\/strong>, <strong>Cracovia<\/strong> e <strong>Venezia<\/strong>. Grazie ai nuovi voli diventano 18 le destinazioni servite da Blue Air nella stagione invernale, collegando la citt\u00e0 con 8 Paesi europei e 7 regioni italiane.<\/p>\n<p>Saranno attivi dal prossimo 28 ottobre i nuovi voli Torino-Stoccarda e Torino-Venezia, entrambi con tre frequenze settimanali: il primo nei giorni marted\u00ec, gioved\u00ec e domenica; il secondo mercoled\u00ec, venerd\u00ec e domenica.<\/p>\n<p>Dal 16 dicembre sar\u00e0 possibile volare dal capoluogo piemontese a Cracovia, sempre con tre frequenze settimanali: mercoled\u00ec, venerd\u00ec e domenica.<br \/>\nInoltre, rispetto alla scorsa stagione invernale, la compagnia incrementa le frequenze per Alghero, Bari, Lamezia Terme e Napoli.<\/p>\n<p>Previsti inoltre un ampliamento e diversificazione della base torinese di Blue Air, gia\u0300 composta da 4 <strong>Boeing 737<\/strong>, con l\u2019aggiunta di un aeromobile <strong>ATR<\/strong> da 68 posti, garantendo flessibilita\u0300 per servire ogni tipo di traffico, compreso quello regional.<\/p>\n","protected":false},"excerpt":{"rendered":"<p>Tre nuovi collegamenti saranno attivati dalla compagnia rumena Blue Air dall\u2019Aeroporto di Torino per la prossima stagione invernale: verso Stoccarda,<\/p>\n","protected":false},"author":1,"featured_media":970,"comment_status":"closed","ping_status":"open","sticky":false,"template":"","format":"standard","meta":{"colormag_page_container_layout":"default_layout","colormag_page_sidebar_layout":"default_layout","footnotes":""},"categories":[32,3],"tags":[704,703],"class_list":["post-969","post","type-post","status-publish","format-standard","has-post-thumbnail","hentry","category-prima-pagina","category-industria","tag-aeroporto-di-torino","tag-blue-air"],"yoast_head":"<!-- This site is optimized with the Yoast SEO plugin v26.8 - https:\/\/yoast.com\/product\/yoast-seo-wordpress\/ -->\n<title>Tre nuovi voli Blue Air da Torino per Cracovia, Varsavia e Venezia &#187; Spazio-News Magazine<\/title>\n<meta name=\"description\" content=\"Blue Air lancia tre nuovi voli da Torino per la stagione invernale: dal 28 ottobre verso Venezia, Stoccarda; dal 16 dicembre per Cracovia.\" \/>\n<meta name=\"robots\" content=\"index, follow, max-snippet:-1, max-image-preview:large, max-video-preview:-1\" \/>\n<link rel=\"canonical\" href=\"http:\/\/spazio-news.it\/?p=969\" \/>\n<meta property=\"og:locale\" content=\"it_IT\" \/>\n<meta property=\"og:type\" content=\"article\" \/>\n<meta property=\"og:title\" content=\"Tre nuovi voli Blue Air da Torino per Cracovia, Varsavia e Venezia &#187; Spazio-News Magazine\" \/>\n<meta property=\"og:description\" content=\"Blue Air lancia tre nuovi voli da Torino per la stagione invernale: dal 28 ottobre verso Venezia, Stoccarda; dal 16 dicembre per Cracovia.\" \/>\n<meta property=\"og:url\" content=\"http:\/\/spazio-news.it\/?p=969\" \/>\n<meta property=\"og:site_name\" content=\"Spazio-News Magazine\" \/>\n<meta property=\"article:publisher\" content=\"https:\/\/m.facebook.com\/spazio-news-magazine\" \/>\n<meta property=\"article:author\" content=\"@SpazioNewsMagazine\" \/>\n<meta property=\"article:published_time\" content=\"2018-09-17T06:53:38+00:00\" \/>\n<meta property=\"article:modified_time\" content=\"2026-01-29T18:49:11+00:00\" \/>\n<meta property=\"og:image\" content=\"http:\/\/spazio-news.it\/wp-content\/uploads\/2018\/09\/BlueAir_Industria_Spazio-news.png\" \/>\n\t<meta property=\"og:image:width\" content=\"800\" \/>\n\t<meta property=\"og:image:height\" content=\"378\" \/>\n\t<meta property=\"og:image:type\" content=\"image\/png\" \/>\n<meta name=\"author\" content=\"Redazione\" \/>\n<meta name=\"twitter:card\" content=\"summary_large_image\" \/>\n<meta name=\"twitter:creator\" content=\"@news_spazio\" \/>\n<meta name=\"twitter:site\" content=\"@News_spazio\" \/>\n<meta name=\"twitter:label1\" content=\"Scritto da\" \/>\n\t<meta name=\"twitter:data1\" content=\"Redazione\" \/>\n\t<meta name=\"twitter:label2\" content=\"Tempo di lettura stimato\" \/>\n\t<meta name=\"twitter:data2\" content=\"1 minuto\" \/>\n<script type=\"application\/ld+json\" class=\"yoast-schema-graph\">{\"@context\":\"https:\/\/schema.org\",\"@graph\":[{\"@type\":\"NewsArticle\",\"@id\":\"http:\/\/spazio-news.it\/?p=969#article\",\"isPartOf\":{\"@id\":\"http:\/\/spazio-news.it\/?p=969\"},\"author\":{\"name\":\"Redazione\",\"@id\":\"http:\/\/spazio-news.it\/#\/schema\/person\/c600904e882e9e166ed8e5e3773d37b3\"},\"headline\":\"NUOVI VOLI BLUE AIR DA TORINO NELLA STAGIONE INVERNALE\",\"datePublished\":\"2018-09-17T06:53:38+00:00\",\"dateModified\":\"2026-01-29T18:49:11+00:00\",\"mainEntityOfPage\":{\"@id\":\"http:\/\/spazio-news.it\/?p=969\"},\"wordCount\":159,\"publisher\":{\"@id\":\"http:\/\/spazio-news.it\/#organization\"},\"image\":{\"@id\":\"http:\/\/spazio-news.it\/?p=969#primaryimage\"},\"thumbnailUrl\":\"http:\/\/spazio-news.it\/wp-content\/uploads\/2018\/09\/BlueAir_Industria_Spazio-news.png\",\"keywords\":[\"Aeroporto di Torino\",\"Blue Air\"],\"articleSection\":[\"01 - PRIMA PAGINA\",\"02 - INDUSTRIA\"],\"inLanguage\":\"it-IT\"},{\"@type\":\"WebPage\",\"@id\":\"http:\/\/spazio-news.it\/?p=969\",\"url\":\"http:\/\/spazio-news.it\/?p=969\",\"name\":\"Tre nuovi voli Blue Air da Torino per Cracovia, Varsavia e Venezia &#187; Spazio-News Magazine\",\"isPartOf\":{\"@id\":\"http:\/\/spazio-news.it\/#website\"},\"primaryImageOfPage\":{\"@id\":\"http:\/\/spazio-news.it\/?p=969#primaryimage\"},\"image\":{\"@id\":\"http:\/\/spazio-news.it\/?p=969#primaryimage\"},\"thumbnailUrl\":\"http:\/\/spazio-news.it\/wp-content\/uploads\/2018\/09\/BlueAir_Industria_Spazio-news.png\",\"datePublished\":\"2018-09-17T06:53:38+00:00\",\"dateModified\":\"2026-01-29T18:49:11+00:00\",\"description\":\"Blue Air lancia tre nuovi voli da Torino per la stagione invernale: dal 28 ottobre verso Venezia, Stoccarda; dal 16 dicembre per Cracovia.\",\"breadcrumb\":{\"@id\":\"http:\/\/spazio-news.it\/?p=969#breadcrumb\"},\"inLanguage\":\"it-IT\",\"potentialAction\":[{\"@type\":\"ReadAction\",\"target\":[\"http:\/\/spazio-news.it\/?p=969\"]}]},{\"@type\":\"ImageObject\",\"inLanguage\":\"it-IT\",\"@id\":\"http:\/\/spazio-news.it\/?p=969#primaryimage\",\"url\":\"http:\/\/spazio-news.it\/wp-content\/uploads\/2018\/09\/BlueAir_Industria_Spazio-news.png\",\"contentUrl\":\"http:\/\/spazio-news.it\/wp-content\/uploads\/2018\/09\/BlueAir_Industria_Spazio-news.png\",\"width\":800,\"height\":378,\"caption\":\"BlueAir_Industria_Spazio-news\"},{\"@type\":\"BreadcrumbList\",\"@id\":\"http:\/\/spazio-news.it\/?p=969#breadcrumb\",\"itemListElement\":[{\"@type\":\"ListItem\",\"position\":1,\"name\":\"Home\",\"item\":\"http:\/\/spazio-news.it\/\"},{\"@type\":\"ListItem\",\"position\":2,\"name\":\"NUOVI VOLI BLUE AIR DA TORINO NELLA STAGIONE INVERNALE\"}]},{\"@type\":\"WebSite\",\"@id\":\"http:\/\/spazio-news.it\/#website\",\"url\":\"http:\/\/spazio-news.it\/\",\"name\":\"Spazio-News Magazine\",\"description\":\"La guida che sfida la complessit\u00e0 del mondo industriale\",\"publisher\":{\"@id\":\"http:\/\/spazio-news.it\/#organization\"},\"alternateName\":\"Spazio-news.it\",\"potentialAction\":[{\"@type\":\"SearchAction\",\"target\":{\"@type\":\"EntryPoint\",\"urlTemplate\":\"http:\/\/spazio-news.it\/?s={search_term_string}\"},\"query-input\":{\"@type\":\"PropertyValueSpecification\",\"valueRequired\":true,\"valueName\":\"search_term_string\"}}],\"inLanguage\":\"it-IT\"},{\"@type\":\"Organization\",\"@id\":\"http:\/\/spazio-news.it\/#organization\",\"name\":\"Spazio-News Magazine\",\"url\":\"http:\/\/spazio-news.it\/\",\"logo\":{\"@type\":\"ImageObject\",\"inLanguage\":\"it-IT\",\"@id\":\"http:\/\/spazio-news.it\/#\/schema\/logo\/image\/\",\"url\":\"http:\/\/spazio-news.it\/wp-content\/uploads\/2023\/09\/Logo-Spazio-News-512-x-512-NO-testo.jpg\",\"contentUrl\":\"http:\/\/spazio-news.it\/wp-content\/uploads\/2023\/09\/Logo-Spazio-News-512-x-512-NO-testo.jpg\",\"width\":512,\"height\":512,\"caption\":\"Spazio-News Magazine\"},\"image\":{\"@id\":\"http:\/\/spazio-news.it\/#\/schema\/logo\/image\/\"},\"sameAs\":[\"https:\/\/m.facebook.com\/spazio-news-magazine\",\"https:\/\/x.com\/News_spazio\"]},{\"@type\":\"Person\",\"@id\":\"http:\/\/spazio-news.it\/#\/schema\/person\/c600904e882e9e166ed8e5e3773d37b3\",\"name\":\"Redazione\",\"sameAs\":[\"http:\/\/spazio-news.it\",\"@SpazioNewsMagazine\",\"https:\/\/x.com\/@news_spazio\"],\"url\":\"http:\/\/spazio-news.it\/?author=1\"}]}<\/script>\n<!-- \/ Yoast SEO plugin. -->","yoast_head_json":{"title":"Tre nuovi voli Blue Air da Torino per Cracovia, Varsavia e Venezia &#187; Spazio-News Magazine","description":"Blue Air lancia tre nuovi voli da Torino per la stagione invernale: dal 28 ottobre verso Venezia, Stoccarda; dal 16 dicembre per Cracovia.","robots":{"index":"index","follow":"follow","max-snippet":"max-snippet:-1","max-image-preview":"max-image-preview:large","max-video-preview":"max-video-preview:-1"},"canonical":"http:\/\/spazio-news.it\/?p=969","og_locale":"it_IT","og_type":"article","og_title":"Tre nuovi voli Blue Air da Torino per Cracovia, Varsavia e Venezia &#187; Spazio-News Magazine","og_description":"Blue Air lancia tre nuovi voli da Torino per la stagione invernale: dal 28 ottobre verso Venezia, Stoccarda; dal 16 dicembre per Cracovia.","og_url":"http:\/\/spazio-news.it\/?p=969","og_site_name":"Spazio-News Magazine","article_publisher":"https:\/\/m.facebook.com\/spazio-news-magazine","article_author":"@SpazioNewsMagazine","article_published_time":"2018-09-17T06:53:38+00:00","article_modified_time":"2026-01-29T18:49:11+00:00","og_image":[{"width":800,"height":378,"url":"http:\/\/spazio-news.it\/wp-content\/uploads\/2018\/09\/BlueAir_Industria_Spazio-news.png","type":"image\/png"}],"author":"Redazione","twitter_card":"summary_large_image","twitter_creator":"@news_spazio","twitter_site":"@News_spazio","twitter_misc":{"Scritto da":"Redazione","Tempo di lettura stimato":"1 minuto"},"schema":{"@context":"https:\/\/schema.org","@graph":[{"@type":"NewsArticle","@id":"http:\/\/spazio-news.it\/?p=969#article","isPartOf":{"@id":"http:\/\/spazio-news.it\/?p=969"},"author":{"name":"Redazione","@id":"http:\/\/spazio-news.it\/#\/schema\/person\/c600904e882e9e166ed8e5e3773d37b3"},"headline":"NUOVI VOLI BLUE AIR DA TORINO NELLA STAGIONE INVERNALE","datePublished":"2018-09-17T06:53:38+00:00","dateModified":"2026-01-29T18:49:11+00:00","mainEntityOfPage":{"@id":"http:\/\/spazio-news.it\/?p=969"},"wordCount":159,"publisher":{"@id":"http:\/\/spazio-news.it\/#organization"},"image":{"@id":"http:\/\/spazio-news.it\/?p=969#primaryimage"},"thumbnailUrl":"http:\/\/spazio-news.it\/wp-content\/uploads\/2018\/09\/BlueAir_Industria_Spazio-news.png","keywords":["Aeroporto di Torino","Blue Air"],"articleSection":["01 - PRIMA PAGINA","02 - INDUSTRIA"],"inLanguage":"it-IT"},{"@type":"WebPage","@id":"http:\/\/spazio-news.it\/?p=969","url":"http:\/\/spazio-news.it\/?p=969","name":"Tre nuovi voli Blue Air da Torino per Cracovia, Varsavia e Venezia &#187; Spazio-News Magazine","isPartOf":{"@id":"http:\/\/spazio-news.it\/#website"},"primaryImageOfPage":{"@id":"http:\/\/spazio-news.it\/?p=969#primaryimage"},"image":{"@id":"http:\/\/spazio-news.it\/?p=969#primaryimage"},"thumbnailUrl":"http:\/\/spazio-news.it\/wp-content\/uploads\/2018\/09\/BlueAir_Industria_Spazio-news.png","datePublished":"2018-09-17T06:53:38+00:00","dateModified":"2026-01-29T18:49:11+00:00","description":"Blue Air lancia tre nuovi voli da Torino per la stagione invernale: dal 28 ottobre verso Venezia, Stoccarda; dal 16 dicembre per Cracovia.","breadcrumb":{"@id":"http:\/\/spazio-news.it\/?p=969#breadcrumb"},"inLanguage":"it-IT","potentialAction":[{"@type":"ReadAction","target":["http:\/\/spazio-news.it\/?p=969"]}]},{"@type":"ImageObject","inLanguage":"it-IT","@id":"http:\/\/spazio-news.it\/?p=969#primaryimage","url":"http:\/\/spazio-news.it\/wp-content\/uploads\/2018\/09\/BlueAir_Industria_Spazio-news.png","contentUrl":"http:\/\/spazio-news.it\/wp-content\/uploads\/2018\/09\/BlueAir_Industria_Spazio-news.png","width":800,"height":378,"caption":"BlueAir_Industria_Spazio-news"},{"@type":"BreadcrumbList","@id":"http:\/\/spazio-news.it\/?p=969#breadcrumb","itemListElement":[{"@type":"ListItem","position":1,"name":"Home","item":"http:\/\/spazio-news.it\/"},{"@type":"ListItem","position":2,"name":"NUOVI VOLI BLUE AIR DA TORINO NELLA STAGIONE INVERNALE"}]},{"@type":"WebSite","@id":"http:\/\/spazio-news.it\/#website","url":"http:\/\/spazio-news.it\/","name":"Spazio-News Magazine","description":"La guida che sfida la complessit\u00e0 del mondo industriale","publisher":{"@id":"http:\/\/spazio-news.it\/#organization"},"alternateName":"Spazio-news.it","potentialAction":[{"@type":"SearchAction","target":{"@type":"EntryPoint","urlTemplate":"http:\/\/spazio-news.it\/?s={search_term_string}"},"query-input":{"@type":"PropertyValueSpecification","valueRequired":true,"valueName":"search_term_string"}}],"inLanguage":"it-IT"},{"@type":"Organization","@id":"http:\/\/spazio-news.it\/#organization","name":"Spazio-News Magazine","url":"http:\/\/spazio-news.it\/","logo":{"@type":"ImageObject","inLanguage":"it-IT","@id":"http:\/\/spazio-news.it\/#\/schema\/logo\/image\/","url":"http:\/\/spazio-news.it\/wp-content\/uploads\/2023\/09\/Logo-Spazio-News-512-x-512-NO-testo.jpg","contentUrl":"http:\/\/spazio-news.it\/wp-content\/uploads\/2023\/09\/Logo-Spazio-News-512-x-512-NO-testo.jpg","width":512,"height":512,"caption":"Spazio-News Magazine"},"image":{"@id":"http:\/\/spazio-news.it\/#\/schema\/logo\/image\/"},"sameAs":["https:\/\/m.facebook.com\/spazio-news-magazine","https:\/\/x.com\/News_spazio"]},{"@type":"Person","@id":"http:\/\/spazio-news.it\/#\/schema\/person\/c600904e882e9e166ed8e5e3773d37b3","name":"Redazione","sameAs":["http:\/\/spazio-news.it","@SpazioNewsMagazine","https:\/\/x.com\/@news_spazio"],"url":"http:\/\/spazio-news.it\/?author=1"}]}},"_links":{"self":[{"href":"http:\/\/spazio-news.it\/index.php?rest_route=\/wp\/v2\/posts\/969","targetHints":{"allow":["GET"]}}],"collection":[{"href":"http:\/\/spazio-news.it\/index.php?rest_route=\/wp\/v2\/posts"}],"about":[{"href":"http:\/\/spazio-news.it\/index.php?rest_route=\/wp\/v2\/types\/post"}],"author":[{"embeddable":true,"href":"http:\/\/spazio-news.it\/index.php?rest_route=\/wp\/v2\/users\/1"}],"replies":[{"embeddable":true,"href":"http:\/\/spazio-news.it\/index.php?rest_route=%2Fwp%2Fv2%2Fcomments&post=969"}],"version-history":[{"count":2,"href":"http:\/\/spazio-news.it\/index.php?rest_route=\/wp\/v2\/posts\/969\/revisions"}],"predecessor-version":[{"id":12757,"href":"http:\/\/spazio-news.it\/index.php?rest_route=\/wp\/v2\/posts\/969\/revisions\/12757"}],"wp:featuredmedia":[{"embeddable":true,"href":"http:\/\/spazio-news.it\/index.php?rest_route=\/wp\/v2\/media\/970"}],"wp:attachment":[{"href":"http:\/\/spazio-news.it\/index.php?rest_route=%2Fwp%2Fv2%2Fmedia&parent=969"}],"wp:term":[{"taxonomy":"category","embeddable":true,"href":"http:\/\/spazio-news.it\/index.php?rest_route=%2Fwp%2Fv2%2Fcategories&post=969"},{"taxonomy":"post_tag","embeddable":true,"href":"http:\/\/spazio-news.it\/index.php?rest_route=%2Fwp%2Fv2%2Ftags&post=969"}],"curies":[{"name":"wp","href":"https:\/\/api.w.org\/{rel}","templated":true}]}}