{"id":9709,"date":"2021-03-23T01:56:00","date_gmt":"2021-03-23T00:56:00","guid":{"rendered":"http:\/\/spazio-news.it\/?p=9709"},"modified":"2021-03-24T07:57:45","modified_gmt":"2021-03-24T06:57:45","slug":"inaf-servizi-per-lo-spazio-vitrociset-potenziera-il-sardinia-radio-telescope","status":"publish","type":"post","link":"http:\/\/spazio-news.it\/?p=9709","title":{"rendered":"VITROCISET POTENZIER\u00c0 IL SARDINIA RADIO TELESCOPE"},"content":{"rendered":"\n<p><a href=\"http:\/\/spazio-news.it\/tag\/vitrociset\">Vitrociset<\/a>, controllata di <a href=\"http:\/\/spazio-news.it\/tag\/leonardo-spa\">Leonardo SPA<\/a>, si \u00e8 aggiudicata due gare per il potenziamento dell\u2019infrastruttura del <a href=\"http:\/\/spazio-news.it\/tag\/sardinia-radio-telescope-srt\">Sardinia Radio Telescope &#8211; SRT<\/a>, gestito dall\u2019<a href=\"http:\/\/www.oa-cagliari.inaf.it\/\">Osservatorio Astronomico di Cagliari<\/a> dell\u2019<a href=\"http:\/\/spazio-news.it\/tag\/istituto-di-astrofisica-e-planetologia-spaziali-inaf\">Istituto di Astrofisica e Planetologia Spaziali &#8211; INAF<\/a>.<\/p>\n<p>A seguito di un finanziamento assegnato all\u2019<a href=\"http:\/\/spazio-news.it\/tag\/istituto-di-astrofisica-e-planetologia-spaziali-inaf\">INAF<\/a> dal <a href=\"http:\/\/spazio-news.it\/tag\/ministero-delluniversita-e-della-ricerca-miur\">Ministero dell&#8217;Universit\u00e0 e della Ricerca &#8211; MIUR<\/a> per il miglioramento delle capacit\u00e0 scientifiche dell\u2019<a href=\"http:\/\/spazio-news.it\/tag\/sardinia-radio-telescope-srt\">SRT<\/a> e della sua infrastruttura, <a href=\"http:\/\/spazio-news.it\/tag\/vitrociset\">Vitrociset<\/a> si occuper\u00e0 dell\u2019integrazione dei sistemi elettromeccanici al servizio dei ricevitori sull\u2019<a href=\"http:\/\/spazio-news.it\/tag\/sardinia-radio-telescope-srt\">SRT<\/a> e fornir\u00e0 di un sistema metrologico avanzato per l\u2019<a href=\"http:\/\/spazio-news.it\/tag\/sardinia-radio-telescope-srt\">SRT<\/a>. Tale potenziamento consentir\u00e0 di integrare e validare la nuova strumentazione scientifica, predisporre l\u2019infrastruttura per gli sviluppi tecnologici e scientifici, razionalizzare le attivit\u00e0 di manutenzione e gestire e migliorare l&#8217;affidabilit\u00e0. I nuovi sviluppi permetteranno di ottenere una diminuzione del downtime del telescopio, aumentandone cos\u00ec la produzione scientifica.<\/p>\n<p>Alto circa 70 metri, dal peso di oltre 3000 tonnellate e con una parabola (lo specchio primario) di diametro pari a 64 metri, l\u2019<a href=\"http:\/\/spazio-news.it\/tag\/sardinia-radio-telescope-srt\">SRT<\/a> \u00e8 un radiotelescopio con caratteristiche innovative per applicazioni radioastronomiche e spaziali fino a frequenze superiori ai 100 GHz, realizzato dall\u2019<a href=\"http:\/\/spazio-news.it\/tag\/istituto-di-astrofisica-e-planetologia-spaziali-inaf\">INAF<\/a> in collaborazione con l\u2019<a href=\"http:\/\/www.asi.it\/\">Agenzia Spaziale Italiana &#8211; ASI<\/a>. L\u2019antenna parabolica, strumento dall\u2019altissimo valore tecnologico, scruta il nostro cielo ininterrottamente alla ricerca e per lo studio di corpi celesti, sistemi planetari con pianeti simili alla terra, sistemi stellari, pulsar e oggetti o corpi dalla forte emissione radio (nuclei galattici attivi, radiogalassie, quasar, buchi neri), ma anche alla ricerca di forme di vita extraterrestri.<\/p>\n<p><em>\u201cVitrociset si \u00e8 aggiudicata le gare grazie alla professionalit\u00e0 e all\u2019esperienza maturata nella gestione pluriennale di infrastrutture critiche e nello sviluppo di sistemi e soluzioni volti a garantire i pi\u00f9 alti standard di sicurezza e affidabilit\u00e0<\/em> \u2013 si legge nella nota diffusa dall\u2019<a href=\"https:\/\/www.leonardocompany.com\/it\/press-release-detail\/-\/detail\/24-02-2021-leonardo-contribuisce-all-innovazione-del-sardinia-radio-telescope-in-sardegna\">ex Finmeccanica<\/a> -. <em>Nel corso degli anni, l\u2019Azienda si \u00e8 aggiudicata competizioni italiane e internazionali, garantendo un ritorno in termini di sviluppo del territorio, con investimenti in ricerca e sviluppo e nella formazione di personale altamente qualificato\u201d.<\/em><\/p>\n<p>La collaborazione tra l\u2019istituto e <a href=\"http:\/\/spazio-news.it\/tag\/vitrociset\">Vitrociset<\/a> inizia nel 2015, con il ripristino funzionale del Sistema di Superficie Attiva &#8211; SSA dello specchio primario dell\u2019<a href=\"http:\/\/spazio-news.it\/tag\/sardinia-radio-telescope-srt\">SRT<\/a> e prosegue oggi con alcune ulteriori attivit\u00e0 a supporto del Programma European Space Surveillance &amp; Tracking &#8211; EUSST di monitoraggio dei detriti spaziali.<\/p>\n<p>Grazie ai sistemi installati in Sardegna dal 2017, che operano con l\u2019antenna <a href=\"http:\/\/spazio-news.it\/tag\/istituto-di-astrofisica-e-planetologia-spaziali-inaf\">INAF<\/a> della stazione di Medicina, Bologna, l\u2019Italia \u00e8 tra i primi Paesi al mondo per le capacit\u00e0 di tracciamento e monitoraggio, specialmente in occasione dei rientri di oggetti in atmosfera, potenzialmente pericolosi per la popolazione.<\/p>\n","protected":false},"excerpt":{"rendered":"<p>Vitrociset, controllata di Leonardo SPA, si \u00e8 aggiudicata due gare per il potenziamento dell\u2019infrastruttura del Sardinia Radio Telescope &#8211; SRT,<\/p>\n","protected":false},"author":1,"featured_media":9710,"comment_status":"closed","ping_status":"open","sticky":false,"template":"","format":"standard","meta":{"colormag_page_container_layout":"default_layout","colormag_page_sidebar_layout":"default_layout","footnotes":""},"categories":[32,3],"tags":[811,6151,976,1605,260,143,1305,6147,6148,2306,2651,6111,6150,6149,427],"class_list":["post-9709","post","type-post","status-publish","format-standard","has-post-thumbnail","hentry","category-prima-pagina","category-industria","tag-agenzia-spaziale-italiana-asi","tag-antenna-parabolica","tag-finmeccanica","tag-istituto-nazionale-di-astrofisica-inaf","tag-leonardo-spa","tag-meteorologia","tag-ministero-delluniversita-e-della-ricerca-miur","tag-osservatorio-astronomico-cagliari","tag-programma-european-space-surveillance-tracking-eusst","tag-radiotelescopio","tag-ricerca-spaziale","tag-sardinia-radio-telescope-srt","tag-servizi-spaziali","tag-sistema-di-superficie-attiva-ssa","tag-vitrociset"],"yoast_head":"<!-- This site is optimized with the Yoast SEO plugin v26.8 - https:\/\/yoast.com\/product\/yoast-seo-wordpress\/ -->\n<title>VITROCISET POTENZIER\u00c0 IL SARDINIA RADIO TELESCOPE &#187; Spazio-News Magazine<\/title>\n<meta name=\"description\" content=\"Vitrociset si \u00e8 aggiudicata due gare per il potenziamento dell\u2019infrastruttura del Sardinia Radio Telescope, gestito dall\u2019Osservatorio\" \/>\n<meta name=\"robots\" content=\"index, follow, max-snippet:-1, max-image-preview:large, max-video-preview:-1\" \/>\n<link rel=\"canonical\" href=\"http:\/\/spazio-news.it\/?p=9709\" \/>\n<meta property=\"og:locale\" content=\"it_IT\" \/>\n<meta property=\"og:type\" content=\"article\" \/>\n<meta property=\"og:title\" content=\"VITROCISET POTENZIER\u00c0 IL SARDINIA RADIO TELESCOPE &#187; Spazio-News Magazine\" \/>\n<meta property=\"og:description\" content=\"Vitrociset si \u00e8 aggiudicata due gare per il potenziamento dell\u2019infrastruttura del Sardinia Radio Telescope, gestito dall\u2019Osservatorio\" \/>\n<meta property=\"og:url\" content=\"http:\/\/spazio-news.it\/?p=9709\" \/>\n<meta property=\"og:site_name\" content=\"Spazio-News Magazine\" \/>\n<meta property=\"article:publisher\" content=\"https:\/\/m.facebook.com\/spazio-news-magazine\" \/>\n<meta property=\"article:author\" content=\"@SpazioNewsMagazine\" \/>\n<meta property=\"article:published_time\" content=\"2021-03-23T00:56:00+00:00\" \/>\n<meta property=\"article:modified_time\" content=\"2021-03-24T06:57:45+00:00\" \/>\n<meta property=\"og:image\" content=\"http:\/\/spazio-news.it\/wp-content\/uploads\/2021\/02\/Sardinia-Radio-Telescope-SRT-Osservatorio-Astronomico-Cagliari-Istituto-di-Astrofisica-e-Planetologia-Spaziali-INAF-Spazio-News-Magazine.jpg\" \/>\n\t<meta property=\"og:image:width\" content=\"800\" \/>\n\t<meta property=\"og:image:height\" content=\"446\" \/>\n\t<meta property=\"og:image:type\" content=\"image\/jpeg\" \/>\n<meta name=\"author\" content=\"Redazione\" \/>\n<meta name=\"twitter:card\" content=\"summary_large_image\" \/>\n<meta name=\"twitter:creator\" content=\"@news_spazio\" \/>\n<meta name=\"twitter:site\" content=\"@News_spazio\" \/>\n<meta name=\"twitter:label1\" content=\"Scritto da\" \/>\n\t<meta name=\"twitter:data1\" content=\"Redazione\" \/>\n\t<meta name=\"twitter:label2\" content=\"Tempo di lettura stimato\" \/>\n\t<meta name=\"twitter:data2\" content=\"2 minuti\" \/>\n<script type=\"application\/ld+json\" class=\"yoast-schema-graph\">{\"@context\":\"https:\/\/schema.org\",\"@graph\":[{\"@type\":\"NewsArticle\",\"@id\":\"http:\/\/spazio-news.it\/?p=9709#article\",\"isPartOf\":{\"@id\":\"http:\/\/spazio-news.it\/?p=9709\"},\"author\":{\"name\":\"Redazione\",\"@id\":\"http:\/\/spazio-news.it\/#\/schema\/person\/c600904e882e9e166ed8e5e3773d37b3\"},\"headline\":\"VITROCISET POTENZIER\u00c0 IL SARDINIA RADIO TELESCOPE\",\"datePublished\":\"2021-03-23T00:56:00+00:00\",\"dateModified\":\"2021-03-24T06:57:45+00:00\",\"mainEntityOfPage\":{\"@id\":\"http:\/\/spazio-news.it\/?p=9709\"},\"wordCount\":422,\"publisher\":{\"@id\":\"http:\/\/spazio-news.it\/#organization\"},\"image\":{\"@id\":\"http:\/\/spazio-news.it\/?p=9709#primaryimage\"},\"thumbnailUrl\":\"http:\/\/spazio-news.it\/wp-content\/uploads\/2021\/02\/Sardinia-Radio-Telescope-SRT-Osservatorio-Astronomico-Cagliari-Istituto-di-Astrofisica-e-Planetologia-Spaziali-INAF-Spazio-News-Magazine.jpg\",\"keywords\":[\"Agenzia Spaziale Italiana - ASI\",\"Antenna parabolica\",\"Finmeccanica\",\"Istituto Nazionale di Astrofisica \u2013 Inaf\",\"Leonardo SPA\",\"meteorologia\",\"Ministero dell'Universit\u00e0 e della Ricerca - MIUR\",\"Osservatorio Astronomico Cagliari\",\"Programma European Space Surveillance &amp; Tracking - EUSST\",\"Radiotelescopio\",\"Ricerca Spaziale\",\"Sardinia Radio Telescope - SRT\",\"Servizi Spaziali\",\"Sistema di Superficie Attiva - SSA\",\"Vitrociset\"],\"articleSection\":[\"01 - PRIMA PAGINA\",\"02 - INDUSTRIA\"],\"inLanguage\":\"it-IT\"},{\"@type\":\"WebPage\",\"@id\":\"http:\/\/spazio-news.it\/?p=9709\",\"url\":\"http:\/\/spazio-news.it\/?p=9709\",\"name\":\"VITROCISET POTENZIER\u00c0 IL SARDINIA RADIO TELESCOPE &#187; Spazio-News Magazine\",\"isPartOf\":{\"@id\":\"http:\/\/spazio-news.it\/#website\"},\"primaryImageOfPage\":{\"@id\":\"http:\/\/spazio-news.it\/?p=9709#primaryimage\"},\"image\":{\"@id\":\"http:\/\/spazio-news.it\/?p=9709#primaryimage\"},\"thumbnailUrl\":\"http:\/\/spazio-news.it\/wp-content\/uploads\/2021\/02\/Sardinia-Radio-Telescope-SRT-Osservatorio-Astronomico-Cagliari-Istituto-di-Astrofisica-e-Planetologia-Spaziali-INAF-Spazio-News-Magazine.jpg\",\"datePublished\":\"2021-03-23T00:56:00+00:00\",\"dateModified\":\"2021-03-24T06:57:45+00:00\",\"description\":\"Vitrociset si \u00e8 aggiudicata due gare per il potenziamento dell\u2019infrastruttura del Sardinia Radio Telescope, gestito dall\u2019Osservatorio\",\"breadcrumb\":{\"@id\":\"http:\/\/spazio-news.it\/?p=9709#breadcrumb\"},\"inLanguage\":\"it-IT\",\"potentialAction\":[{\"@type\":\"ReadAction\",\"target\":[\"http:\/\/spazio-news.it\/?p=9709\"]}]},{\"@type\":\"ImageObject\",\"inLanguage\":\"it-IT\",\"@id\":\"http:\/\/spazio-news.it\/?p=9709#primaryimage\",\"url\":\"http:\/\/spazio-news.it\/wp-content\/uploads\/2021\/02\/Sardinia-Radio-Telescope-SRT-Osservatorio-Astronomico-Cagliari-Istituto-di-Astrofisica-e-Planetologia-Spaziali-INAF-Spazio-News-Magazine.jpg\",\"contentUrl\":\"http:\/\/spazio-news.it\/wp-content\/uploads\/2021\/02\/Sardinia-Radio-Telescope-SRT-Osservatorio-Astronomico-Cagliari-Istituto-di-Astrofisica-e-Planetologia-Spaziali-INAF-Spazio-News-Magazine.jpg\",\"width\":800,\"height\":446,\"caption\":\"Sardinia Radio Telescope - SRT - Osservatorio Astronomico - Cagliari - Istituto di Astrofisica e Planetologia Spaziali - INAF - Spazio-News Magazine\"},{\"@type\":\"BreadcrumbList\",\"@id\":\"http:\/\/spazio-news.it\/?p=9709#breadcrumb\",\"itemListElement\":[{\"@type\":\"ListItem\",\"position\":1,\"name\":\"Home\",\"item\":\"http:\/\/spazio-news.it\/\"},{\"@type\":\"ListItem\",\"position\":2,\"name\":\"VITROCISET POTENZIER\u00c0 IL SARDINIA RADIO TELESCOPE\"}]},{\"@type\":\"WebSite\",\"@id\":\"http:\/\/spazio-news.it\/#website\",\"url\":\"http:\/\/spazio-news.it\/\",\"name\":\"Spazio-News Magazine\",\"description\":\"La guida che sfida la complessit\u00e0 del mondo industriale\",\"publisher\":{\"@id\":\"http:\/\/spazio-news.it\/#organization\"},\"alternateName\":\"Spazio-news.it\",\"potentialAction\":[{\"@type\":\"SearchAction\",\"target\":{\"@type\":\"EntryPoint\",\"urlTemplate\":\"http:\/\/spazio-news.it\/?s={search_term_string}\"},\"query-input\":{\"@type\":\"PropertyValueSpecification\",\"valueRequired\":true,\"valueName\":\"search_term_string\"}}],\"inLanguage\":\"it-IT\"},{\"@type\":\"Organization\",\"@id\":\"http:\/\/spazio-news.it\/#organization\",\"name\":\"Spazio-News Magazine\",\"url\":\"http:\/\/spazio-news.it\/\",\"logo\":{\"@type\":\"ImageObject\",\"inLanguage\":\"it-IT\",\"@id\":\"http:\/\/spazio-news.it\/#\/schema\/logo\/image\/\",\"url\":\"http:\/\/spazio-news.it\/wp-content\/uploads\/2023\/09\/Logo-Spazio-News-512-x-512-NO-testo.jpg\",\"contentUrl\":\"http:\/\/spazio-news.it\/wp-content\/uploads\/2023\/09\/Logo-Spazio-News-512-x-512-NO-testo.jpg\",\"width\":512,\"height\":512,\"caption\":\"Spazio-News Magazine\"},\"image\":{\"@id\":\"http:\/\/spazio-news.it\/#\/schema\/logo\/image\/\"},\"sameAs\":[\"https:\/\/m.facebook.com\/spazio-news-magazine\",\"https:\/\/x.com\/News_spazio\"]},{\"@type\":\"Person\",\"@id\":\"http:\/\/spazio-news.it\/#\/schema\/person\/c600904e882e9e166ed8e5e3773d37b3\",\"name\":\"Redazione\",\"sameAs\":[\"http:\/\/spazio-news.it\",\"@SpazioNewsMagazine\",\"https:\/\/x.com\/@news_spazio\"],\"url\":\"http:\/\/spazio-news.it\/?author=1\"}]}<\/script>\n<!-- \/ Yoast SEO plugin. -->","yoast_head_json":{"title":"VITROCISET POTENZIER\u00c0 IL SARDINIA RADIO TELESCOPE &#187; Spazio-News Magazine","description":"Vitrociset si \u00e8 aggiudicata due gare per il potenziamento dell\u2019infrastruttura del Sardinia Radio Telescope, gestito dall\u2019Osservatorio","robots":{"index":"index","follow":"follow","max-snippet":"max-snippet:-1","max-image-preview":"max-image-preview:large","max-video-preview":"max-video-preview:-1"},"canonical":"http:\/\/spazio-news.it\/?p=9709","og_locale":"it_IT","og_type":"article","og_title":"VITROCISET POTENZIER\u00c0 IL SARDINIA RADIO TELESCOPE &#187; Spazio-News Magazine","og_description":"Vitrociset si \u00e8 aggiudicata due gare per il potenziamento dell\u2019infrastruttura del Sardinia Radio Telescope, gestito dall\u2019Osservatorio","og_url":"http:\/\/spazio-news.it\/?p=9709","og_site_name":"Spazio-News Magazine","article_publisher":"https:\/\/m.facebook.com\/spazio-news-magazine","article_author":"@SpazioNewsMagazine","article_published_time":"2021-03-23T00:56:00+00:00","article_modified_time":"2021-03-24T06:57:45+00:00","og_image":[{"width":800,"height":446,"url":"http:\/\/spazio-news.it\/wp-content\/uploads\/2021\/02\/Sardinia-Radio-Telescope-SRT-Osservatorio-Astronomico-Cagliari-Istituto-di-Astrofisica-e-Planetologia-Spaziali-INAF-Spazio-News-Magazine.jpg","type":"image\/jpeg"}],"author":"Redazione","twitter_card":"summary_large_image","twitter_creator":"@news_spazio","twitter_site":"@News_spazio","twitter_misc":{"Scritto da":"Redazione","Tempo di lettura stimato":"2 minuti"},"schema":{"@context":"https:\/\/schema.org","@graph":[{"@type":"NewsArticle","@id":"http:\/\/spazio-news.it\/?p=9709#article","isPartOf":{"@id":"http:\/\/spazio-news.it\/?p=9709"},"author":{"name":"Redazione","@id":"http:\/\/spazio-news.it\/#\/schema\/person\/c600904e882e9e166ed8e5e3773d37b3"},"headline":"VITROCISET POTENZIER\u00c0 IL SARDINIA RADIO TELESCOPE","datePublished":"2021-03-23T00:56:00+00:00","dateModified":"2021-03-24T06:57:45+00:00","mainEntityOfPage":{"@id":"http:\/\/spazio-news.it\/?p=9709"},"wordCount":422,"publisher":{"@id":"http:\/\/spazio-news.it\/#organization"},"image":{"@id":"http:\/\/spazio-news.it\/?p=9709#primaryimage"},"thumbnailUrl":"http:\/\/spazio-news.it\/wp-content\/uploads\/2021\/02\/Sardinia-Radio-Telescope-SRT-Osservatorio-Astronomico-Cagliari-Istituto-di-Astrofisica-e-Planetologia-Spaziali-INAF-Spazio-News-Magazine.jpg","keywords":["Agenzia Spaziale Italiana - ASI","Antenna parabolica","Finmeccanica","Istituto Nazionale di Astrofisica \u2013 Inaf","Leonardo SPA","meteorologia","Ministero dell'Universit\u00e0 e della Ricerca - MIUR","Osservatorio Astronomico Cagliari","Programma European Space Surveillance &amp; Tracking - EUSST","Radiotelescopio","Ricerca Spaziale","Sardinia Radio Telescope - SRT","Servizi Spaziali","Sistema di Superficie Attiva - SSA","Vitrociset"],"articleSection":["01 - PRIMA PAGINA","02 - INDUSTRIA"],"inLanguage":"it-IT"},{"@type":"WebPage","@id":"http:\/\/spazio-news.it\/?p=9709","url":"http:\/\/spazio-news.it\/?p=9709","name":"VITROCISET POTENZIER\u00c0 IL SARDINIA RADIO TELESCOPE &#187; Spazio-News Magazine","isPartOf":{"@id":"http:\/\/spazio-news.it\/#website"},"primaryImageOfPage":{"@id":"http:\/\/spazio-news.it\/?p=9709#primaryimage"},"image":{"@id":"http:\/\/spazio-news.it\/?p=9709#primaryimage"},"thumbnailUrl":"http:\/\/spazio-news.it\/wp-content\/uploads\/2021\/02\/Sardinia-Radio-Telescope-SRT-Osservatorio-Astronomico-Cagliari-Istituto-di-Astrofisica-e-Planetologia-Spaziali-INAF-Spazio-News-Magazine.jpg","datePublished":"2021-03-23T00:56:00+00:00","dateModified":"2021-03-24T06:57:45+00:00","description":"Vitrociset si \u00e8 aggiudicata due gare per il potenziamento dell\u2019infrastruttura del Sardinia Radio Telescope, gestito dall\u2019Osservatorio","breadcrumb":{"@id":"http:\/\/spazio-news.it\/?p=9709#breadcrumb"},"inLanguage":"it-IT","potentialAction":[{"@type":"ReadAction","target":["http:\/\/spazio-news.it\/?p=9709"]}]},{"@type":"ImageObject","inLanguage":"it-IT","@id":"http:\/\/spazio-news.it\/?p=9709#primaryimage","url":"http:\/\/spazio-news.it\/wp-content\/uploads\/2021\/02\/Sardinia-Radio-Telescope-SRT-Osservatorio-Astronomico-Cagliari-Istituto-di-Astrofisica-e-Planetologia-Spaziali-INAF-Spazio-News-Magazine.jpg","contentUrl":"http:\/\/spazio-news.it\/wp-content\/uploads\/2021\/02\/Sardinia-Radio-Telescope-SRT-Osservatorio-Astronomico-Cagliari-Istituto-di-Astrofisica-e-Planetologia-Spaziali-INAF-Spazio-News-Magazine.jpg","width":800,"height":446,"caption":"Sardinia Radio Telescope - SRT - Osservatorio Astronomico - Cagliari - Istituto di Astrofisica e Planetologia Spaziali - INAF - Spazio-News Magazine"},{"@type":"BreadcrumbList","@id":"http:\/\/spazio-news.it\/?p=9709#breadcrumb","itemListElement":[{"@type":"ListItem","position":1,"name":"Home","item":"http:\/\/spazio-news.it\/"},{"@type":"ListItem","position":2,"name":"VITROCISET POTENZIER\u00c0 IL SARDINIA RADIO TELESCOPE"}]},{"@type":"WebSite","@id":"http:\/\/spazio-news.it\/#website","url":"http:\/\/spazio-news.it\/","name":"Spazio-News Magazine","description":"La guida che sfida la complessit\u00e0 del mondo industriale","publisher":{"@id":"http:\/\/spazio-news.it\/#organization"},"alternateName":"Spazio-news.it","potentialAction":[{"@type":"SearchAction","target":{"@type":"EntryPoint","urlTemplate":"http:\/\/spazio-news.it\/?s={search_term_string}"},"query-input":{"@type":"PropertyValueSpecification","valueRequired":true,"valueName":"search_term_string"}}],"inLanguage":"it-IT"},{"@type":"Organization","@id":"http:\/\/spazio-news.it\/#organization","name":"Spazio-News Magazine","url":"http:\/\/spazio-news.it\/","logo":{"@type":"ImageObject","inLanguage":"it-IT","@id":"http:\/\/spazio-news.it\/#\/schema\/logo\/image\/","url":"http:\/\/spazio-news.it\/wp-content\/uploads\/2023\/09\/Logo-Spazio-News-512-x-512-NO-testo.jpg","contentUrl":"http:\/\/spazio-news.it\/wp-content\/uploads\/2023\/09\/Logo-Spazio-News-512-x-512-NO-testo.jpg","width":512,"height":512,"caption":"Spazio-News Magazine"},"image":{"@id":"http:\/\/spazio-news.it\/#\/schema\/logo\/image\/"},"sameAs":["https:\/\/m.facebook.com\/spazio-news-magazine","https:\/\/x.com\/News_spazio"]},{"@type":"Person","@id":"http:\/\/spazio-news.it\/#\/schema\/person\/c600904e882e9e166ed8e5e3773d37b3","name":"Redazione","sameAs":["http:\/\/spazio-news.it","@SpazioNewsMagazine","https:\/\/x.com\/@news_spazio"],"url":"http:\/\/spazio-news.it\/?author=1"}]}},"_links":{"self":[{"href":"http:\/\/spazio-news.it\/index.php?rest_route=\/wp\/v2\/posts\/9709","targetHints":{"allow":["GET"]}}],"collection":[{"href":"http:\/\/spazio-news.it\/index.php?rest_route=\/wp\/v2\/posts"}],"about":[{"href":"http:\/\/spazio-news.it\/index.php?rest_route=\/wp\/v2\/types\/post"}],"author":[{"embeddable":true,"href":"http:\/\/spazio-news.it\/index.php?rest_route=\/wp\/v2\/users\/1"}],"replies":[{"embeddable":true,"href":"http:\/\/spazio-news.it\/index.php?rest_route=%2Fwp%2Fv2%2Fcomments&post=9709"}],"version-history":[{"count":2,"href":"http:\/\/spazio-news.it\/index.php?rest_route=\/wp\/v2\/posts\/9709\/revisions"}],"predecessor-version":[{"id":9853,"href":"http:\/\/spazio-news.it\/index.php?rest_route=\/wp\/v2\/posts\/9709\/revisions\/9853"}],"wp:featuredmedia":[{"embeddable":true,"href":"http:\/\/spazio-news.it\/index.php?rest_route=\/wp\/v2\/media\/9710"}],"wp:attachment":[{"href":"http:\/\/spazio-news.it\/index.php?rest_route=%2Fwp%2Fv2%2Fmedia&parent=9709"}],"wp:term":[{"taxonomy":"category","embeddable":true,"href":"http:\/\/spazio-news.it\/index.php?rest_route=%2Fwp%2Fv2%2Fcategories&post=9709"},{"taxonomy":"post_tag","embeddable":true,"href":"http:\/\/spazio-news.it\/index.php?rest_route=%2Fwp%2Fv2%2Ftags&post=9709"}],"curies":[{"name":"wp","href":"https:\/\/api.w.org\/{rel}","templated":true}]}}