{"id":11611,"date":"2023-12-01T01:20:00","date_gmt":"2023-12-01T00:20:00","guid":{"rendered":"http:\/\/spazio-news.it\/?p=11611"},"modified":"2023-11-05T19:48:18","modified_gmt":"2023-11-05T18:48:18","slug":"a-settembre-cresce-loccupazione","status":"publish","type":"post","link":"https:\/\/spazio-news.it\/?p=11611","title":{"rendered":"A SETTEMBRE CRESCE L&#8217;OCCUPAZIONE"},"content":{"rendered":"\n<p>A settembre, rispetto al mese precedente, aumentano gli occupati e i disoccupati mentre gli inattivi sono in flessione. A dirlo \u00e8 l&#8217;<a href=\"https:\/\/www.istat.it\/it\/archivio\/289954\">ultimo rapporto pubblicato dall&#8217;ISTAT<\/a>.<\/p>\n<p>Secondo l\u2019<a href=\"http:\/\/spazio-news.it\/tag\/istituto-nazionale-di-statistica-istat\">Istituto Nazionale di Statistica<\/a> nel nono mese dell&#8217;anno l\u2019occupazione continua a crescere di 42.000 unit\u00e0, rispetto ad agosto &#8217;23, tra i dipendenti permanenti e tra gli autonomi. Il numero degli occupati si attesta a 23 milioni 656.000 unit\u00e0 e registra, rispetto a &#8217;22, una crescita di circa 440.000 contratti permanenti e di 115.000 autonomi; il numero dei dipendenti a termine risulta invece in flessione di 47.000 unit\u00e0. Su base mensile, il tasso di occupazione e quello di disoccupazione salgono rispettivamente al 61,7% e al 7,4%, mentre scende al 33,2% il tasso di inattivit\u00e0. <br \/><br \/>Nel dettaglio, l\u2019aumento dell\u2019occupazione (+0,2%, pari a +42.000) \u00e8 sintesi della crescita osservata tra gli uomini, i dipendenti permanenti, gli autonomi, gli under&#8217;35 e tra chi ha almeno 50 anni, da un lato, e del calo registrato tra le donne, i dipendenti a termine e tra i 35-49enni, dall\u2019altro. Il tasso di occupazione sale al 61,7% (+0,1 punti base). <br \/><br \/>La crescita del numero di persone in cerca di lavoro (+1,9%, pari a +35.000) coinvolge le donne e riguarda tutte le classi d\u2019et\u00e0. Il tasso di disoccupazione totale sale al 7,4% (+0,1%), quello giovanile, pari al 21,9%, scende di 0,1 punti. <br \/><br \/>Il calo del numero di inattivi tra i 15 e i 64 anni (-0,7 punti base, pari a -92.000) si registra tra uomini e donne e per tutte le classi d\u2019et\u00e0. Il tasso di inattivit\u00e0 scende al 33,2% (-0,2 punti). <br \/><br \/>Confrontando il terzo trimestre &#8217;23 con il secondo, si registra un aumento del livello di occupazione pari allo 0,3%, per un totale di 80mila occupati. <br \/><br \/>La crescita dell\u2019occupazione, osservata nel confronto trimestrale, si associa alla diminuzione delle persone in cerca di lavoro (-1,9%, pari a -36.000 unit\u00e0) e degli inattivi (-0,5%, pari a -63.000 unit\u00e0). <br \/><br \/>Il numero di occupati, a settembre &#8217;23, supera quello di settembre dello scorso anno del 2,2% (+512mila unit\u00e0). L\u2019aumento coinvolge uomini, donne e tutte le classi d\u2019et\u00e0, ad eccezione dei 35-49enni per effetto della dinamica demografica negativa: il tasso di occupazione, che nel complesso \u00e8 in aumento di 1,4 punti percentuali, sale anche in questa classe di et\u00e0 (+0,6 punti) perch\u00e9 la diminuzione del numero di occupati 35-49enni \u00e8 meno marcata di quella della corrispondente popolazione complessiva. <br \/><br \/>Rispetto a settembre scorso, diminuisce sia il numero di persone in cerca di lavoro (-5,1%, pari a -101.000) sia il numero di inattivi tra i 15 e i 64 anni (-3,6%, pari a -459.000 unit\u00e0). <br \/><br \/><\/p>\n","protected":false},"excerpt":{"rendered":"<p>A settembre, rispetto al mese precedente, aumentano gli occupati e i disoccupati mentre gli inattivi sono in flessione. A dirlo<\/p>\n","protected":false},"author":1,"featured_media":4838,"comment_status":"closed","ping_status":"open","sticky":false,"template":"","format":"standard","meta":{"colormag_page_container_layout":"default_layout","colormag_page_sidebar_layout":"default_layout","footnotes":""},"categories":[32,6],"tags":[1657,447,2322,558,39,4822,446,2323,4823],"class_list":["post-11611","post","type-post","status-publish","format-standard","has-post-thumbnail","hentry","category-prima-pagina","category-economia-societa","tag-dati-occupazione","tag-disoccupazione","tag-economia-italiana","tag-istituto-nazionale-di-statistica-istat","tag-lavoro","tag-nota-trimestrale-occupazione-italiana","tag-occupazione","tag-pil-prodotto-interno-lordo","tag-unita-di-lavoro-equivalenti-a-tempo-pieno-ula"],"yoast_head":"<!-- This site is optimized with the Yoast SEO plugin v26.8 - https:\/\/yoast.com\/product\/yoast-seo-wordpress\/ -->\n<title>A SETTEMBRE CRESCE L&#039;OCCUPAZIONE &#187; Spazio-News Magazine<\/title>\n<meta name=\"description\" content=\"A settembre aumentano gli occupati e i disoccupati mentre gli inattivi sono in flessione. A dirlo \u00e8 l&#039;ultimo rapporto ISTAT\" \/>\n<meta name=\"robots\" content=\"index, follow, max-snippet:-1, max-image-preview:large, max-video-preview:-1\" \/>\n<link rel=\"canonical\" href=\"https:\/\/spazio-news.it\/?p=11611\" \/>\n<meta property=\"og:locale\" content=\"it_IT\" \/>\n<meta property=\"og:type\" content=\"article\" \/>\n<meta property=\"og:title\" content=\"A SETTEMBRE CRESCE L&#039;OCCUPAZIONE &#187; Spazio-News Magazine\" \/>\n<meta property=\"og:description\" content=\"A settembre aumentano gli occupati e i disoccupati mentre gli inattivi sono in flessione. A dirlo \u00e8 l&#039;ultimo rapporto ISTAT\" \/>\n<meta property=\"og:url\" content=\"https:\/\/spazio-news.it\/?p=11611\" \/>\n<meta property=\"og:site_name\" content=\"Spazio-News Magazine\" \/>\n<meta property=\"article:publisher\" content=\"https:\/\/m.facebook.com\/spazio-news-magazine\" \/>\n<meta property=\"article:author\" content=\"@SpazioNewsMagazine\" \/>\n<meta property=\"article:published_time\" content=\"2023-12-01T00:20:00+00:00\" \/>\n<meta property=\"og:image\" content=\"https:\/\/spazio-news.it\/wp-content\/uploads\/2019\/06\/Lavoro-Marshall-Aerospace-and-Defence-Group-industria.jpg\" \/>\n\t<meta property=\"og:image:width\" content=\"800\" \/>\n\t<meta property=\"og:image:height\" content=\"446\" \/>\n\t<meta property=\"og:image:type\" content=\"image\/jpeg\" \/>\n<meta name=\"author\" content=\"Redazione\" \/>\n<meta name=\"twitter:card\" content=\"summary_large_image\" \/>\n<meta name=\"twitter:creator\" content=\"@news_spazio\" \/>\n<meta name=\"twitter:site\" content=\"@News_spazio\" \/>\n<meta name=\"twitter:label1\" content=\"Scritto da\" \/>\n\t<meta name=\"twitter:data1\" content=\"Redazione\" \/>\n\t<meta name=\"twitter:label2\" content=\"Tempo di lettura stimato\" \/>\n\t<meta name=\"twitter:data2\" content=\"3 minuti\" \/>\n<script type=\"application\/ld+json\" class=\"yoast-schema-graph\">{\"@context\":\"https:\/\/schema.org\",\"@graph\":[{\"@type\":\"NewsArticle\",\"@id\":\"https:\/\/spazio-news.it\/?p=11611#article\",\"isPartOf\":{\"@id\":\"https:\/\/spazio-news.it\/?p=11611\"},\"author\":{\"name\":\"Redazione\",\"@id\":\"https:\/\/spazio-news.it\/#\/schema\/person\/c600904e882e9e166ed8e5e3773d37b3\"},\"headline\":\"A SETTEMBRE CRESCE L&#8217;OCCUPAZIONE\",\"datePublished\":\"2023-12-01T00:20:00+00:00\",\"mainEntityOfPage\":{\"@id\":\"https:\/\/spazio-news.it\/?p=11611\"},\"wordCount\":410,\"publisher\":{\"@id\":\"https:\/\/spazio-news.it\/#organization\"},\"image\":{\"@id\":\"https:\/\/spazio-news.it\/?p=11611#primaryimage\"},\"thumbnailUrl\":\"https:\/\/spazio-news.it\/wp-content\/uploads\/2019\/06\/Lavoro-Marshall-Aerospace-and-Defence-Group-industria.jpg\",\"keywords\":[\"Dati occupazione\",\"disoccupazione\",\"Economia Italiana\",\"Istituto Nazionale di Statistica \u2013 ISTAT\",\"lavoro\",\"Nota trimestrale occupazione italiana\",\"occupazione\",\"PIL - Prodotto Interno Lordo\",\"Unit\u00e0 di LAvoro equivalenti a tempo pieno - ULA\"],\"articleSection\":[\"01 - PRIMA PAGINA\",\"04 - ECONOMIA &amp; SOCIET\u00c0\"],\"inLanguage\":\"it-IT\"},{\"@type\":\"WebPage\",\"@id\":\"https:\/\/spazio-news.it\/?p=11611\",\"url\":\"https:\/\/spazio-news.it\/?p=11611\",\"name\":\"A SETTEMBRE CRESCE L'OCCUPAZIONE &#187; Spazio-News Magazine\",\"isPartOf\":{\"@id\":\"https:\/\/spazio-news.it\/#website\"},\"primaryImageOfPage\":{\"@id\":\"https:\/\/spazio-news.it\/?p=11611#primaryimage\"},\"image\":{\"@id\":\"https:\/\/spazio-news.it\/?p=11611#primaryimage\"},\"thumbnailUrl\":\"https:\/\/spazio-news.it\/wp-content\/uploads\/2019\/06\/Lavoro-Marshall-Aerospace-and-Defence-Group-industria.jpg\",\"datePublished\":\"2023-12-01T00:20:00+00:00\",\"description\":\"A settembre aumentano gli occupati e i disoccupati mentre gli inattivi sono in flessione. A dirlo \u00e8 l'ultimo rapporto ISTAT\",\"breadcrumb\":{\"@id\":\"https:\/\/spazio-news.it\/?p=11611#breadcrumb\"},\"inLanguage\":\"it-IT\",\"potentialAction\":[{\"@type\":\"ReadAction\",\"target\":[\"https:\/\/spazio-news.it\/?p=11611\"]}]},{\"@type\":\"ImageObject\",\"inLanguage\":\"it-IT\",\"@id\":\"https:\/\/spazio-news.it\/?p=11611#primaryimage\",\"url\":\"https:\/\/spazio-news.it\/wp-content\/uploads\/2019\/06\/Lavoro-Marshall-Aerospace-and-Defence-Group-industria.jpg\",\"contentUrl\":\"https:\/\/spazio-news.it\/wp-content\/uploads\/2019\/06\/Lavoro-Marshall-Aerospace-and-Defence-Group-industria.jpg\",\"width\":800,\"height\":446,\"caption\":\"Lavoro Marshall Aerospace and Defence Group industria\"},{\"@type\":\"BreadcrumbList\",\"@id\":\"https:\/\/spazio-news.it\/?p=11611#breadcrumb\",\"itemListElement\":[{\"@type\":\"ListItem\",\"position\":1,\"name\":\"Home\",\"item\":\"https:\/\/spazio-news.it\/\"},{\"@type\":\"ListItem\",\"position\":2,\"name\":\"A SETTEMBRE CRESCE L&#8217;OCCUPAZIONE\"}]},{\"@type\":\"WebSite\",\"@id\":\"https:\/\/spazio-news.it\/#website\",\"url\":\"https:\/\/spazio-news.it\/\",\"name\":\"Spazio-News Magazine\",\"description\":\"La guida che sfida la complessit\u00e0 del mondo industriale\",\"publisher\":{\"@id\":\"https:\/\/spazio-news.it\/#organization\"},\"alternateName\":\"Spazio-news.it\",\"potentialAction\":[{\"@type\":\"SearchAction\",\"target\":{\"@type\":\"EntryPoint\",\"urlTemplate\":\"https:\/\/spazio-news.it\/?s={search_term_string}\"},\"query-input\":{\"@type\":\"PropertyValueSpecification\",\"valueRequired\":true,\"valueName\":\"search_term_string\"}}],\"inLanguage\":\"it-IT\"},{\"@type\":\"Organization\",\"@id\":\"https:\/\/spazio-news.it\/#organization\",\"name\":\"Spazio-News Magazine\",\"url\":\"https:\/\/spazio-news.it\/\",\"logo\":{\"@type\":\"ImageObject\",\"inLanguage\":\"it-IT\",\"@id\":\"https:\/\/spazio-news.it\/#\/schema\/logo\/image\/\",\"url\":\"http:\/\/spazio-news.it\/wp-content\/uploads\/2023\/09\/Logo-Spazio-News-512-x-512-NO-testo.jpg\",\"contentUrl\":\"http:\/\/spazio-news.it\/wp-content\/uploads\/2023\/09\/Logo-Spazio-News-512-x-512-NO-testo.jpg\",\"width\":512,\"height\":512,\"caption\":\"Spazio-News Magazine\"},\"image\":{\"@id\":\"https:\/\/spazio-news.it\/#\/schema\/logo\/image\/\"},\"sameAs\":[\"https:\/\/m.facebook.com\/spazio-news-magazine\",\"https:\/\/x.com\/News_spazio\"]},{\"@type\":\"Person\",\"@id\":\"https:\/\/spazio-news.it\/#\/schema\/person\/c600904e882e9e166ed8e5e3773d37b3\",\"name\":\"Redazione\",\"sameAs\":[\"http:\/\/spazio-news.it\",\"@SpazioNewsMagazine\",\"https:\/\/x.com\/@news_spazio\"],\"url\":\"https:\/\/spazio-news.it\/?author=1\"}]}<\/script>\n<!-- \/ Yoast SEO plugin. -->","yoast_head_json":{"title":"A SETTEMBRE CRESCE L'OCCUPAZIONE &#187; Spazio-News Magazine","description":"A settembre aumentano gli occupati e i disoccupati mentre gli inattivi sono in flessione. A dirlo \u00e8 l'ultimo rapporto ISTAT","robots":{"index":"index","follow":"follow","max-snippet":"max-snippet:-1","max-image-preview":"max-image-preview:large","max-video-preview":"max-video-preview:-1"},"canonical":"https:\/\/spazio-news.it\/?p=11611","og_locale":"it_IT","og_type":"article","og_title":"A SETTEMBRE CRESCE L'OCCUPAZIONE &#187; Spazio-News Magazine","og_description":"A settembre aumentano gli occupati e i disoccupati mentre gli inattivi sono in flessione. A dirlo \u00e8 l'ultimo rapporto ISTAT","og_url":"https:\/\/spazio-news.it\/?p=11611","og_site_name":"Spazio-News Magazine","article_publisher":"https:\/\/m.facebook.com\/spazio-news-magazine","article_author":"@SpazioNewsMagazine","article_published_time":"2023-12-01T00:20:00+00:00","og_image":[{"width":800,"height":446,"url":"https:\/\/spazio-news.it\/wp-content\/uploads\/2019\/06\/Lavoro-Marshall-Aerospace-and-Defence-Group-industria.jpg","type":"image\/jpeg"}],"author":"Redazione","twitter_card":"summary_large_image","twitter_creator":"@news_spazio","twitter_site":"@News_spazio","twitter_misc":{"Scritto da":"Redazione","Tempo di lettura stimato":"3 minuti"},"schema":{"@context":"https:\/\/schema.org","@graph":[{"@type":"NewsArticle","@id":"https:\/\/spazio-news.it\/?p=11611#article","isPartOf":{"@id":"https:\/\/spazio-news.it\/?p=11611"},"author":{"name":"Redazione","@id":"https:\/\/spazio-news.it\/#\/schema\/person\/c600904e882e9e166ed8e5e3773d37b3"},"headline":"A SETTEMBRE CRESCE L&#8217;OCCUPAZIONE","datePublished":"2023-12-01T00:20:00+00:00","mainEntityOfPage":{"@id":"https:\/\/spazio-news.it\/?p=11611"},"wordCount":410,"publisher":{"@id":"https:\/\/spazio-news.it\/#organization"},"image":{"@id":"https:\/\/spazio-news.it\/?p=11611#primaryimage"},"thumbnailUrl":"https:\/\/spazio-news.it\/wp-content\/uploads\/2019\/06\/Lavoro-Marshall-Aerospace-and-Defence-Group-industria.jpg","keywords":["Dati occupazione","disoccupazione","Economia Italiana","Istituto Nazionale di Statistica \u2013 ISTAT","lavoro","Nota trimestrale occupazione italiana","occupazione","PIL - Prodotto Interno Lordo","Unit\u00e0 di LAvoro equivalenti a tempo pieno - ULA"],"articleSection":["01 - PRIMA PAGINA","04 - ECONOMIA &amp; SOCIET\u00c0"],"inLanguage":"it-IT"},{"@type":"WebPage","@id":"https:\/\/spazio-news.it\/?p=11611","url":"https:\/\/spazio-news.it\/?p=11611","name":"A SETTEMBRE CRESCE L'OCCUPAZIONE &#187; Spazio-News Magazine","isPartOf":{"@id":"https:\/\/spazio-news.it\/#website"},"primaryImageOfPage":{"@id":"https:\/\/spazio-news.it\/?p=11611#primaryimage"},"image":{"@id":"https:\/\/spazio-news.it\/?p=11611#primaryimage"},"thumbnailUrl":"https:\/\/spazio-news.it\/wp-content\/uploads\/2019\/06\/Lavoro-Marshall-Aerospace-and-Defence-Group-industria.jpg","datePublished":"2023-12-01T00:20:00+00:00","description":"A settembre aumentano gli occupati e i disoccupati mentre gli inattivi sono in flessione. A dirlo \u00e8 l'ultimo rapporto ISTAT","breadcrumb":{"@id":"https:\/\/spazio-news.it\/?p=11611#breadcrumb"},"inLanguage":"it-IT","potentialAction":[{"@type":"ReadAction","target":["https:\/\/spazio-news.it\/?p=11611"]}]},{"@type":"ImageObject","inLanguage":"it-IT","@id":"https:\/\/spazio-news.it\/?p=11611#primaryimage","url":"https:\/\/spazio-news.it\/wp-content\/uploads\/2019\/06\/Lavoro-Marshall-Aerospace-and-Defence-Group-industria.jpg","contentUrl":"https:\/\/spazio-news.it\/wp-content\/uploads\/2019\/06\/Lavoro-Marshall-Aerospace-and-Defence-Group-industria.jpg","width":800,"height":446,"caption":"Lavoro Marshall Aerospace and Defence Group industria"},{"@type":"BreadcrumbList","@id":"https:\/\/spazio-news.it\/?p=11611#breadcrumb","itemListElement":[{"@type":"ListItem","position":1,"name":"Home","item":"https:\/\/spazio-news.it\/"},{"@type":"ListItem","position":2,"name":"A SETTEMBRE CRESCE L&#8217;OCCUPAZIONE"}]},{"@type":"WebSite","@id":"https:\/\/spazio-news.it\/#website","url":"https:\/\/spazio-news.it\/","name":"Spazio-News Magazine","description":"La guida che sfida la complessit\u00e0 del mondo industriale","publisher":{"@id":"https:\/\/spazio-news.it\/#organization"},"alternateName":"Spazio-news.it","potentialAction":[{"@type":"SearchAction","target":{"@type":"EntryPoint","urlTemplate":"https:\/\/spazio-news.it\/?s={search_term_string}"},"query-input":{"@type":"PropertyValueSpecification","valueRequired":true,"valueName":"search_term_string"}}],"inLanguage":"it-IT"},{"@type":"Organization","@id":"https:\/\/spazio-news.it\/#organization","name":"Spazio-News Magazine","url":"https:\/\/spazio-news.it\/","logo":{"@type":"ImageObject","inLanguage":"it-IT","@id":"https:\/\/spazio-news.it\/#\/schema\/logo\/image\/","url":"http:\/\/spazio-news.it\/wp-content\/uploads\/2023\/09\/Logo-Spazio-News-512-x-512-NO-testo.jpg","contentUrl":"http:\/\/spazio-news.it\/wp-content\/uploads\/2023\/09\/Logo-Spazio-News-512-x-512-NO-testo.jpg","width":512,"height":512,"caption":"Spazio-News Magazine"},"image":{"@id":"https:\/\/spazio-news.it\/#\/schema\/logo\/image\/"},"sameAs":["https:\/\/m.facebook.com\/spazio-news-magazine","https:\/\/x.com\/News_spazio"]},{"@type":"Person","@id":"https:\/\/spazio-news.it\/#\/schema\/person\/c600904e882e9e166ed8e5e3773d37b3","name":"Redazione","sameAs":["http:\/\/spazio-news.it","@SpazioNewsMagazine","https:\/\/x.com\/@news_spazio"],"url":"https:\/\/spazio-news.it\/?author=1"}]}},"_links":{"self":[{"href":"https:\/\/spazio-news.it\/index.php?rest_route=\/wp\/v2\/posts\/11611","targetHints":{"allow":["GET"]}}],"collection":[{"href":"https:\/\/spazio-news.it\/index.php?rest_route=\/wp\/v2\/posts"}],"about":[{"href":"https:\/\/spazio-news.it\/index.php?rest_route=\/wp\/v2\/types\/post"}],"author":[{"embeddable":true,"href":"https:\/\/spazio-news.it\/index.php?rest_route=\/wp\/v2\/users\/1"}],"replies":[{"embeddable":true,"href":"https:\/\/spazio-news.it\/index.php?rest_route=%2Fwp%2Fv2%2Fcomments&post=11611"}],"version-history":[{"count":1,"href":"https:\/\/spazio-news.it\/index.php?rest_route=\/wp\/v2\/posts\/11611\/revisions"}],"predecessor-version":[{"id":11612,"href":"https:\/\/spazio-news.it\/index.php?rest_route=\/wp\/v2\/posts\/11611\/revisions\/11612"}],"wp:featuredmedia":[{"embeddable":true,"href":"https:\/\/spazio-news.it\/index.php?rest_route=\/wp\/v2\/media\/4838"}],"wp:attachment":[{"href":"https:\/\/spazio-news.it\/index.php?rest_route=%2Fwp%2Fv2%2Fmedia&parent=11611"}],"wp:term":[{"taxonomy":"category","embeddable":true,"href":"https:\/\/spazio-news.it\/index.php?rest_route=%2Fwp%2Fv2%2Fcategories&post=11611"},{"taxonomy":"post_tag","embeddable":true,"href":"https:\/\/spazio-news.it\/index.php?rest_route=%2Fwp%2Fv2%2Ftags&post=11611"}],"curies":[{"name":"wp","href":"https:\/\/api.w.org\/{rel}","templated":true}]}}