{"id":7466,"date":"2019-12-16T03:31:25","date_gmt":"2019-12-16T02:31:25","guid":{"rendered":"http:\/\/spazio-news.it\/?p=7466"},"modified":"2019-12-16T14:09:24","modified_gmt":"2019-12-16T13:09:24","slug":"guerini-investire-nellammodernamento-dello-strumento-militare","status":"publish","type":"post","link":"https:\/\/spazio-news.it\/?p=7466","title":{"rendered":"GUERINI: INVESTIRE NELL&#8217;AMMODERNAMENTO DELLO STRUMENTO MILITARE"},"content":{"rendered":"<p>&#8220;<em>Un continuo adeguamento e ammodernamento dello strumento militare e della capacit\u00e0 di assumersi la responsabilit\u00e0 delle scelte che derivano dal fatto di essere un Paese importante, un Paese che intende giocare un ruolo, che vuole essere protagonista laddove le esigenze della sua sicurezza richiedono di essere protagonista<\/em>&#8220;. Con queste parole il <a href=\"http:\/\/www.difesa.it\">Ministro Lorenzo Guerini<\/a> \u00e8 intervenuto all&#8217;evento &#8220;<a href=\"http:\/\/www.europarl.europa.eu\">Spazio, Sicurezza e Difesa: le prossime sfide per l&#8217;industria europea<\/a>&#8220;, organizzato dal <a href=\"http:\/\/www.europarl.europa.eu\">Parlamento europeo<\/a> con l\u2019obiettivo di aprire un confronto sulla iniziative attuate nel <strong>settore dello spazio<\/strong> e nelle <strong>tecnologie strategiche<\/strong> per la <strong>Difesa<\/strong> e la <strong>sicurezza<\/strong>.<\/p>\n<p>All&#8217;evento, tenutosi il <strong>6 dicembre<\/strong> scorso al <strong>Maschio Angioino<\/strong> di <strong>Napoli<\/strong>, hanno preso parte, tra gli altri, il <strong>Presidente del&nbsp;Parlamento Europeo<\/strong>, <strong>David Sassoli<\/strong>, i <strong>Ministri dell&#8217;Istruzione, Universit\u00e0 e Ricerca, Lorenzo Fioramonti<\/strong>, e il <strong>Ministro delle Infrastrutture e dei Trasporti, Paola De Micheli<\/strong>.<\/p>\n<p><a href=\"http:\/\/www.difesa.it\">Guerini<\/a>, ha inoltre esortato a &#8220;<em>lavorare insieme affinch\u00e9 questa cultura, affinch\u00e9 questa riflessione, affinch\u00e9 queste parole possano diventare patrimonio comune da spendere dentro il dibattito politico nazionale e nel rapporto con l&#8217;opinione pubblica italiana&#8221;.<\/em><\/p>\n<p>Alla manifestazione hanno preso parte anche il <strong>Presidente della Commissione Affari Costituzionali del Parlamento UE, Antonio Tajani<\/strong>, il <a href=\"http:\/\/www.governo.it\">Sottosegretario alla Presidenza del Consiglio, Riccardo Fraccaro<\/a>, il <a href=\"http:\/\/www.difesa.it\">Sottosegretario di Stato alla Difesa, Dott. Giulio Calvisi<\/a>, il Vice <strong>Sindaco di Napoli, Enrico Panini<\/strong> e&nbsp;il <a href=\"http:\/\/www.aiad.it\">Presidente dell&#8217;AIAD, Guido Crosetto<\/a>.<\/p>\n","protected":false},"excerpt":{"rendered":"<p>&#8220;Un continuo adeguamento e ammodernamento dello strumento militare e della capacit\u00e0 di assumersi la responsabilit\u00e0 delle scelte che derivano dal<\/p>\n","protected":false},"author":1,"featured_media":6965,"comment_status":"closed","ping_status":"open","sticky":false,"template":"","format":"standard","meta":{"colormag_page_container_layout":"default_layout","colormag_page_sidebar_layout":"default_layout","footnotes":""},"categories":[32,4],"tags":[4171,1816,1098,1873,3462,1305,105,2950,3849],"class_list":["post-7466","post","type-post","status-publish","format-standard","has-post-thumbnail","hentry","category-prima-pagina","category-istituzioni","tag-antonio-tajani","tag-aziende-italiane-per-laerospazio-la-difesa-e-la-sicurezza-aiad","tag-difesa-europea","tag-industria-aerospaziale","tag-lorenzo-guerini","tag-ministero-delluniversita-e-della-ricerca-miur","tag-ministero-della-difesa","tag-parlamento-europeo","tag-riccardo-fraccaro"],"yoast_head":"<!-- This site is optimized with the Yoast SEO plugin v26.8 - https:\/\/yoast.com\/product\/yoast-seo-wordpress\/ -->\n<title>GUERINI: INVESTIRE NELL&#039;AMMODERNAMENTO DELLO STRUMENTO MILITARE &#187; Spazio-News Magazine<\/title>\n<meta name=\"description\" content=\"&quot;Un continuo adeguamento e ammodernamento dello strumento militare&quot; Con queste parole il Ministro Guerini \u00e8 intervenuto all&#039;evento &quot;Spazio\" \/>\n<meta name=\"robots\" content=\"index, follow, max-snippet:-1, max-image-preview:large, max-video-preview:-1\" \/>\n<link rel=\"canonical\" href=\"http:\/\/spazio-news.it\/?p=7466\" \/>\n<meta property=\"og:locale\" content=\"it_IT\" \/>\n<meta property=\"og:type\" content=\"article\" \/>\n<meta property=\"og:title\" content=\"GUERINI: INVESTIRE NELL&#039;AMMODERNAMENTO DELLO STRUMENTO MILITARE &#187; Spazio-News Magazine\" \/>\n<meta property=\"og:description\" content=\"&quot;Un continuo adeguamento e ammodernamento dello strumento militare&quot; Con queste parole il Ministro Guerini \u00e8 intervenuto all&#039;evento &quot;Spazio\" \/>\n<meta property=\"og:url\" content=\"http:\/\/spazio-news.it\/?p=7466\" \/>\n<meta property=\"og:site_name\" content=\"Spazio-News Magazine\" \/>\n<meta property=\"article:publisher\" content=\"https:\/\/m.facebook.com\/spazio-news-magazine\" \/>\n<meta property=\"article:author\" content=\"@SpazioNewsMagazine\" \/>\n<meta property=\"article:published_time\" content=\"2019-12-16T02:31:25+00:00\" \/>\n<meta property=\"article:modified_time\" content=\"2019-12-16T13:09:24+00:00\" \/>\n<meta property=\"og:image\" content=\"http:\/\/spazio-news.it\/wp-content\/uploads\/2019\/10\/Ministro-della-Difesa-Lorenzo-Guerini-II-Spazio-News-Magazine.jpg\" \/>\n\t<meta property=\"og:image:width\" content=\"800\" \/>\n\t<meta property=\"og:image:height\" content=\"446\" \/>\n\t<meta property=\"og:image:type\" content=\"image\/jpeg\" \/>\n<meta name=\"author\" content=\"Redazione\" \/>\n<meta name=\"twitter:card\" content=\"summary_large_image\" \/>\n<meta name=\"twitter:creator\" content=\"@news_spazio\" \/>\n<meta name=\"twitter:site\" content=\"@News_spazio\" \/>\n<meta name=\"twitter:label1\" content=\"Scritto da\" \/>\n\t<meta name=\"twitter:data1\" content=\"Redazione\" \/>\n\t<meta name=\"twitter:label2\" content=\"Tempo di lettura stimato\" \/>\n\t<meta name=\"twitter:data2\" content=\"1 minuto\" \/>\n<script type=\"application\/ld+json\" class=\"yoast-schema-graph\">{\"@context\":\"https:\/\/schema.org\",\"@graph\":[{\"@type\":\"NewsArticle\",\"@id\":\"http:\/\/spazio-news.it\/?p=7466#article\",\"isPartOf\":{\"@id\":\"http:\/\/spazio-news.it\/?p=7466\"},\"author\":{\"name\":\"Redazione\",\"@id\":\"http:\/\/spazio-news.it\/#\/schema\/person\/c600904e882e9e166ed8e5e3773d37b3\"},\"headline\":\"GUERINI: INVESTIRE NELL&#8217;AMMODERNAMENTO DELLO STRUMENTO MILITARE\",\"datePublished\":\"2019-12-16T02:31:25+00:00\",\"dateModified\":\"2019-12-16T13:09:24+00:00\",\"mainEntityOfPage\":{\"@id\":\"http:\/\/spazio-news.it\/?p=7466\"},\"wordCount\":232,\"publisher\":{\"@id\":\"http:\/\/spazio-news.it\/#organization\"},\"image\":{\"@id\":\"http:\/\/spazio-news.it\/?p=7466#primaryimage\"},\"thumbnailUrl\":\"https:\/\/spazio-news.it\/wp-content\/uploads\/2019\/10\/Ministro-della-Difesa-Lorenzo-Guerini-II-Spazio-News-Magazine.jpg\",\"keywords\":[\"Antonio Tajani\",\"Aziende Italiane per l\u2019Aerospazio la Difesa e la Sicurezza - AIAD\",\"Difesa Europea\",\"industria aerospaziale\",\"Lorenzo Guerini\",\"Ministero dell'Universit\u00e0 e della Ricerca - MIUR\",\"Ministero della Difesa\",\"Parlamento Europeo\",\"Riccardo Fraccaro\"],\"articleSection\":[\"01 - PRIMA PAGINA\",\"03 - ISTITUZIONI\"],\"inLanguage\":\"it-IT\"},{\"@type\":\"WebPage\",\"@id\":\"http:\/\/spazio-news.it\/?p=7466\",\"url\":\"http:\/\/spazio-news.it\/?p=7466\",\"name\":\"GUERINI: INVESTIRE NELL'AMMODERNAMENTO DELLO STRUMENTO MILITARE &#187; Spazio-News Magazine\",\"isPartOf\":{\"@id\":\"http:\/\/spazio-news.it\/#website\"},\"primaryImageOfPage\":{\"@id\":\"http:\/\/spazio-news.it\/?p=7466#primaryimage\"},\"image\":{\"@id\":\"http:\/\/spazio-news.it\/?p=7466#primaryimage\"},\"thumbnailUrl\":\"https:\/\/spazio-news.it\/wp-content\/uploads\/2019\/10\/Ministro-della-Difesa-Lorenzo-Guerini-II-Spazio-News-Magazine.jpg\",\"datePublished\":\"2019-12-16T02:31:25+00:00\",\"dateModified\":\"2019-12-16T13:09:24+00:00\",\"description\":\"\\\"Un continuo adeguamento e ammodernamento dello strumento militare\\\" Con queste parole il Ministro Guerini \u00e8 intervenuto all'evento \\\"Spazio\",\"breadcrumb\":{\"@id\":\"http:\/\/spazio-news.it\/?p=7466#breadcrumb\"},\"inLanguage\":\"it-IT\",\"potentialAction\":[{\"@type\":\"ReadAction\",\"target\":[\"http:\/\/spazio-news.it\/?p=7466\"]}]},{\"@type\":\"ImageObject\",\"inLanguage\":\"it-IT\",\"@id\":\"http:\/\/spazio-news.it\/?p=7466#primaryimage\",\"url\":\"https:\/\/spazio-news.it\/wp-content\/uploads\/2019\/10\/Ministro-della-Difesa-Lorenzo-Guerini-II-Spazio-News-Magazine.jpg\",\"contentUrl\":\"https:\/\/spazio-news.it\/wp-content\/uploads\/2019\/10\/Ministro-della-Difesa-Lorenzo-Guerini-II-Spazio-News-Magazine.jpg\",\"width\":800,\"height\":446,\"caption\":\"Ministro della Difesa, Lorenzo Guerini II Spazio-News Magazine\"},{\"@type\":\"BreadcrumbList\",\"@id\":\"http:\/\/spazio-news.it\/?p=7466#breadcrumb\",\"itemListElement\":[{\"@type\":\"ListItem\",\"position\":1,\"name\":\"Home\",\"item\":\"http:\/\/spazio-news.it\/\"},{\"@type\":\"ListItem\",\"position\":2,\"name\":\"GUERINI: INVESTIRE NELL&#8217;AMMODERNAMENTO DELLO STRUMENTO MILITARE\"}]},{\"@type\":\"WebSite\",\"@id\":\"http:\/\/spazio-news.it\/#website\",\"url\":\"http:\/\/spazio-news.it\/\",\"name\":\"Spazio-News Magazine\",\"description\":\"La guida che sfida la complessit\u00e0 del mondo industriale\",\"publisher\":{\"@id\":\"http:\/\/spazio-news.it\/#organization\"},\"alternateName\":\"Spazio-news.it\",\"potentialAction\":[{\"@type\":\"SearchAction\",\"target\":{\"@type\":\"EntryPoint\",\"urlTemplate\":\"http:\/\/spazio-news.it\/?s={search_term_string}\"},\"query-input\":{\"@type\":\"PropertyValueSpecification\",\"valueRequired\":true,\"valueName\":\"search_term_string\"}}],\"inLanguage\":\"it-IT\"},{\"@type\":\"Organization\",\"@id\":\"http:\/\/spazio-news.it\/#organization\",\"name\":\"Spazio-News Magazine\",\"url\":\"http:\/\/spazio-news.it\/\",\"logo\":{\"@type\":\"ImageObject\",\"inLanguage\":\"it-IT\",\"@id\":\"http:\/\/spazio-news.it\/#\/schema\/logo\/image\/\",\"url\":\"http:\/\/spazio-news.it\/wp-content\/uploads\/2023\/09\/Logo-Spazio-News-512-x-512-NO-testo.jpg\",\"contentUrl\":\"http:\/\/spazio-news.it\/wp-content\/uploads\/2023\/09\/Logo-Spazio-News-512-x-512-NO-testo.jpg\",\"width\":512,\"height\":512,\"caption\":\"Spazio-News Magazine\"},\"image\":{\"@id\":\"http:\/\/spazio-news.it\/#\/schema\/logo\/image\/\"},\"sameAs\":[\"https:\/\/m.facebook.com\/spazio-news-magazine\",\"https:\/\/x.com\/News_spazio\"]},{\"@type\":\"Person\",\"@id\":\"http:\/\/spazio-news.it\/#\/schema\/person\/c600904e882e9e166ed8e5e3773d37b3\",\"name\":\"Redazione\",\"sameAs\":[\"http:\/\/spazio-news.it\",\"@SpazioNewsMagazine\",\"https:\/\/x.com\/@news_spazio\"],\"url\":\"https:\/\/spazio-news.it\/?author=1\"}]}<\/script>\n<!-- \/ Yoast SEO plugin. -->","yoast_head_json":{"title":"GUERINI: INVESTIRE NELL'AMMODERNAMENTO DELLO STRUMENTO MILITARE &#187; Spazio-News Magazine","description":"\"Un continuo adeguamento e ammodernamento dello strumento militare\" Con queste parole il Ministro Guerini \u00e8 intervenuto all'evento \"Spazio","robots":{"index":"index","follow":"follow","max-snippet":"max-snippet:-1","max-image-preview":"max-image-preview:large","max-video-preview":"max-video-preview:-1"},"canonical":"http:\/\/spazio-news.it\/?p=7466","og_locale":"it_IT","og_type":"article","og_title":"GUERINI: INVESTIRE NELL'AMMODERNAMENTO DELLO STRUMENTO MILITARE &#187; Spazio-News Magazine","og_description":"\"Un continuo adeguamento e ammodernamento dello strumento militare\" Con queste parole il Ministro Guerini \u00e8 intervenuto all'evento \"Spazio","og_url":"http:\/\/spazio-news.it\/?p=7466","og_site_name":"Spazio-News Magazine","article_publisher":"https:\/\/m.facebook.com\/spazio-news-magazine","article_author":"@SpazioNewsMagazine","article_published_time":"2019-12-16T02:31:25+00:00","article_modified_time":"2019-12-16T13:09:24+00:00","og_image":[{"width":800,"height":446,"url":"http:\/\/spazio-news.it\/wp-content\/uploads\/2019\/10\/Ministro-della-Difesa-Lorenzo-Guerini-II-Spazio-News-Magazine.jpg","type":"image\/jpeg"}],"author":"Redazione","twitter_card":"summary_large_image","twitter_creator":"@news_spazio","twitter_site":"@News_spazio","twitter_misc":{"Scritto da":"Redazione","Tempo di lettura stimato":"1 minuto"},"schema":{"@context":"https:\/\/schema.org","@graph":[{"@type":"NewsArticle","@id":"http:\/\/spazio-news.it\/?p=7466#article","isPartOf":{"@id":"http:\/\/spazio-news.it\/?p=7466"},"author":{"name":"Redazione","@id":"http:\/\/spazio-news.it\/#\/schema\/person\/c600904e882e9e166ed8e5e3773d37b3"},"headline":"GUERINI: INVESTIRE NELL&#8217;AMMODERNAMENTO DELLO STRUMENTO MILITARE","datePublished":"2019-12-16T02:31:25+00:00","dateModified":"2019-12-16T13:09:24+00:00","mainEntityOfPage":{"@id":"http:\/\/spazio-news.it\/?p=7466"},"wordCount":232,"publisher":{"@id":"http:\/\/spazio-news.it\/#organization"},"image":{"@id":"http:\/\/spazio-news.it\/?p=7466#primaryimage"},"thumbnailUrl":"https:\/\/spazio-news.it\/wp-content\/uploads\/2019\/10\/Ministro-della-Difesa-Lorenzo-Guerini-II-Spazio-News-Magazine.jpg","keywords":["Antonio Tajani","Aziende Italiane per l\u2019Aerospazio la Difesa e la Sicurezza - AIAD","Difesa Europea","industria aerospaziale","Lorenzo Guerini","Ministero dell'Universit\u00e0 e della Ricerca - MIUR","Ministero della Difesa","Parlamento Europeo","Riccardo Fraccaro"],"articleSection":["01 - PRIMA PAGINA","03 - ISTITUZIONI"],"inLanguage":"it-IT"},{"@type":"WebPage","@id":"http:\/\/spazio-news.it\/?p=7466","url":"http:\/\/spazio-news.it\/?p=7466","name":"GUERINI: INVESTIRE NELL'AMMODERNAMENTO DELLO STRUMENTO MILITARE &#187; Spazio-News Magazine","isPartOf":{"@id":"http:\/\/spazio-news.it\/#website"},"primaryImageOfPage":{"@id":"http:\/\/spazio-news.it\/?p=7466#primaryimage"},"image":{"@id":"http:\/\/spazio-news.it\/?p=7466#primaryimage"},"thumbnailUrl":"https:\/\/spazio-news.it\/wp-content\/uploads\/2019\/10\/Ministro-della-Difesa-Lorenzo-Guerini-II-Spazio-News-Magazine.jpg","datePublished":"2019-12-16T02:31:25+00:00","dateModified":"2019-12-16T13:09:24+00:00","description":"\"Un continuo adeguamento e ammodernamento dello strumento militare\" Con queste parole il Ministro Guerini \u00e8 intervenuto all'evento \"Spazio","breadcrumb":{"@id":"http:\/\/spazio-news.it\/?p=7466#breadcrumb"},"inLanguage":"it-IT","potentialAction":[{"@type":"ReadAction","target":["http:\/\/spazio-news.it\/?p=7466"]}]},{"@type":"ImageObject","inLanguage":"it-IT","@id":"http:\/\/spazio-news.it\/?p=7466#primaryimage","url":"https:\/\/spazio-news.it\/wp-content\/uploads\/2019\/10\/Ministro-della-Difesa-Lorenzo-Guerini-II-Spazio-News-Magazine.jpg","contentUrl":"https:\/\/spazio-news.it\/wp-content\/uploads\/2019\/10\/Ministro-della-Difesa-Lorenzo-Guerini-II-Spazio-News-Magazine.jpg","width":800,"height":446,"caption":"Ministro della Difesa, Lorenzo Guerini II Spazio-News Magazine"},{"@type":"BreadcrumbList","@id":"http:\/\/spazio-news.it\/?p=7466#breadcrumb","itemListElement":[{"@type":"ListItem","position":1,"name":"Home","item":"http:\/\/spazio-news.it\/"},{"@type":"ListItem","position":2,"name":"GUERINI: INVESTIRE NELL&#8217;AMMODERNAMENTO DELLO STRUMENTO MILITARE"}]},{"@type":"WebSite","@id":"http:\/\/spazio-news.it\/#website","url":"http:\/\/spazio-news.it\/","name":"Spazio-News Magazine","description":"La guida che sfida la complessit\u00e0 del mondo industriale","publisher":{"@id":"http:\/\/spazio-news.it\/#organization"},"alternateName":"Spazio-news.it","potentialAction":[{"@type":"SearchAction","target":{"@type":"EntryPoint","urlTemplate":"http:\/\/spazio-news.it\/?s={search_term_string}"},"query-input":{"@type":"PropertyValueSpecification","valueRequired":true,"valueName":"search_term_string"}}],"inLanguage":"it-IT"},{"@type":"Organization","@id":"http:\/\/spazio-news.it\/#organization","name":"Spazio-News Magazine","url":"http:\/\/spazio-news.it\/","logo":{"@type":"ImageObject","inLanguage":"it-IT","@id":"http:\/\/spazio-news.it\/#\/schema\/logo\/image\/","url":"http:\/\/spazio-news.it\/wp-content\/uploads\/2023\/09\/Logo-Spazio-News-512-x-512-NO-testo.jpg","contentUrl":"http:\/\/spazio-news.it\/wp-content\/uploads\/2023\/09\/Logo-Spazio-News-512-x-512-NO-testo.jpg","width":512,"height":512,"caption":"Spazio-News Magazine"},"image":{"@id":"http:\/\/spazio-news.it\/#\/schema\/logo\/image\/"},"sameAs":["https:\/\/m.facebook.com\/spazio-news-magazine","https:\/\/x.com\/News_spazio"]},{"@type":"Person","@id":"http:\/\/spazio-news.it\/#\/schema\/person\/c600904e882e9e166ed8e5e3773d37b3","name":"Redazione","sameAs":["http:\/\/spazio-news.it","@SpazioNewsMagazine","https:\/\/x.com\/@news_spazio"],"url":"https:\/\/spazio-news.it\/?author=1"}]}},"_links":{"self":[{"href":"https:\/\/spazio-news.it\/index.php?rest_route=\/wp\/v2\/posts\/7466","targetHints":{"allow":["GET"]}}],"collection":[{"href":"https:\/\/spazio-news.it\/index.php?rest_route=\/wp\/v2\/posts"}],"about":[{"href":"https:\/\/spazio-news.it\/index.php?rest_route=\/wp\/v2\/types\/post"}],"author":[{"embeddable":true,"href":"https:\/\/spazio-news.it\/index.php?rest_route=\/wp\/v2\/users\/1"}],"replies":[{"embeddable":true,"href":"https:\/\/spazio-news.it\/index.php?rest_route=%2Fwp%2Fv2%2Fcomments&post=7466"}],"version-history":[{"count":2,"href":"https:\/\/spazio-news.it\/index.php?rest_route=\/wp\/v2\/posts\/7466\/revisions"}],"predecessor-version":[{"id":7547,"href":"https:\/\/spazio-news.it\/index.php?rest_route=\/wp\/v2\/posts\/7466\/revisions\/7547"}],"wp:featuredmedia":[{"embeddable":true,"href":"https:\/\/spazio-news.it\/index.php?rest_route=\/wp\/v2\/media\/6965"}],"wp:attachment":[{"href":"https:\/\/spazio-news.it\/index.php?rest_route=%2Fwp%2Fv2%2Fmedia&parent=7466"}],"wp:term":[{"taxonomy":"category","embeddable":true,"href":"https:\/\/spazio-news.it\/index.php?rest_route=%2Fwp%2Fv2%2Fcategories&post=7466"},{"taxonomy":"post_tag","embeddable":true,"href":"https:\/\/spazio-news.it\/index.php?rest_route=%2Fwp%2Fv2%2Ftags&post=7466"}],"curies":[{"name":"wp","href":"https:\/\/api.w.org\/{rel}","templated":true}]}}