{"id":8448,"date":"2020-03-31T03:04:00","date_gmt":"2020-03-31T02:04:00","guid":{"rendered":"http:\/\/spazio-news.it\/?p=8448"},"modified":"2020-03-27T15:16:19","modified_gmt":"2020-03-27T14:16:19","slug":"avio-chiude-il-2019-con-ricavi-in-calo-del-5-anche-a-causa-dei-problemi-al-vega","status":"publish","type":"post","link":"https:\/\/spazio-news.it\/?p=8448","title":{"rendered":"AVIO CHIUDE IL 2019 CON RICAVI IN CALO DEL 5%, ANCHE A CAUSA DEI PROBLEMI AL VEGA"},"content":{"rendered":"\n<p>&#8220;<em>Il 2019 ha consolidato ulteriormente un trend pluriennale di crescita di utili e cassa malgrado le difficolt\u00e0 conseguenti alla failure di un volo Vega occorsa nel mese di luglio scorso<\/em>\u201d. Con queste parole l\u2019<a href=\"http:\/\/www.avio.com\/\">Amministratore Delegato di Avio SpA<\/a>,<strong> Giulio Ranzo<\/strong>, ha annunciato l\u2019approvazione del <strong>progetto di bilancio di esercizio<\/strong> e il <strong>bilancio consolidato<\/strong> al <strong>31 dicembre<\/strong>.<\/p>\n<p><a href=\"http:\/\/www.avio.com\/\">Avio<\/a> ha chiuso il 2019 <strong>con<\/strong><strong>\u00a0ricavi netti\u00a0pari a\u00a0368,7 milioni\u00a0di Euro, in calo\u00a0<\/strong><strong>del<\/strong><strong>\u00a0-5%<\/strong>\u00a0rispetto all\u2019esercizio\u00a0precedente, e inferiori a quanto previsto dalla <strong>Guidance 2019<\/strong> (pari a 380-405 milioni di Euro). La diminuzione dei ricavi, ha fatto sapere la societ\u00e0 con base a <strong>Colleferro<\/strong> &#8211; <strong>Roma<\/strong>, \u00e8 principalmente legata al <strong>rallentamento <\/strong>di alcune <strong>attivit\u00e0 di produzione<\/strong> <strong>e sviluppo<\/strong> a seguito dei <strong>problemi riscontrati nel vettore Vega<\/strong>, durante la <a href=\"http:\/\/spazio-news.it\/avio-vega-fallimento-della-missione-esa\">missione ESA di Luglio<\/a>.<\/p>\n<p><strong>L\u2019<\/strong><strong>EBITDA reported <\/strong>\u00e8\u00a0pari a<strong>\u00a042,6 milioni\u00a0di Euro<\/strong><strong>,<\/strong> mentre<strong> l\u2019utile netto, salito <\/strong>a quota <strong>27 milioni di Euro<\/strong><strong>, registra<\/strong> un +5% rispetto grazie anche alla <strong>contribuzione finanziaria<\/strong>, contributo positivo all\u2019utile per <strong>0,5 milioni di Euro<\/strong> rispetto a -0,7 milioni di Euro del 2018,\u00a0dovuta principalmente a proventi finanziari da <strong>rimborsi di crediti fiscali<\/strong>.<\/p>\n<p>Il<strong> portafoglio ordini <\/strong>di <a href=\"http:\/\/www.avio.com\/\">Avio<\/a>, con circa<strong> 669 milioni di Euro,<\/strong> \u00e8 <strong>inferiore<\/strong> all\\e<strong> indicazioni di <\/strong><strong>Guidance<\/strong> (700-775 milioni di Euro)<strong>\u00a0<\/strong>per il <strong>differimento <\/strong>di parte del<strong> primo ordine di produzione<\/strong> dei primi <strong>14 propulsori P120<\/strong> al <strong>2020<\/strong>. Il <strong>portafoglio ordini<\/strong> non include ancora i contratti con l\u2019<a href=\"http:\/\/www.esa.int\/\">Agenzia Spaziale Europea \u2013 ESA<\/a> stabiliti nella <a href=\"http:\/\/spazio-news.it\/viii-riunione-del-comitato-interministeriale-per-lo-spazio\">Conferenza Ministeriale di Siviglia del Novembre 2019<\/a> di circa <strong>490 milioni di Euro<\/strong> e la cui contrattualizzazione \u00e8 prevista tra il <strong>2020<\/strong> e il <strong>2021<\/strong>.<\/p>\n<p><strong>Migliora<\/strong> la<strong>\u00a0Posizione Finanziaria\u00a0Netta <\/strong>a <strong>+57,9\u00a0milioni di Euro<\/strong>\u00a0(<strong>+18%<\/strong>\u00a0rispetto ai 49,1 milioni di Euro del 2018) grazie all\u2019apporto di cassa conseguente al <strong>miglioramento<\/strong> della<strong> performance operativa<\/strong>, al contributo dei <strong>crediti di imposta<\/strong> per<strong> attivit\u00e0 di Ricerca &amp; Sviluppo <\/strong>e per <strong>incasso <\/strong>di<strong> pregressi crediti<\/strong> <strong>IVA<\/strong>, nonostante l<strong>\u2019aumento <\/strong>degli <strong>investimenti, 28,6 milioni di Euro<\/strong> (rispetto a 22,9 milioni di Euro del 2018).<\/p>\n<p>Il <a href=\"http:\/\/www.avio.com\/\">Consiglio di Amministrazione di Avio SpA<\/a>, in considerazione dell\u2019attuale <strong>imprevedibilit\u00e0 dei potenziali effetti economico-finanziari<\/strong> legati alla diffusione del <strong>COVID-19<\/strong>, ha fatto sapere di \u201c<em>aver ritenuto opportuno, in via prudenziale ed al fine di rafforzare ulteriormente la struttura finanziaria della Societ\u00e0, di proporre alla prossima Assemblea degli Azionisti del 6 maggio p.v.\u00a0<strong>la destinazione integrale dell\u2019Utile d\u2019esercizio 2019 a riserva Utili portati a nuovo<\/strong><\/em><strong>\u201d<\/strong>. Il Consiglio si \u00e8 anche riservato di\u00a0valutare la situazione specifica e le <strong>prospettive<\/strong> in occasione della <strong>chiusura della relazione semestrale<\/strong> di<strong> settembre 2020<\/strong><strong>.<\/strong><\/p>\n<p><em>\u201cLa diffusione del virus Covid-19 <\/em><em>\u2013<\/em> ha aggiunto <strong>Ranzo <\/strong><strong>-, <\/strong><em>\u00e8 un\u2019emergenza globale la cui durata e i cui effetti sull\u2019economia non sono ancora in questo momento completamente prevedibili. Nel frattempo la priorit\u00e0 di gestione rimane quella di garantire alla Societ\u00e0 sostenibilit\u00e0 di lungo termine, proteggendo la disponibilit\u00e0 finanziaria per continuare a investire e prepararsi al futuro con nuove tecnologie e prodotti.\u201d<\/em><\/p>\n<p>\u00a0<\/p>\n","protected":false},"excerpt":{"rendered":"<p>&#8220;Il 2019 ha consolidato ulteriormente un trend pluriennale di crescita di utili e cassa malgrado le difficolt\u00e0 conseguenti alla failure<\/p>\n","protected":false},"author":1,"featured_media":2114,"comment_status":"closed","ping_status":"open","sticky":false,"template":"","format":"standard","meta":{"colormag_page_container_layout":"default_layout","colormag_page_sidebar_layout":"default_layout","footnotes":""},"categories":[32,3],"tags":[2696,746,341,1326,2534,1325,1319,4410,749,4215],"class_list":["post-8448","post","type-post","status-publish","format-standard","has-post-thumbnail","hentry","category-prima-pagina","category-industria","tag-avio-p120","tag-avio-spa","tag-economia","tag-lanciatore-vega","tag-ordinativi-industria","tag-p120c","tag-portafoglio-ordini","tag-vega","tag-vega-c","tag-vega-c-upper-composite-mechanical-ucmec"],"yoast_head":"<!-- This site is optimized with the Yoast SEO plugin v26.8 - https:\/\/yoast.com\/product\/yoast-seo-wordpress\/ -->\n<title>AVIO CHIUDE IL 2019 CON RICAVI IN CALO DEL 5%, ANCHE A CAUSA DEI PROBLEMI AL VEGA &#187; Spazio-News Magazine<\/title>\n<meta name=\"description\" content=\"Avio SpA ha chiuso il 2019 con\u00a0ricavi netti\u00a0pari a\u00a0368,7 milioni\u00a0di Euro, in calo\u00a0del\u00a0-5%\u00a0rispetto all\u2019esercizio\u00a0precedente. La diminuzione\" \/>\n<meta name=\"robots\" content=\"index, follow, max-snippet:-1, max-image-preview:large, max-video-preview:-1\" \/>\n<link rel=\"canonical\" href=\"http:\/\/spazio-news.it\/?p=8448\" \/>\n<meta property=\"og:locale\" content=\"it_IT\" \/>\n<meta property=\"og:type\" content=\"article\" \/>\n<meta property=\"og:title\" content=\"AVIO CHIUDE IL 2019 CON RICAVI IN CALO DEL 5%, ANCHE A CAUSA DEI PROBLEMI AL VEGA &#187; Spazio-News Magazine\" \/>\n<meta property=\"og:description\" content=\"Avio SpA ha chiuso il 2019 con\u00a0ricavi netti\u00a0pari a\u00a0368,7 milioni\u00a0di Euro, in calo\u00a0del\u00a0-5%\u00a0rispetto all\u2019esercizio\u00a0precedente. La diminuzione\" \/>\n<meta property=\"og:url\" content=\"http:\/\/spazio-news.it\/?p=8448\" \/>\n<meta property=\"og:site_name\" content=\"Spazio-News Magazine\" \/>\n<meta property=\"article:publisher\" content=\"https:\/\/m.facebook.com\/spazio-news-magazine\" \/>\n<meta property=\"article:author\" content=\"@SpazioNewsMagazine\" \/>\n<meta property=\"article:published_time\" content=\"2020-03-31T02:04:00+00:00\" \/>\n<meta property=\"og:image\" content=\"http:\/\/spazio-news.it\/wp-content\/uploads\/2018\/11\/Avio-spa-building-e1547898728481.png\" \/>\n\t<meta property=\"og:image:width\" content=\"800\" \/>\n\t<meta property=\"og:image:height\" content=\"446\" \/>\n\t<meta property=\"og:image:type\" content=\"image\/png\" \/>\n<meta name=\"author\" content=\"Redazione\" \/>\n<meta name=\"twitter:card\" content=\"summary_large_image\" \/>\n<meta name=\"twitter:creator\" content=\"@news_spazio\" \/>\n<meta name=\"twitter:site\" content=\"@News_spazio\" \/>\n<meta name=\"twitter:label1\" content=\"Scritto da\" \/>\n\t<meta name=\"twitter:data1\" content=\"Redazione\" \/>\n\t<meta name=\"twitter:label2\" content=\"Tempo di lettura stimato\" \/>\n\t<meta name=\"twitter:data2\" content=\"2 minuti\" \/>\n<script type=\"application\/ld+json\" class=\"yoast-schema-graph\">{\"@context\":\"https:\/\/schema.org\",\"@graph\":[{\"@type\":\"NewsArticle\",\"@id\":\"http:\/\/spazio-news.it\/?p=8448#article\",\"isPartOf\":{\"@id\":\"http:\/\/spazio-news.it\/?p=8448\"},\"author\":{\"name\":\"Redazione\",\"@id\":\"http:\/\/spazio-news.it\/#\/schema\/person\/c600904e882e9e166ed8e5e3773d37b3\"},\"headline\":\"AVIO CHIUDE IL 2019 CON RICAVI IN CALO DEL 5%, ANCHE A CAUSA DEI PROBLEMI AL VEGA\",\"datePublished\":\"2020-03-31T02:04:00+00:00\",\"mainEntityOfPage\":{\"@id\":\"http:\/\/spazio-news.it\/?p=8448\"},\"wordCount\":475,\"publisher\":{\"@id\":\"http:\/\/spazio-news.it\/#organization\"},\"image\":{\"@id\":\"http:\/\/spazio-news.it\/?p=8448#primaryimage\"},\"thumbnailUrl\":\"https:\/\/spazio-news.it\/wp-content\/uploads\/2018\/11\/Avio-spa-building-e1547898728481.png\",\"keywords\":[\"Avio P120\",\"Avio SpA\",\"Economia\",\"lanciatore Vega\",\"ordinativi industria\",\"P120C\",\"Portafoglio ordini\",\"Vega\",\"Vega C\",\"VEGA-C Upper Composite MEChanical - UCMEC\"],\"articleSection\":[\"01 - PRIMA PAGINA\",\"02 - INDUSTRIA\"],\"inLanguage\":\"it-IT\"},{\"@type\":\"WebPage\",\"@id\":\"http:\/\/spazio-news.it\/?p=8448\",\"url\":\"http:\/\/spazio-news.it\/?p=8448\",\"name\":\"AVIO CHIUDE IL 2019 CON RICAVI IN CALO DEL 5%, ANCHE A CAUSA DEI PROBLEMI AL VEGA &#187; Spazio-News Magazine\",\"isPartOf\":{\"@id\":\"http:\/\/spazio-news.it\/#website\"},\"primaryImageOfPage\":{\"@id\":\"http:\/\/spazio-news.it\/?p=8448#primaryimage\"},\"image\":{\"@id\":\"http:\/\/spazio-news.it\/?p=8448#primaryimage\"},\"thumbnailUrl\":\"https:\/\/spazio-news.it\/wp-content\/uploads\/2018\/11\/Avio-spa-building-e1547898728481.png\",\"datePublished\":\"2020-03-31T02:04:00+00:00\",\"description\":\"Avio SpA ha chiuso il 2019 con\u00a0ricavi netti\u00a0pari a\u00a0368,7 milioni\u00a0di Euro, in calo\u00a0del\u00a0-5%\u00a0rispetto all\u2019esercizio\u00a0precedente. La diminuzione\",\"breadcrumb\":{\"@id\":\"http:\/\/spazio-news.it\/?p=8448#breadcrumb\"},\"inLanguage\":\"it-IT\",\"potentialAction\":[{\"@type\":\"ReadAction\",\"target\":[\"http:\/\/spazio-news.it\/?p=8448\"]}]},{\"@type\":\"ImageObject\",\"inLanguage\":\"it-IT\",\"@id\":\"http:\/\/spazio-news.it\/?p=8448#primaryimage\",\"url\":\"https:\/\/spazio-news.it\/wp-content\/uploads\/2018\/11\/Avio-spa-building-e1547898728481.png\",\"contentUrl\":\"https:\/\/spazio-news.it\/wp-content\/uploads\/2018\/11\/Avio-spa-building-e1547898728481.png\",\"width\":800,\"height\":446,\"caption\":\"Avio spa building\"},{\"@type\":\"BreadcrumbList\",\"@id\":\"http:\/\/spazio-news.it\/?p=8448#breadcrumb\",\"itemListElement\":[{\"@type\":\"ListItem\",\"position\":1,\"name\":\"Home\",\"item\":\"http:\/\/spazio-news.it\/\"},{\"@type\":\"ListItem\",\"position\":2,\"name\":\"AVIO CHIUDE IL 2019 CON RICAVI IN CALO DEL 5%, ANCHE A CAUSA DEI PROBLEMI AL VEGA\"}]},{\"@type\":\"WebSite\",\"@id\":\"http:\/\/spazio-news.it\/#website\",\"url\":\"http:\/\/spazio-news.it\/\",\"name\":\"Spazio-News Magazine\",\"description\":\"La guida che sfida la complessit\u00e0 del mondo industriale\",\"publisher\":{\"@id\":\"http:\/\/spazio-news.it\/#organization\"},\"alternateName\":\"Spazio-news.it\",\"potentialAction\":[{\"@type\":\"SearchAction\",\"target\":{\"@type\":\"EntryPoint\",\"urlTemplate\":\"http:\/\/spazio-news.it\/?s={search_term_string}\"},\"query-input\":{\"@type\":\"PropertyValueSpecification\",\"valueRequired\":true,\"valueName\":\"search_term_string\"}}],\"inLanguage\":\"it-IT\"},{\"@type\":\"Organization\",\"@id\":\"http:\/\/spazio-news.it\/#organization\",\"name\":\"Spazio-News Magazine\",\"url\":\"http:\/\/spazio-news.it\/\",\"logo\":{\"@type\":\"ImageObject\",\"inLanguage\":\"it-IT\",\"@id\":\"http:\/\/spazio-news.it\/#\/schema\/logo\/image\/\",\"url\":\"http:\/\/spazio-news.it\/wp-content\/uploads\/2023\/09\/Logo-Spazio-News-512-x-512-NO-testo.jpg\",\"contentUrl\":\"http:\/\/spazio-news.it\/wp-content\/uploads\/2023\/09\/Logo-Spazio-News-512-x-512-NO-testo.jpg\",\"width\":512,\"height\":512,\"caption\":\"Spazio-News Magazine\"},\"image\":{\"@id\":\"http:\/\/spazio-news.it\/#\/schema\/logo\/image\/\"},\"sameAs\":[\"https:\/\/m.facebook.com\/spazio-news-magazine\",\"https:\/\/x.com\/News_spazio\"]},{\"@type\":\"Person\",\"@id\":\"http:\/\/spazio-news.it\/#\/schema\/person\/c600904e882e9e166ed8e5e3773d37b3\",\"name\":\"Redazione\",\"sameAs\":[\"http:\/\/spazio-news.it\",\"@SpazioNewsMagazine\",\"https:\/\/x.com\/@news_spazio\"],\"url\":\"https:\/\/spazio-news.it\/?author=1\"}]}<\/script>\n<!-- \/ Yoast SEO plugin. -->","yoast_head_json":{"title":"AVIO CHIUDE IL 2019 CON RICAVI IN CALO DEL 5%, ANCHE A CAUSA DEI PROBLEMI AL VEGA &#187; Spazio-News Magazine","description":"Avio SpA ha chiuso il 2019 con\u00a0ricavi netti\u00a0pari a\u00a0368,7 milioni\u00a0di Euro, in calo\u00a0del\u00a0-5%\u00a0rispetto all\u2019esercizio\u00a0precedente. La diminuzione","robots":{"index":"index","follow":"follow","max-snippet":"max-snippet:-1","max-image-preview":"max-image-preview:large","max-video-preview":"max-video-preview:-1"},"canonical":"http:\/\/spazio-news.it\/?p=8448","og_locale":"it_IT","og_type":"article","og_title":"AVIO CHIUDE IL 2019 CON RICAVI IN CALO DEL 5%, ANCHE A CAUSA DEI PROBLEMI AL VEGA &#187; Spazio-News Magazine","og_description":"Avio SpA ha chiuso il 2019 con\u00a0ricavi netti\u00a0pari a\u00a0368,7 milioni\u00a0di Euro, in calo\u00a0del\u00a0-5%\u00a0rispetto all\u2019esercizio\u00a0precedente. La diminuzione","og_url":"http:\/\/spazio-news.it\/?p=8448","og_site_name":"Spazio-News Magazine","article_publisher":"https:\/\/m.facebook.com\/spazio-news-magazine","article_author":"@SpazioNewsMagazine","article_published_time":"2020-03-31T02:04:00+00:00","og_image":[{"width":800,"height":446,"url":"http:\/\/spazio-news.it\/wp-content\/uploads\/2018\/11\/Avio-spa-building-e1547898728481.png","type":"image\/png"}],"author":"Redazione","twitter_card":"summary_large_image","twitter_creator":"@news_spazio","twitter_site":"@News_spazio","twitter_misc":{"Scritto da":"Redazione","Tempo di lettura stimato":"2 minuti"},"schema":{"@context":"https:\/\/schema.org","@graph":[{"@type":"NewsArticle","@id":"http:\/\/spazio-news.it\/?p=8448#article","isPartOf":{"@id":"http:\/\/spazio-news.it\/?p=8448"},"author":{"name":"Redazione","@id":"http:\/\/spazio-news.it\/#\/schema\/person\/c600904e882e9e166ed8e5e3773d37b3"},"headline":"AVIO CHIUDE IL 2019 CON RICAVI IN CALO DEL 5%, ANCHE A CAUSA DEI PROBLEMI AL VEGA","datePublished":"2020-03-31T02:04:00+00:00","mainEntityOfPage":{"@id":"http:\/\/spazio-news.it\/?p=8448"},"wordCount":475,"publisher":{"@id":"http:\/\/spazio-news.it\/#organization"},"image":{"@id":"http:\/\/spazio-news.it\/?p=8448#primaryimage"},"thumbnailUrl":"https:\/\/spazio-news.it\/wp-content\/uploads\/2018\/11\/Avio-spa-building-e1547898728481.png","keywords":["Avio P120","Avio SpA","Economia","lanciatore Vega","ordinativi industria","P120C","Portafoglio ordini","Vega","Vega C","VEGA-C Upper Composite MEChanical - UCMEC"],"articleSection":["01 - PRIMA PAGINA","02 - INDUSTRIA"],"inLanguage":"it-IT"},{"@type":"WebPage","@id":"http:\/\/spazio-news.it\/?p=8448","url":"http:\/\/spazio-news.it\/?p=8448","name":"AVIO CHIUDE IL 2019 CON RICAVI IN CALO DEL 5%, ANCHE A CAUSA DEI PROBLEMI AL VEGA &#187; Spazio-News Magazine","isPartOf":{"@id":"http:\/\/spazio-news.it\/#website"},"primaryImageOfPage":{"@id":"http:\/\/spazio-news.it\/?p=8448#primaryimage"},"image":{"@id":"http:\/\/spazio-news.it\/?p=8448#primaryimage"},"thumbnailUrl":"https:\/\/spazio-news.it\/wp-content\/uploads\/2018\/11\/Avio-spa-building-e1547898728481.png","datePublished":"2020-03-31T02:04:00+00:00","description":"Avio SpA ha chiuso il 2019 con\u00a0ricavi netti\u00a0pari a\u00a0368,7 milioni\u00a0di Euro, in calo\u00a0del\u00a0-5%\u00a0rispetto all\u2019esercizio\u00a0precedente. La diminuzione","breadcrumb":{"@id":"http:\/\/spazio-news.it\/?p=8448#breadcrumb"},"inLanguage":"it-IT","potentialAction":[{"@type":"ReadAction","target":["http:\/\/spazio-news.it\/?p=8448"]}]},{"@type":"ImageObject","inLanguage":"it-IT","@id":"http:\/\/spazio-news.it\/?p=8448#primaryimage","url":"https:\/\/spazio-news.it\/wp-content\/uploads\/2018\/11\/Avio-spa-building-e1547898728481.png","contentUrl":"https:\/\/spazio-news.it\/wp-content\/uploads\/2018\/11\/Avio-spa-building-e1547898728481.png","width":800,"height":446,"caption":"Avio spa building"},{"@type":"BreadcrumbList","@id":"http:\/\/spazio-news.it\/?p=8448#breadcrumb","itemListElement":[{"@type":"ListItem","position":1,"name":"Home","item":"http:\/\/spazio-news.it\/"},{"@type":"ListItem","position":2,"name":"AVIO CHIUDE IL 2019 CON RICAVI IN CALO DEL 5%, ANCHE A CAUSA DEI PROBLEMI AL VEGA"}]},{"@type":"WebSite","@id":"http:\/\/spazio-news.it\/#website","url":"http:\/\/spazio-news.it\/","name":"Spazio-News Magazine","description":"La guida che sfida la complessit\u00e0 del mondo industriale","publisher":{"@id":"http:\/\/spazio-news.it\/#organization"},"alternateName":"Spazio-news.it","potentialAction":[{"@type":"SearchAction","target":{"@type":"EntryPoint","urlTemplate":"http:\/\/spazio-news.it\/?s={search_term_string}"},"query-input":{"@type":"PropertyValueSpecification","valueRequired":true,"valueName":"search_term_string"}}],"inLanguage":"it-IT"},{"@type":"Organization","@id":"http:\/\/spazio-news.it\/#organization","name":"Spazio-News Magazine","url":"http:\/\/spazio-news.it\/","logo":{"@type":"ImageObject","inLanguage":"it-IT","@id":"http:\/\/spazio-news.it\/#\/schema\/logo\/image\/","url":"http:\/\/spazio-news.it\/wp-content\/uploads\/2023\/09\/Logo-Spazio-News-512-x-512-NO-testo.jpg","contentUrl":"http:\/\/spazio-news.it\/wp-content\/uploads\/2023\/09\/Logo-Spazio-News-512-x-512-NO-testo.jpg","width":512,"height":512,"caption":"Spazio-News Magazine"},"image":{"@id":"http:\/\/spazio-news.it\/#\/schema\/logo\/image\/"},"sameAs":["https:\/\/m.facebook.com\/spazio-news-magazine","https:\/\/x.com\/News_spazio"]},{"@type":"Person","@id":"http:\/\/spazio-news.it\/#\/schema\/person\/c600904e882e9e166ed8e5e3773d37b3","name":"Redazione","sameAs":["http:\/\/spazio-news.it","@SpazioNewsMagazine","https:\/\/x.com\/@news_spazio"],"url":"https:\/\/spazio-news.it\/?author=1"}]}},"_links":{"self":[{"href":"https:\/\/spazio-news.it\/index.php?rest_route=\/wp\/v2\/posts\/8448","targetHints":{"allow":["GET"]}}],"collection":[{"href":"https:\/\/spazio-news.it\/index.php?rest_route=\/wp\/v2\/posts"}],"about":[{"href":"https:\/\/spazio-news.it\/index.php?rest_route=\/wp\/v2\/types\/post"}],"author":[{"embeddable":true,"href":"https:\/\/spazio-news.it\/index.php?rest_route=\/wp\/v2\/users\/1"}],"replies":[{"embeddable":true,"href":"https:\/\/spazio-news.it\/index.php?rest_route=%2Fwp%2Fv2%2Fcomments&post=8448"}],"version-history":[{"count":1,"href":"https:\/\/spazio-news.it\/index.php?rest_route=\/wp\/v2\/posts\/8448\/revisions"}],"predecessor-version":[{"id":8449,"href":"https:\/\/spazio-news.it\/index.php?rest_route=\/wp\/v2\/posts\/8448\/revisions\/8449"}],"wp:featuredmedia":[{"embeddable":true,"href":"https:\/\/spazio-news.it\/index.php?rest_route=\/wp\/v2\/media\/2114"}],"wp:attachment":[{"href":"https:\/\/spazio-news.it\/index.php?rest_route=%2Fwp%2Fv2%2Fmedia&parent=8448"}],"wp:term":[{"taxonomy":"category","embeddable":true,"href":"https:\/\/spazio-news.it\/index.php?rest_route=%2Fwp%2Fv2%2Fcategories&post=8448"},{"taxonomy":"post_tag","embeddable":true,"href":"https:\/\/spazio-news.it\/index.php?rest_route=%2Fwp%2Fv2%2Ftags&post=8448"}],"curies":[{"name":"wp","href":"https:\/\/api.w.org\/{rel}","templated":true}]}}