{"id":8732,"date":"2020-05-27T03:33:00","date_gmt":"2020-05-27T02:33:00","guid":{"rendered":"http:\/\/spazio-news.it\/?p=8732"},"modified":"2020-05-24T15:44:17","modified_gmt":"2020-05-24T14:44:17","slug":"asi-prisma-da-oggi-la-comunita-scientifica-puo-accedere-ai-dati","status":"publish","type":"post","link":"https:\/\/spazio-news.it\/?p=8732","title":{"rendered":"ASI, PRISMA: DA OGGI LA COMUNIT\u00c0 SCIENTIFICA PU\u00d2 ACCEDERE AI DATI"},"content":{"rendered":"\n<p>Completate con successo tutte le <strong>fasi di messa in orbita<\/strong>, verifiche del corretto <strong>funzionamento del satellite in volo<\/strong>, <strong>calibrazione del sensore<\/strong>, <strong>test delle procedure<\/strong> <strong>operative<\/strong> e dei s<strong>istemi di terra<\/strong> che consentono di mantenere il sistema in condizioni di funzionamento operativo nominale, il <a href=\"https:\/\/www.asi.it\/scienze-della-terra\/prisma\/\">sistema PRecursore IperSpettrale della Missione Applicativa &#8211; PRISMA<\/a> \u00e8 stato aperto alla <strong>comunit\u00e0 scientifica<\/strong>, <strong>istituzionale<\/strong>, <strong>industriale<\/strong>, <strong>italiana<\/strong> e <strong>straniera<\/strong>.<\/p>\n<p>Attraverso il <a href=\"https:\/\/prisma.asi.it\/\">portale web dedicato<\/a>, con una semplice operazione di registrazione, si pu\u00f2 ora entrare a far parte della <strong>comunit\u00e0 degli utenti di PRISMA<\/strong>. L\u2019<a href=\"https:\/\/www.asi.it\/\">Agenzia Spaziale Italiana &#8211; ASI<\/a> ha deciso di adottare una <strong>politica di accesso ai dati con bassissime restrizioni<\/strong>: <strong>saranno forniti gratuitamente e <\/strong><strong>a chiunque,<\/strong> tutti possono registrarsi come utenti.<\/p>\n<p>Le uniche eccezioni riguarderanno il <strong>divieto di redistribuzione<\/strong> <strong>dei prodotti a terze parti<\/strong> e di <strong>utilizzo dei prodotti a fini commerciali<\/strong>. Questo perch\u00e9 la <strong>missione<\/strong> <strong>ASI<\/strong> nasce come un \u201c<strong>dimostratore scientifico pre-operativo<\/strong>\u201d.<\/p>\n<p><em>\u201cTali limitazioni saranno in ogni caso valutate criticamente dall\u2019<a href=\"http:\/\/www.asi.it\/\">Agenzia<\/a> e riviste al termine di un periodo di sperimentazione, dedicato sia ad acquisire informazioni statistiche sull\u2019uso della missione da parte della comunit\u00e0 sia ad ottenere un feedback dagli utenti e dalle organizzazioni che si saranno rapportate con la missione hands-on<\/em> &#8211; si legge nella nota dell\u2019<a href=\"http:\/\/www.asi.it\/\">ASI<\/a> -. <em>Per accedere alle 27000 riprese gi\u00e0 oggi disponibili nell\u2019archivio di PRISMA o richiedere nuove acquisizioni iper-spettrali della superfice terrestre \u00e8 sufficiente collegarsi al sito di registrazione indicato sul <a href=\"https:\/\/prisma.asi.it\/\">portale<\/a>, scaricare il documento di <strong>Termini e Condizioni<\/strong> che regolano l\u2019uso dei prodotti, inserire nelle pagine finali di tale documento i <strong>dati anagrafici<\/strong> propri o del gruppo che si rappresenta, compilando <strong>con attenzione<\/strong> quanto richiesto ed inviare il documento \u201d.<\/em><\/p>\n<p>Il <a href=\"http:\/\/spazio-news.it\/agenzia-spaziale-italiana-prisma-e-in-orbita\">satellite PRISMA<\/a>, di propriet\u00e0 italiana e realizzato da un <strong>Raggruppamento temporaneo di imprese &#8211; RTI <\/strong>guidata da <a href=\"http:\/\/cgspace.it\">OHB Italia<\/a> e <a href=\"https:\/\/www.leonardocompany.com\/\">Leonardo SpA<\/a>, \u00e8 il <strong>primo sistema di osservazione della Terra UE<\/strong> dotato di un <strong>sensore ottico iper-spettrale<\/strong>, in grado di effettuare dallo <strong>spazio<\/strong> l\u2019<strong>analisi chimico-fisica delle aree osservate. <\/strong><\/p>\n<p>Come gi\u00e0 evidenziato da <a href=\"http:\/\/spazio-news.it\/\">Spazio-News Magazine<\/a>, i <a href=\"http:\/\/spazio-news.it\/asi-prisma-nuove-immagini-del-nostro-pianeta\">primi risultati della missione confermano le capacit\u00e0 del sistema spaziale italiano<\/a> che ha acquisito un know how molto importante, ora a disposizione delle <strong>future missioni iper-spettrali<\/strong> in <strong>Europa<\/strong> e non solo.<\/p>\n","protected":false},"excerpt":{"rendered":"<p>Completate con successo tutte le fasi di messa in orbita, verifiche del corretto funzionamento del satellite in volo, calibrazione del<\/p>\n","protected":false},"author":1,"featured_media":8734,"comment_status":"closed","ping_status":"open","sticky":false,"template":"","format":"standard","meta":{"colormag_page_container_layout":"default_layout","colormag_page_sidebar_layout":"default_layout","footnotes":""},"categories":[32,5],"tags":[77,811,78,746,2078,250,260,1965,1966,1823,198,1964,113,2651,81,5081,86],"class_list":["post-8732","post","type-post","status-publish","format-standard","has-post-thumbnail","hentry","category-prima-pagina","category-ricerca-innovazione","tag-agenzia-spaziale-italiana","tag-agenzia-spaziale-italiana-asi","tag-asi","tag-avio-spa","tag-centro-spaziale-del-fucino","tag-e-geos","tag-leonardo-spa","tag-missione-prisma-precursore-iperspettrale-della-missione-applicativa","tag-ohb-italia","tag-precursore-iperspettrale-della-missione-applicativa-prisma","tag-prisma","tag-prisma-precursore-iperspettrale-della-missione-applicativa","tag-ricerca","tag-ricerca-spaziale","tag-satellite","tag-satellite-iperspettrale","tag-telespazio"],"yoast_head":"<!-- This site is optimized with the Yoast SEO plugin v26.8 - https:\/\/yoast.com\/product\/yoast-seo-wordpress\/ -->\n<title>ASI, PRISMA: DA OGGI LA COMUNIT\u00c0 SCIENTIFICA PU\u00d2 ACCEDERE AI DATI &#187; Spazio-News Magazine<\/title>\n<meta name=\"description\" content=\"Attraverso il portale web dedicato si pu\u00f2 ora entrare a far parte della comunit\u00e0 degli utenti di PRISMA. L\u2019ASI ha deciso di adottare una\" \/>\n<meta name=\"robots\" content=\"index, follow, max-snippet:-1, max-image-preview:large, max-video-preview:-1\" \/>\n<link rel=\"canonical\" href=\"https:\/\/spazio-news.it\/?p=8732\" \/>\n<meta property=\"og:locale\" content=\"it_IT\" \/>\n<meta property=\"og:type\" content=\"article\" \/>\n<meta property=\"og:title\" content=\"ASI, PRISMA: DA OGGI LA COMUNIT\u00c0 SCIENTIFICA PU\u00d2 ACCEDERE AI DATI &#187; Spazio-News Magazine\" \/>\n<meta property=\"og:description\" content=\"Attraverso il portale web dedicato si pu\u00f2 ora entrare a far parte della comunit\u00e0 degli utenti di PRISMA. L\u2019ASI ha deciso di adottare una\" \/>\n<meta property=\"og:url\" content=\"https:\/\/spazio-news.it\/?p=8732\" \/>\n<meta property=\"og:site_name\" content=\"Spazio-News Magazine\" \/>\n<meta property=\"article:publisher\" content=\"https:\/\/m.facebook.com\/spazio-news-magazine\" \/>\n<meta property=\"article:author\" content=\"@SpazioNewsMagazine\" \/>\n<meta property=\"article:published_time\" content=\"2020-05-27T02:33:00+00:00\" \/>\n<meta property=\"og:image\" content=\"https:\/\/spazio-news.it\/wp-content\/uploads\/2020\/05\/Satellite-PRecursore-IperSpettrale-della-Missione-Applicativa-PRISMA-Agenzia-Spaziale-Italiana-ASI.png\" \/>\n\t<meta property=\"og:image:width\" content=\"800\" \/>\n\t<meta property=\"og:image:height\" content=\"446\" \/>\n\t<meta property=\"og:image:type\" content=\"image\/png\" \/>\n<meta name=\"author\" content=\"Redazione\" \/>\n<meta name=\"twitter:card\" content=\"summary_large_image\" \/>\n<meta name=\"twitter:creator\" content=\"@news_spazio\" \/>\n<meta name=\"twitter:site\" content=\"@News_spazio\" \/>\n<meta name=\"twitter:label1\" content=\"Scritto da\" \/>\n\t<meta name=\"twitter:data1\" content=\"Redazione\" \/>\n\t<meta name=\"twitter:label2\" content=\"Tempo di lettura stimato\" \/>\n\t<meta name=\"twitter:data2\" content=\"2 minuti\" \/>\n<script type=\"application\/ld+json\" class=\"yoast-schema-graph\">{\"@context\":\"https:\/\/schema.org\",\"@graph\":[{\"@type\":\"NewsArticle\",\"@id\":\"https:\/\/spazio-news.it\/?p=8732#article\",\"isPartOf\":{\"@id\":\"https:\/\/spazio-news.it\/?p=8732\"},\"author\":{\"name\":\"Redazione\",\"@id\":\"http:\/\/spazio-news.it\/#\/schema\/person\/c600904e882e9e166ed8e5e3773d37b3\"},\"headline\":\"ASI, PRISMA: DA OGGI LA COMUNIT\u00c0 SCIENTIFICA PU\u00d2 ACCEDERE AI DATI\",\"datePublished\":\"2020-05-27T02:33:00+00:00\",\"mainEntityOfPage\":{\"@id\":\"https:\/\/spazio-news.it\/?p=8732\"},\"wordCount\":371,\"publisher\":{\"@id\":\"http:\/\/spazio-news.it\/#organization\"},\"image\":{\"@id\":\"https:\/\/spazio-news.it\/?p=8732#primaryimage\"},\"thumbnailUrl\":\"https:\/\/spazio-news.it\/wp-content\/uploads\/2020\/05\/Satellite-PRecursore-IperSpettrale-della-Missione-Applicativa-PRISMA-Agenzia-Spaziale-Italiana-ASI.png\",\"keywords\":[\"Agenzia Spaziale Italiana\",\"Agenzia Spaziale Italiana - ASI\",\"ASI\",\"Avio SpA\",\"Centro Spaziale del Fucino\",\"e-Geos\",\"Leonardo SPA\",\"Missione PRISMA - PRecursore IperSpettrale della Missione Applicativa\",\"OHB Italia\",\"PRecursore IperSpettrale della Missione Applicativa - PRISMA\",\"Prisma\",\"PRISMA - PRecursore IperSpettrale della Missione Applicativa\",\"ricerca\",\"Ricerca Spaziale\",\"satellite\",\"Satellite iperspettrale\",\"Telespazio\"],\"articleSection\":[\"01 - PRIMA PAGINA\",\"05 - RICERCA &amp; INNOVAZIONE\"],\"inLanguage\":\"it-IT\"},{\"@type\":\"WebPage\",\"@id\":\"https:\/\/spazio-news.it\/?p=8732\",\"url\":\"https:\/\/spazio-news.it\/?p=8732\",\"name\":\"ASI, PRISMA: DA OGGI LA COMUNIT\u00c0 SCIENTIFICA PU\u00d2 ACCEDERE AI DATI &#187; Spazio-News Magazine\",\"isPartOf\":{\"@id\":\"http:\/\/spazio-news.it\/#website\"},\"primaryImageOfPage\":{\"@id\":\"https:\/\/spazio-news.it\/?p=8732#primaryimage\"},\"image\":{\"@id\":\"https:\/\/spazio-news.it\/?p=8732#primaryimage\"},\"thumbnailUrl\":\"https:\/\/spazio-news.it\/wp-content\/uploads\/2020\/05\/Satellite-PRecursore-IperSpettrale-della-Missione-Applicativa-PRISMA-Agenzia-Spaziale-Italiana-ASI.png\",\"datePublished\":\"2020-05-27T02:33:00+00:00\",\"description\":\"Attraverso il portale web dedicato si pu\u00f2 ora entrare a far parte della comunit\u00e0 degli utenti di PRISMA. L\u2019ASI ha deciso di adottare una\",\"breadcrumb\":{\"@id\":\"https:\/\/spazio-news.it\/?p=8732#breadcrumb\"},\"inLanguage\":\"it-IT\",\"potentialAction\":[{\"@type\":\"ReadAction\",\"target\":[\"https:\/\/spazio-news.it\/?p=8732\"]}]},{\"@type\":\"ImageObject\",\"inLanguage\":\"it-IT\",\"@id\":\"https:\/\/spazio-news.it\/?p=8732#primaryimage\",\"url\":\"https:\/\/spazio-news.it\/wp-content\/uploads\/2020\/05\/Satellite-PRecursore-IperSpettrale-della-Missione-Applicativa-PRISMA-Agenzia-Spaziale-Italiana-ASI.png\",\"contentUrl\":\"https:\/\/spazio-news.it\/wp-content\/uploads\/2020\/05\/Satellite-PRecursore-IperSpettrale-della-Missione-Applicativa-PRISMA-Agenzia-Spaziale-Italiana-ASI.png\",\"width\":800,\"height\":446,\"caption\":\"Satellite PRecursore IperSpettrale della Missione Applicativa - PRISMA - Agenzia Spaziale Italiana - ASI\"},{\"@type\":\"BreadcrumbList\",\"@id\":\"https:\/\/spazio-news.it\/?p=8732#breadcrumb\",\"itemListElement\":[{\"@type\":\"ListItem\",\"position\":1,\"name\":\"Home\",\"item\":\"http:\/\/spazio-news.it\/\"},{\"@type\":\"ListItem\",\"position\":2,\"name\":\"ASI, PRISMA: DA OGGI LA COMUNIT\u00c0 SCIENTIFICA PU\u00d2 ACCEDERE AI DATI\"}]},{\"@type\":\"WebSite\",\"@id\":\"http:\/\/spazio-news.it\/#website\",\"url\":\"http:\/\/spazio-news.it\/\",\"name\":\"Spazio-News Magazine\",\"description\":\"La guida che sfida la complessit\u00e0 del mondo industriale\",\"publisher\":{\"@id\":\"http:\/\/spazio-news.it\/#organization\"},\"alternateName\":\"Spazio-news.it\",\"potentialAction\":[{\"@type\":\"SearchAction\",\"target\":{\"@type\":\"EntryPoint\",\"urlTemplate\":\"http:\/\/spazio-news.it\/?s={search_term_string}\"},\"query-input\":{\"@type\":\"PropertyValueSpecification\",\"valueRequired\":true,\"valueName\":\"search_term_string\"}}],\"inLanguage\":\"it-IT\"},{\"@type\":\"Organization\",\"@id\":\"http:\/\/spazio-news.it\/#organization\",\"name\":\"Spazio-News Magazine\",\"url\":\"http:\/\/spazio-news.it\/\",\"logo\":{\"@type\":\"ImageObject\",\"inLanguage\":\"it-IT\",\"@id\":\"http:\/\/spazio-news.it\/#\/schema\/logo\/image\/\",\"url\":\"http:\/\/spazio-news.it\/wp-content\/uploads\/2023\/09\/Logo-Spazio-News-512-x-512-NO-testo.jpg\",\"contentUrl\":\"http:\/\/spazio-news.it\/wp-content\/uploads\/2023\/09\/Logo-Spazio-News-512-x-512-NO-testo.jpg\",\"width\":512,\"height\":512,\"caption\":\"Spazio-News Magazine\"},\"image\":{\"@id\":\"http:\/\/spazio-news.it\/#\/schema\/logo\/image\/\"},\"sameAs\":[\"https:\/\/m.facebook.com\/spazio-news-magazine\",\"https:\/\/x.com\/News_spazio\"]},{\"@type\":\"Person\",\"@id\":\"http:\/\/spazio-news.it\/#\/schema\/person\/c600904e882e9e166ed8e5e3773d37b3\",\"name\":\"Redazione\",\"sameAs\":[\"http:\/\/spazio-news.it\",\"@SpazioNewsMagazine\",\"https:\/\/x.com\/@news_spazio\"],\"url\":\"https:\/\/spazio-news.it\/?author=1\"}]}<\/script>\n<!-- \/ Yoast SEO plugin. -->","yoast_head_json":{"title":"ASI, PRISMA: DA OGGI LA COMUNIT\u00c0 SCIENTIFICA PU\u00d2 ACCEDERE AI DATI &#187; Spazio-News Magazine","description":"Attraverso il portale web dedicato si pu\u00f2 ora entrare a far parte della comunit\u00e0 degli utenti di PRISMA. L\u2019ASI ha deciso di adottare una","robots":{"index":"index","follow":"follow","max-snippet":"max-snippet:-1","max-image-preview":"max-image-preview:large","max-video-preview":"max-video-preview:-1"},"canonical":"https:\/\/spazio-news.it\/?p=8732","og_locale":"it_IT","og_type":"article","og_title":"ASI, PRISMA: DA OGGI LA COMUNIT\u00c0 SCIENTIFICA PU\u00d2 ACCEDERE AI DATI &#187; Spazio-News Magazine","og_description":"Attraverso il portale web dedicato si pu\u00f2 ora entrare a far parte della comunit\u00e0 degli utenti di PRISMA. L\u2019ASI ha deciso di adottare una","og_url":"https:\/\/spazio-news.it\/?p=8732","og_site_name":"Spazio-News Magazine","article_publisher":"https:\/\/m.facebook.com\/spazio-news-magazine","article_author":"@SpazioNewsMagazine","article_published_time":"2020-05-27T02:33:00+00:00","og_image":[{"width":800,"height":446,"url":"https:\/\/spazio-news.it\/wp-content\/uploads\/2020\/05\/Satellite-PRecursore-IperSpettrale-della-Missione-Applicativa-PRISMA-Agenzia-Spaziale-Italiana-ASI.png","type":"image\/png"}],"author":"Redazione","twitter_card":"summary_large_image","twitter_creator":"@news_spazio","twitter_site":"@News_spazio","twitter_misc":{"Scritto da":"Redazione","Tempo di lettura stimato":"2 minuti"},"schema":{"@context":"https:\/\/schema.org","@graph":[{"@type":"NewsArticle","@id":"https:\/\/spazio-news.it\/?p=8732#article","isPartOf":{"@id":"https:\/\/spazio-news.it\/?p=8732"},"author":{"name":"Redazione","@id":"http:\/\/spazio-news.it\/#\/schema\/person\/c600904e882e9e166ed8e5e3773d37b3"},"headline":"ASI, PRISMA: DA OGGI LA COMUNIT\u00c0 SCIENTIFICA PU\u00d2 ACCEDERE AI DATI","datePublished":"2020-05-27T02:33:00+00:00","mainEntityOfPage":{"@id":"https:\/\/spazio-news.it\/?p=8732"},"wordCount":371,"publisher":{"@id":"http:\/\/spazio-news.it\/#organization"},"image":{"@id":"https:\/\/spazio-news.it\/?p=8732#primaryimage"},"thumbnailUrl":"https:\/\/spazio-news.it\/wp-content\/uploads\/2020\/05\/Satellite-PRecursore-IperSpettrale-della-Missione-Applicativa-PRISMA-Agenzia-Spaziale-Italiana-ASI.png","keywords":["Agenzia Spaziale Italiana","Agenzia Spaziale Italiana - ASI","ASI","Avio SpA","Centro Spaziale del Fucino","e-Geos","Leonardo SPA","Missione PRISMA - PRecursore IperSpettrale della Missione Applicativa","OHB Italia","PRecursore IperSpettrale della Missione Applicativa - PRISMA","Prisma","PRISMA - PRecursore IperSpettrale della Missione Applicativa","ricerca","Ricerca Spaziale","satellite","Satellite iperspettrale","Telespazio"],"articleSection":["01 - PRIMA PAGINA","05 - RICERCA &amp; INNOVAZIONE"],"inLanguage":"it-IT"},{"@type":"WebPage","@id":"https:\/\/spazio-news.it\/?p=8732","url":"https:\/\/spazio-news.it\/?p=8732","name":"ASI, PRISMA: DA OGGI LA COMUNIT\u00c0 SCIENTIFICA PU\u00d2 ACCEDERE AI DATI &#187; Spazio-News Magazine","isPartOf":{"@id":"http:\/\/spazio-news.it\/#website"},"primaryImageOfPage":{"@id":"https:\/\/spazio-news.it\/?p=8732#primaryimage"},"image":{"@id":"https:\/\/spazio-news.it\/?p=8732#primaryimage"},"thumbnailUrl":"https:\/\/spazio-news.it\/wp-content\/uploads\/2020\/05\/Satellite-PRecursore-IperSpettrale-della-Missione-Applicativa-PRISMA-Agenzia-Spaziale-Italiana-ASI.png","datePublished":"2020-05-27T02:33:00+00:00","description":"Attraverso il portale web dedicato si pu\u00f2 ora entrare a far parte della comunit\u00e0 degli utenti di PRISMA. L\u2019ASI ha deciso di adottare una","breadcrumb":{"@id":"https:\/\/spazio-news.it\/?p=8732#breadcrumb"},"inLanguage":"it-IT","potentialAction":[{"@type":"ReadAction","target":["https:\/\/spazio-news.it\/?p=8732"]}]},{"@type":"ImageObject","inLanguage":"it-IT","@id":"https:\/\/spazio-news.it\/?p=8732#primaryimage","url":"https:\/\/spazio-news.it\/wp-content\/uploads\/2020\/05\/Satellite-PRecursore-IperSpettrale-della-Missione-Applicativa-PRISMA-Agenzia-Spaziale-Italiana-ASI.png","contentUrl":"https:\/\/spazio-news.it\/wp-content\/uploads\/2020\/05\/Satellite-PRecursore-IperSpettrale-della-Missione-Applicativa-PRISMA-Agenzia-Spaziale-Italiana-ASI.png","width":800,"height":446,"caption":"Satellite PRecursore IperSpettrale della Missione Applicativa - PRISMA - Agenzia Spaziale Italiana - ASI"},{"@type":"BreadcrumbList","@id":"https:\/\/spazio-news.it\/?p=8732#breadcrumb","itemListElement":[{"@type":"ListItem","position":1,"name":"Home","item":"http:\/\/spazio-news.it\/"},{"@type":"ListItem","position":2,"name":"ASI, PRISMA: DA OGGI LA COMUNIT\u00c0 SCIENTIFICA PU\u00d2 ACCEDERE AI DATI"}]},{"@type":"WebSite","@id":"http:\/\/spazio-news.it\/#website","url":"http:\/\/spazio-news.it\/","name":"Spazio-News Magazine","description":"La guida che sfida la complessit\u00e0 del mondo industriale","publisher":{"@id":"http:\/\/spazio-news.it\/#organization"},"alternateName":"Spazio-news.it","potentialAction":[{"@type":"SearchAction","target":{"@type":"EntryPoint","urlTemplate":"http:\/\/spazio-news.it\/?s={search_term_string}"},"query-input":{"@type":"PropertyValueSpecification","valueRequired":true,"valueName":"search_term_string"}}],"inLanguage":"it-IT"},{"@type":"Organization","@id":"http:\/\/spazio-news.it\/#organization","name":"Spazio-News Magazine","url":"http:\/\/spazio-news.it\/","logo":{"@type":"ImageObject","inLanguage":"it-IT","@id":"http:\/\/spazio-news.it\/#\/schema\/logo\/image\/","url":"http:\/\/spazio-news.it\/wp-content\/uploads\/2023\/09\/Logo-Spazio-News-512-x-512-NO-testo.jpg","contentUrl":"http:\/\/spazio-news.it\/wp-content\/uploads\/2023\/09\/Logo-Spazio-News-512-x-512-NO-testo.jpg","width":512,"height":512,"caption":"Spazio-News Magazine"},"image":{"@id":"http:\/\/spazio-news.it\/#\/schema\/logo\/image\/"},"sameAs":["https:\/\/m.facebook.com\/spazio-news-magazine","https:\/\/x.com\/News_spazio"]},{"@type":"Person","@id":"http:\/\/spazio-news.it\/#\/schema\/person\/c600904e882e9e166ed8e5e3773d37b3","name":"Redazione","sameAs":["http:\/\/spazio-news.it","@SpazioNewsMagazine","https:\/\/x.com\/@news_spazio"],"url":"https:\/\/spazio-news.it\/?author=1"}]}},"_links":{"self":[{"href":"https:\/\/spazio-news.it\/index.php?rest_route=\/wp\/v2\/posts\/8732","targetHints":{"allow":["GET"]}}],"collection":[{"href":"https:\/\/spazio-news.it\/index.php?rest_route=\/wp\/v2\/posts"}],"about":[{"href":"https:\/\/spazio-news.it\/index.php?rest_route=\/wp\/v2\/types\/post"}],"author":[{"embeddable":true,"href":"https:\/\/spazio-news.it\/index.php?rest_route=\/wp\/v2\/users\/1"}],"replies":[{"embeddable":true,"href":"https:\/\/spazio-news.it\/index.php?rest_route=%2Fwp%2Fv2%2Fcomments&post=8732"}],"version-history":[{"count":2,"href":"https:\/\/spazio-news.it\/index.php?rest_route=\/wp\/v2\/posts\/8732\/revisions"}],"predecessor-version":[{"id":8736,"href":"https:\/\/spazio-news.it\/index.php?rest_route=\/wp\/v2\/posts\/8732\/revisions\/8736"}],"wp:featuredmedia":[{"embeddable":true,"href":"https:\/\/spazio-news.it\/index.php?rest_route=\/wp\/v2\/media\/8734"}],"wp:attachment":[{"href":"https:\/\/spazio-news.it\/index.php?rest_route=%2Fwp%2Fv2%2Fmedia&parent=8732"}],"wp:term":[{"taxonomy":"category","embeddable":true,"href":"https:\/\/spazio-news.it\/index.php?rest_route=%2Fwp%2Fv2%2Fcategories&post=8732"},{"taxonomy":"post_tag","embeddable":true,"href":"https:\/\/spazio-news.it\/index.php?rest_route=%2Fwp%2Fv2%2Ftags&post=8732"}],"curies":[{"name":"wp","href":"https:\/\/api.w.org\/{rel}","templated":true}]}}