{"id":9615,"date":"2021-03-08T05:10:00","date_gmt":"2021-03-08T04:10:00","guid":{"rendered":"http:\/\/spazio-news.it\/?p=9615"},"modified":"2021-02-12T17:18:47","modified_gmt":"2021-02-12T16:18:47","slug":"ami-inaf-ingv-accordo-per-lo-sviluppo-dello-space-weather","status":"publish","type":"post","link":"https:\/\/spazio-news.it\/?p=9615","title":{"rendered":"AMI \u2013 INAF \u2013 INGV: ACCORDO PER LO SVILUPPO DELLO SPACE WEATHER"},"content":{"rendered":"\n<p><em>\u201cSviluppo di una capacit\u00e0 autonoma di monitoraggio e previsione per lo Space Weather, attraverso la condivisione di esperienze e l&#8217;avvio di iniziative congiunte<\/em>\u201d. Questo l&#8217;obiettivo al centro dell&#8217;accordo di collaborazione siglato tra l\u2019<a href=\"http:\/\/www.inaf.it\/\">Istituto Nazionale di Astrofisica \u2013 INAF<\/a>, lo Stato Maggiore dell&#8217;Aeronautica Militare e l\u2019<a href=\"http:\/\/www.ingv.it\/\">Istituto Nazionale di Geofisica e Vulcanologia \u2013 INGV<\/a>.<\/p>\n<p>Nell&#8217;ambito di un settore strategico in rapida evoluzione a livello nazionale e internazionale, l&#8217;iniziativa costituisce l\u2019opportunit\u00e0 di crescita, cruciale per garantire un adattamento efficace all&#8217;evoluzione del settore spaziale ed aerospaziale.<\/p>\n<p><em>&#8220;L&#8217;accordo siglato rientra nella pi\u00f9 ampia politica nazionale di condivisione delle migliori capacit\u00e0 e competenze nel settore Spazio<\/em> &#8211;\u00a0 ha spiegato il <a href=\"http:\/\/www.aeronautica.difesa.it\/comunicazione\/notizie\/Pagine\/accordo-collaborazione-am-ignv-anaf.aspx\">Capo di Stato Maggiore dell&#8217;Aeronautica Militare, Generale di Squadra Aerea Alberto Rosso<\/a> -. <em>I risultati importanti si ottengono grazie ad una sempre pi\u00f9 inclusiva partecipazione tra le Istituzioni, le universit\u00e0 ed i centri di ricerca che sappiano mettere a fattor comune professionalit\u00e0 e conoscenze, in un percorso di rafforzamento del sistema Paese, cui l&#8217;Aeronautica Militare \u00e8 orgogliosa di contribuire attraverso le sue peculiari competenze&#8221;.<\/em><\/p>\n<p>L&#8217;<a href=\"http:\/\/www.aeronautica.difesa.it\/\">Aeronautica Militare Italiana<\/a> ha gi\u00e0 da tempo sviluppato nell&#8217;ambito del Servizio Meteorologico AM una capacit\u00e0 operativa per lo <a href=\"http:\/\/www.aeronautica.difesa.it\/vetrine\/Pagine\/Space-Weather.aspx\">Space Weather<\/a>, basata sulla rielaborazione di dati e informazioni dipendenti esclusivamente da Paesi terzi. Da oggi, le risorse <a href=\"http:\/\/www.inaf.it\/\">Istituto Nazionale di Astrofisica<\/a> e dell\u2019<a href=\"http:\/\/www.ingv.it\/\">INGV<\/a> reperibili sul territorio nazionale e la reciproca condivisione di dati, prodotti, algoritmi, modelli e servizi, consentiranno il consolidamento di una pi\u00f9 affidabile e tempestiva capacit\u00e0 operativa nazionale.<\/p>\n<p>L&#8217;accordo di collaborazione, in particolare, prevede la condivisione di dati in tempo reale, prodotti e informazioni provenienti da sistemi di osservazione in situ o telerilevati, nonch\u00e9 l&#8217;uso di algoritmi, procedure e modelli numerici per l&#8217;analisi ed il trattamento grafico delle informazioni di analisi e previsione per lo Space Weather e per il loro impiego operativo.<\/p>\n<p>Nell&#8217;ambito della collaborazione, l&#8217;Aeronautica Militare parteciper\u00e0 all&#8217;elaborazione di nuovi algoritmi, modalit\u00e0 e procedure operative sfruttando proprie risorse umane e infrastrutturali, in base all&#8217;alta specializzazione acquisita nel settore, allo scopo di produrre con continuit\u00e0 informazioni utilizzabili per scopi militari o civili.<\/p>\n<p>L&#8217;<a href=\"http:\/\/www.ingv.it\/\">Istituto Nazionale di Geofisica e Vulcanologia<\/a> invece, in virt\u00f9 di una consolidata esperienza nell&#8217;acquisizione e gestione dei dati del monitoraggio, contribuir\u00e0 come fornitore di servizi nel campo dello Space Weather a grandi utenti istituzionali.<\/p>\n","protected":false},"excerpt":{"rendered":"<p>\u201cSviluppo di una capacit\u00e0 autonoma di monitoraggio e previsione per lo Space Weather, attraverso la condivisione di esperienze e l&#8217;avvio<\/p>\n","protected":false},"author":1,"featured_media":547,"comment_status":"closed","ping_status":"open","sticky":false,"template":"","format":"standard","meta":{"colormag_page_container_layout":"default_layout","colormag_page_sidebar_layout":"default_layout","footnotes":""},"categories":[32,5],"tags":[54,1224,1304,2079,2212,2651,6041,3373],"class_list":["post-9615","post","type-post","status-publish","format-standard","has-post-thumbnail","hentry","category-prima-pagina","category-ricerca-innovazione","tag-aeronautica-militare-italiana","tag-alberto-rosso-aeronautica-militare-italiana","tag-istituto-nazionale-di-geofisica-e-vulcanologia-ingv","tag-meteorologia-spaziale","tag-ricerca-aerospaziale","tag-ricerca-spaziale","tag-servizio-meteorologico-aeronautica-militare","tag-space-weather"],"yoast_head":"<!-- This site is optimized with the Yoast SEO plugin v26.8 - https:\/\/yoast.com\/product\/yoast-seo-wordpress\/ -->\n<title>AMI \u2013 INAF \u2013 INGV: ACCORDO PER LO SVILUPPO DELLO SPACE WEATHER &#187; Spazio-News Magazine<\/title>\n<meta name=\"description\" content=\"Sviluppo di una capacit\u00e0 autonoma di monitoraggio e previsione per lo Space Weather, attraverso la condivisione di esperienze e l&#039;avvio di\" \/>\n<meta name=\"robots\" content=\"index, follow, max-snippet:-1, max-image-preview:large, max-video-preview:-1\" \/>\n<link rel=\"canonical\" href=\"https:\/\/spazio-news.it\/?p=9615\" \/>\n<meta property=\"og:locale\" content=\"it_IT\" \/>\n<meta property=\"og:type\" content=\"article\" \/>\n<meta property=\"og:title\" content=\"AMI \u2013 INAF \u2013 INGV: ACCORDO PER LO SVILUPPO DELLO SPACE WEATHER &#187; Spazio-News Magazine\" \/>\n<meta property=\"og:description\" content=\"Sviluppo di una capacit\u00e0 autonoma di monitoraggio e previsione per lo Space Weather, attraverso la condivisione di esperienze e l&#039;avvio di\" \/>\n<meta property=\"og:url\" content=\"https:\/\/spazio-news.it\/?p=9615\" \/>\n<meta property=\"og:site_name\" content=\"Spazio-News Magazine\" \/>\n<meta property=\"article:publisher\" content=\"https:\/\/m.facebook.com\/spazio-news-magazine\" \/>\n<meta property=\"article:author\" content=\"@SpazioNewsMagazine\" \/>\n<meta property=\"article:published_time\" content=\"2021-03-08T04:10:00+00:00\" \/>\n<meta property=\"og:image\" content=\"https:\/\/spazio-news.it\/wp-content\/uploads\/2018\/08\/SpazioNEWS-Magazine-Stazione-Spaziale-satellite-space-e1559487936597.jpg\" \/>\n\t<meta property=\"og:image:width\" content=\"800\" \/>\n\t<meta property=\"og:image:height\" content=\"446\" \/>\n\t<meta property=\"og:image:type\" content=\"image\/jpeg\" \/>\n<meta name=\"author\" content=\"Redazione\" \/>\n<meta name=\"twitter:card\" content=\"summary_large_image\" \/>\n<meta name=\"twitter:creator\" content=\"@news_spazio\" \/>\n<meta name=\"twitter:site\" content=\"@News_spazio\" \/>\n<meta name=\"twitter:label1\" content=\"Scritto da\" \/>\n\t<meta name=\"twitter:data1\" content=\"Redazione\" \/>\n\t<meta name=\"twitter:label2\" content=\"Tempo di lettura stimato\" \/>\n\t<meta name=\"twitter:data2\" content=\"2 minuti\" \/>\n<script type=\"application\/ld+json\" class=\"yoast-schema-graph\">{\"@context\":\"https:\/\/schema.org\",\"@graph\":[{\"@type\":\"NewsArticle\",\"@id\":\"https:\/\/spazio-news.it\/?p=9615#article\",\"isPartOf\":{\"@id\":\"https:\/\/spazio-news.it\/?p=9615\"},\"author\":{\"name\":\"Redazione\",\"@id\":\"http:\/\/spazio-news.it\/#\/schema\/person\/c600904e882e9e166ed8e5e3773d37b3\"},\"headline\":\"AMI \u2013 INAF \u2013 INGV: ACCORDO PER LO SVILUPPO DELLO SPACE WEATHER\",\"datePublished\":\"2021-03-08T04:10:00+00:00\",\"mainEntityOfPage\":{\"@id\":\"https:\/\/spazio-news.it\/?p=9615\"},\"wordCount\":398,\"publisher\":{\"@id\":\"http:\/\/spazio-news.it\/#organization\"},\"image\":{\"@id\":\"https:\/\/spazio-news.it\/?p=9615#primaryimage\"},\"thumbnailUrl\":\"https:\/\/spazio-news.it\/wp-content\/uploads\/2018\/08\/SpazioNEWS-Magazine-Stazione-Spaziale-satellite-space-e1559487936597.jpg\",\"keywords\":[\"Aeronautica Militare Italiana\",\"Alberto Rosso - Aeronautica Militare Italiana\",\"Istituto Nazionale di Geofisica e Vulcanologia - INGV\",\"meteorologia spaziale\",\"Ricerca aerospaziale\",\"Ricerca Spaziale\",\"Servizio Meteorologico - Aeronautica Militare\",\"space weather\"],\"articleSection\":[\"01 - PRIMA PAGINA\",\"05 - RICERCA &amp; INNOVAZIONE\"],\"inLanguage\":\"it-IT\"},{\"@type\":\"WebPage\",\"@id\":\"https:\/\/spazio-news.it\/?p=9615\",\"url\":\"https:\/\/spazio-news.it\/?p=9615\",\"name\":\"AMI \u2013 INAF \u2013 INGV: ACCORDO PER LO SVILUPPO DELLO SPACE WEATHER &#187; Spazio-News Magazine\",\"isPartOf\":{\"@id\":\"http:\/\/spazio-news.it\/#website\"},\"primaryImageOfPage\":{\"@id\":\"https:\/\/spazio-news.it\/?p=9615#primaryimage\"},\"image\":{\"@id\":\"https:\/\/spazio-news.it\/?p=9615#primaryimage\"},\"thumbnailUrl\":\"https:\/\/spazio-news.it\/wp-content\/uploads\/2018\/08\/SpazioNEWS-Magazine-Stazione-Spaziale-satellite-space-e1559487936597.jpg\",\"datePublished\":\"2021-03-08T04:10:00+00:00\",\"description\":\"Sviluppo di una capacit\u00e0 autonoma di monitoraggio e previsione per lo Space Weather, attraverso la condivisione di esperienze e l'avvio di\",\"breadcrumb\":{\"@id\":\"https:\/\/spazio-news.it\/?p=9615#breadcrumb\"},\"inLanguage\":\"it-IT\",\"potentialAction\":[{\"@type\":\"ReadAction\",\"target\":[\"https:\/\/spazio-news.it\/?p=9615\"]}]},{\"@type\":\"ImageObject\",\"inLanguage\":\"it-IT\",\"@id\":\"https:\/\/spazio-news.it\/?p=9615#primaryimage\",\"url\":\"https:\/\/spazio-news.it\/wp-content\/uploads\/2018\/08\/SpazioNEWS-Magazine-Stazione-Spaziale-satellite-space-e1559487936597.jpg\",\"contentUrl\":\"https:\/\/spazio-news.it\/wp-content\/uploads\/2018\/08\/SpazioNEWS-Magazine-Stazione-Spaziale-satellite-space-e1559487936597.jpg\",\"width\":800,\"height\":446,\"caption\":\"SpazioNEWS Magazine Stazione Spaziale satellite space\"},{\"@type\":\"BreadcrumbList\",\"@id\":\"https:\/\/spazio-news.it\/?p=9615#breadcrumb\",\"itemListElement\":[{\"@type\":\"ListItem\",\"position\":1,\"name\":\"Home\",\"item\":\"http:\/\/spazio-news.it\/\"},{\"@type\":\"ListItem\",\"position\":2,\"name\":\"AMI \u2013 INAF \u2013 INGV: ACCORDO PER LO SVILUPPO DELLO SPACE WEATHER\"}]},{\"@type\":\"WebSite\",\"@id\":\"http:\/\/spazio-news.it\/#website\",\"url\":\"http:\/\/spazio-news.it\/\",\"name\":\"Spazio-News Magazine\",\"description\":\"La guida che sfida la complessit\u00e0 del mondo industriale\",\"publisher\":{\"@id\":\"http:\/\/spazio-news.it\/#organization\"},\"alternateName\":\"Spazio-news.it\",\"potentialAction\":[{\"@type\":\"SearchAction\",\"target\":{\"@type\":\"EntryPoint\",\"urlTemplate\":\"http:\/\/spazio-news.it\/?s={search_term_string}\"},\"query-input\":{\"@type\":\"PropertyValueSpecification\",\"valueRequired\":true,\"valueName\":\"search_term_string\"}}],\"inLanguage\":\"it-IT\"},{\"@type\":\"Organization\",\"@id\":\"http:\/\/spazio-news.it\/#organization\",\"name\":\"Spazio-News Magazine\",\"url\":\"http:\/\/spazio-news.it\/\",\"logo\":{\"@type\":\"ImageObject\",\"inLanguage\":\"it-IT\",\"@id\":\"http:\/\/spazio-news.it\/#\/schema\/logo\/image\/\",\"url\":\"http:\/\/spazio-news.it\/wp-content\/uploads\/2023\/09\/Logo-Spazio-News-512-x-512-NO-testo.jpg\",\"contentUrl\":\"http:\/\/spazio-news.it\/wp-content\/uploads\/2023\/09\/Logo-Spazio-News-512-x-512-NO-testo.jpg\",\"width\":512,\"height\":512,\"caption\":\"Spazio-News Magazine\"},\"image\":{\"@id\":\"http:\/\/spazio-news.it\/#\/schema\/logo\/image\/\"},\"sameAs\":[\"https:\/\/m.facebook.com\/spazio-news-magazine\",\"https:\/\/x.com\/News_spazio\"]},{\"@type\":\"Person\",\"@id\":\"http:\/\/spazio-news.it\/#\/schema\/person\/c600904e882e9e166ed8e5e3773d37b3\",\"name\":\"Redazione\",\"sameAs\":[\"http:\/\/spazio-news.it\",\"@SpazioNewsMagazine\",\"https:\/\/x.com\/@news_spazio\"],\"url\":\"https:\/\/spazio-news.it\/?author=1\"}]}<\/script>\n<!-- \/ Yoast SEO plugin. -->","yoast_head_json":{"title":"AMI \u2013 INAF \u2013 INGV: ACCORDO PER LO SVILUPPO DELLO SPACE WEATHER &#187; Spazio-News Magazine","description":"Sviluppo di una capacit\u00e0 autonoma di monitoraggio e previsione per lo Space Weather, attraverso la condivisione di esperienze e l'avvio di","robots":{"index":"index","follow":"follow","max-snippet":"max-snippet:-1","max-image-preview":"max-image-preview:large","max-video-preview":"max-video-preview:-1"},"canonical":"https:\/\/spazio-news.it\/?p=9615","og_locale":"it_IT","og_type":"article","og_title":"AMI \u2013 INAF \u2013 INGV: ACCORDO PER LO SVILUPPO DELLO SPACE WEATHER &#187; Spazio-News Magazine","og_description":"Sviluppo di una capacit\u00e0 autonoma di monitoraggio e previsione per lo Space Weather, attraverso la condivisione di esperienze e l'avvio di","og_url":"https:\/\/spazio-news.it\/?p=9615","og_site_name":"Spazio-News Magazine","article_publisher":"https:\/\/m.facebook.com\/spazio-news-magazine","article_author":"@SpazioNewsMagazine","article_published_time":"2021-03-08T04:10:00+00:00","og_image":[{"width":800,"height":446,"url":"https:\/\/spazio-news.it\/wp-content\/uploads\/2018\/08\/SpazioNEWS-Magazine-Stazione-Spaziale-satellite-space-e1559487936597.jpg","type":"image\/jpeg"}],"author":"Redazione","twitter_card":"summary_large_image","twitter_creator":"@news_spazio","twitter_site":"@News_spazio","twitter_misc":{"Scritto da":"Redazione","Tempo di lettura stimato":"2 minuti"},"schema":{"@context":"https:\/\/schema.org","@graph":[{"@type":"NewsArticle","@id":"https:\/\/spazio-news.it\/?p=9615#article","isPartOf":{"@id":"https:\/\/spazio-news.it\/?p=9615"},"author":{"name":"Redazione","@id":"http:\/\/spazio-news.it\/#\/schema\/person\/c600904e882e9e166ed8e5e3773d37b3"},"headline":"AMI \u2013 INAF \u2013 INGV: ACCORDO PER LO SVILUPPO DELLO SPACE WEATHER","datePublished":"2021-03-08T04:10:00+00:00","mainEntityOfPage":{"@id":"https:\/\/spazio-news.it\/?p=9615"},"wordCount":398,"publisher":{"@id":"http:\/\/spazio-news.it\/#organization"},"image":{"@id":"https:\/\/spazio-news.it\/?p=9615#primaryimage"},"thumbnailUrl":"https:\/\/spazio-news.it\/wp-content\/uploads\/2018\/08\/SpazioNEWS-Magazine-Stazione-Spaziale-satellite-space-e1559487936597.jpg","keywords":["Aeronautica Militare Italiana","Alberto Rosso - Aeronautica Militare Italiana","Istituto Nazionale di Geofisica e Vulcanologia - INGV","meteorologia spaziale","Ricerca aerospaziale","Ricerca Spaziale","Servizio Meteorologico - Aeronautica Militare","space weather"],"articleSection":["01 - PRIMA PAGINA","05 - RICERCA &amp; INNOVAZIONE"],"inLanguage":"it-IT"},{"@type":"WebPage","@id":"https:\/\/spazio-news.it\/?p=9615","url":"https:\/\/spazio-news.it\/?p=9615","name":"AMI \u2013 INAF \u2013 INGV: ACCORDO PER LO SVILUPPO DELLO SPACE WEATHER &#187; Spazio-News Magazine","isPartOf":{"@id":"http:\/\/spazio-news.it\/#website"},"primaryImageOfPage":{"@id":"https:\/\/spazio-news.it\/?p=9615#primaryimage"},"image":{"@id":"https:\/\/spazio-news.it\/?p=9615#primaryimage"},"thumbnailUrl":"https:\/\/spazio-news.it\/wp-content\/uploads\/2018\/08\/SpazioNEWS-Magazine-Stazione-Spaziale-satellite-space-e1559487936597.jpg","datePublished":"2021-03-08T04:10:00+00:00","description":"Sviluppo di una capacit\u00e0 autonoma di monitoraggio e previsione per lo Space Weather, attraverso la condivisione di esperienze e l'avvio di","breadcrumb":{"@id":"https:\/\/spazio-news.it\/?p=9615#breadcrumb"},"inLanguage":"it-IT","potentialAction":[{"@type":"ReadAction","target":["https:\/\/spazio-news.it\/?p=9615"]}]},{"@type":"ImageObject","inLanguage":"it-IT","@id":"https:\/\/spazio-news.it\/?p=9615#primaryimage","url":"https:\/\/spazio-news.it\/wp-content\/uploads\/2018\/08\/SpazioNEWS-Magazine-Stazione-Spaziale-satellite-space-e1559487936597.jpg","contentUrl":"https:\/\/spazio-news.it\/wp-content\/uploads\/2018\/08\/SpazioNEWS-Magazine-Stazione-Spaziale-satellite-space-e1559487936597.jpg","width":800,"height":446,"caption":"SpazioNEWS Magazine Stazione Spaziale satellite space"},{"@type":"BreadcrumbList","@id":"https:\/\/spazio-news.it\/?p=9615#breadcrumb","itemListElement":[{"@type":"ListItem","position":1,"name":"Home","item":"http:\/\/spazio-news.it\/"},{"@type":"ListItem","position":2,"name":"AMI \u2013 INAF \u2013 INGV: ACCORDO PER LO SVILUPPO DELLO SPACE WEATHER"}]},{"@type":"WebSite","@id":"http:\/\/spazio-news.it\/#website","url":"http:\/\/spazio-news.it\/","name":"Spazio-News Magazine","description":"La guida che sfida la complessit\u00e0 del mondo industriale","publisher":{"@id":"http:\/\/spazio-news.it\/#organization"},"alternateName":"Spazio-news.it","potentialAction":[{"@type":"SearchAction","target":{"@type":"EntryPoint","urlTemplate":"http:\/\/spazio-news.it\/?s={search_term_string}"},"query-input":{"@type":"PropertyValueSpecification","valueRequired":true,"valueName":"search_term_string"}}],"inLanguage":"it-IT"},{"@type":"Organization","@id":"http:\/\/spazio-news.it\/#organization","name":"Spazio-News Magazine","url":"http:\/\/spazio-news.it\/","logo":{"@type":"ImageObject","inLanguage":"it-IT","@id":"http:\/\/spazio-news.it\/#\/schema\/logo\/image\/","url":"http:\/\/spazio-news.it\/wp-content\/uploads\/2023\/09\/Logo-Spazio-News-512-x-512-NO-testo.jpg","contentUrl":"http:\/\/spazio-news.it\/wp-content\/uploads\/2023\/09\/Logo-Spazio-News-512-x-512-NO-testo.jpg","width":512,"height":512,"caption":"Spazio-News Magazine"},"image":{"@id":"http:\/\/spazio-news.it\/#\/schema\/logo\/image\/"},"sameAs":["https:\/\/m.facebook.com\/spazio-news-magazine","https:\/\/x.com\/News_spazio"]},{"@type":"Person","@id":"http:\/\/spazio-news.it\/#\/schema\/person\/c600904e882e9e166ed8e5e3773d37b3","name":"Redazione","sameAs":["http:\/\/spazio-news.it","@SpazioNewsMagazine","https:\/\/x.com\/@news_spazio"],"url":"https:\/\/spazio-news.it\/?author=1"}]}},"_links":{"self":[{"href":"https:\/\/spazio-news.it\/index.php?rest_route=\/wp\/v2\/posts\/9615","targetHints":{"allow":["GET"]}}],"collection":[{"href":"https:\/\/spazio-news.it\/index.php?rest_route=\/wp\/v2\/posts"}],"about":[{"href":"https:\/\/spazio-news.it\/index.php?rest_route=\/wp\/v2\/types\/post"}],"author":[{"embeddable":true,"href":"https:\/\/spazio-news.it\/index.php?rest_route=\/wp\/v2\/users\/1"}],"replies":[{"embeddable":true,"href":"https:\/\/spazio-news.it\/index.php?rest_route=%2Fwp%2Fv2%2Fcomments&post=9615"}],"version-history":[{"count":1,"href":"https:\/\/spazio-news.it\/index.php?rest_route=\/wp\/v2\/posts\/9615\/revisions"}],"predecessor-version":[{"id":9617,"href":"https:\/\/spazio-news.it\/index.php?rest_route=\/wp\/v2\/posts\/9615\/revisions\/9617"}],"wp:featuredmedia":[{"embeddable":true,"href":"https:\/\/spazio-news.it\/index.php?rest_route=\/wp\/v2\/media\/547"}],"wp:attachment":[{"href":"https:\/\/spazio-news.it\/index.php?rest_route=%2Fwp%2Fv2%2Fmedia&parent=9615"}],"wp:term":[{"taxonomy":"category","embeddable":true,"href":"https:\/\/spazio-news.it\/index.php?rest_route=%2Fwp%2Fv2%2Fcategories&post=9615"},{"taxonomy":"post_tag","embeddable":true,"href":"https:\/\/spazio-news.it\/index.php?rest_route=%2Fwp%2Fv2%2Ftags&post=9615"}],"curies":[{"name":"wp","href":"https:\/\/api.w.org\/{rel}","templated":true}]}}