{"id":9703,"date":"2021-03-08T05:07:00","date_gmt":"2021-03-08T04:07:00","guid":{"rendered":"http:\/\/spazio-news.it\/?p=9703"},"modified":"2021-03-15T07:37:40","modified_gmt":"2021-03-15T06:37:40","slug":"mercato-lavoro-pandemia-ha-colpito-chi-svantaggio","status":"publish","type":"post","link":"https:\/\/spazio-news.it\/?p=9703","title":{"rendered":"LA PANDEMIA HA COLPITO CHI ERA IN CONDIZIONI DI SVANTAGGIO"},"content":{"rendered":"\n<p>L\u2019<a href=\"http:\/\/www.istat.it\/\">Istituto Nazionale di Statistica \u2013 ISTAT<\/a> ha presentato il rapporto annuale sul mercato del lavoro, frutto della collaborazione con il <a href=\"https:\/\/www.lavoro.gov.it\/Pagine\/default.aspx\">Ministero del lavoro e delle politiche sociali<\/a>, l\u2019<a href=\"https:\/\/www.inps.it\/nuovoportaleinps\/default.aspx\">Istituto Nazionale della Previdenza Sociale &#8211; INPS<\/a>, l\u2019<a href=\"https:\/\/www.inail.it\/cs\/internet\/home.html\">Istituto nazionale Assicurazione Infortuni sul Lavoro &#8211; INAIL<\/a> e <a href=\"https:\/\/www.anpal.gov.it\/\">Agenzia Nazionale Politiche Attive Lavoro &#8211; ANPAL<\/a>.<\/p>\n<p>Da rapporto si comprende come nel 2020, l\u2019emergenza sanitaria abbia condizionato in maniera cruciale gli sviluppi dell\u2019<a href=\"http:\/\/spazio-news.it\/tag\/economia\">economia<\/a> e della societ\u00e0, in Italia come nel mondo intero. La pandemia dovuta al Covid-19 e la conseguente sospensione delle attivit\u00e0 di interi settori produttivi hanno rappresentato anche nel nostro Paese uno shock improvviso e senza precedenti sulla produzione di beni e servizi e, di conseguenza, sul <a href=\"http:\/\/spazio-news.it\/tag\/mercato-del-lavoro-italia\">mercato del lavoro<\/a>.<\/p>\n<p>In particolare nel secondo trimestre dello scorso anno si \u00e8 assistito a un crollo dell\u2019attivit\u00e0 economica, seguito da un recupero, per certi aspetti superiore alle aspettative, <a href=\"http:\/\/spazio-news.it\/occupazione-settembre-in-crescita-ma-da-inizio-anno-persi-59-000-posti-di-lavoro\">nel terzo trimestre<\/a> e una nuova riduzione nel <a href=\"http:\/\/spazio-news.it\/occupazione-terzo-trimestre-in-un-anno-bruciati-622-000-posti-di-lavoro\">quarto dovuta alla recrudescenza della diffusione dei contagi<\/a>.<\/p>\n<p><em>\u201cGli approfondimenti contenuti nel Rapporto descrivono gli effetti del Covid-19 sulla domanda e sull\u2019offerta di lavoro, il ruolo degli ammortizzatori sociali messi in campo, e le ricadute sulla qualit\u00e0 del lavoro<\/em> \u2013 si legge nella nota diffusa dall\u2019<a href=\"https:\/\/www.istat.it\/it\/files\/2021\/02\/2021_02_25_Presentazione_RapportoMdL.pdf\">ISTAT<\/a> -. <em>Data la natura dei provvedimenti di sostegno alle imprese e ai lavoratori, gli effetti della crisi si sono manifestati pi\u00f9 sulle ore lavorate che sull\u2019occupazione; ciononostante il numero di persone rimaste senza lavoro \u00e8 considerevole, soprattutto a seguito delle cessazioni dei contratti a termine non rinnovati e del venir meno di nuove assunzioni in un generalizzato clima di \u201csospensione\u201d delle attivit\u00e0, inclusa quella della ricerca di lavoro. Il calo dell\u2019attivit\u00e0 e dell\u2019occupazione si \u00e8 concentrato nei servizi e, complessivamente, ha avuto effetti ridotti nella manifattura\u201d.<\/em><\/p>\n<p>Le categorie pi\u00f9 colpite dall\u2019emergenza sanitaria sono quelle che gi\u00e0 si trovavano in condizioni di svantaggio, come le donne, i giovani e gli stranieri; ossia i gruppi gi\u00e0 maggiormente penalizzati perch\u00e9 pi\u00f9 spesso in posizioni lavorative meno tutelate, e per giunta collocati in settori e in imprese che sono stati investiti pi\u00f9 duramente dalla crisi. L\u2019emergenza ha prodotto anche un mutamento repentino della modalit\u00e0 di erogazione della prestazione lavorativa, che \u00e8 stata resa, laddove possibile, da remoto.<\/p>\n<p>La digitalizzazione e il distanziamento sociale hanno concorso a produrre una nuova segmentazione nel mercato del lavoro, distinguendo tra chi pu\u00f2 operare da casa e chi, per la natura della prestazione, \u00e8 strettamente legato al luogo di lavoro.<\/p>\n<p>Il perdurare dell\u2019emergenza sanitaria determina, secondo gli esperti, una situazione di incertezza sui tempi e sulle modalit\u00e0 della ripresa economica. Le ripercussioni saranno di lungo periodo e potrebbero comportare anche cambiamenti strutturali e permanenti del sistema economico.<\/p>\n","protected":false},"excerpt":{"rendered":"<p>L\u2019Istituto Nazionale di Statistica \u2013 ISTAT ha presentato il rapporto annuale sul mercato del lavoro, frutto della collaborazione con il<\/p>\n","protected":false},"author":1,"featured_media":8616,"comment_status":"closed","ping_status":"open","sticky":false,"template":"","format":"standard","meta":{"colormag_page_container_layout":"default_layout","colormag_page_sidebar_layout":"default_layout","footnotes":""},"categories":[32,6],"tags":[4821,4798,447,341,2322,3457,3459,558,39,3026,3458,4822,6146],"class_list":["post-9703","post","type-post","status-publish","format-standard","has-post-thumbnail","hentry","category-prima-pagina","category-economia-societa","tag-agenzia-nazionale-politiche-attive-lavoro-anpal","tag-covid-19","tag-disoccupazione","tag-economia","tag-economia-italiana","tag-istituto-nazionale-assicurazione-infortuni-sul-lavoro-inail","tag-istituto-nazionale-della-previdenza-sociale-inps","tag-istituto-nazionale-di-statistica-istat","tag-lavoro","tag-mercato-del-lavoro-italia","tag-ministero-del-lavoro-e-delle-politiche-sociali","tag-nota-trimestrale-occupazione-italiana","tag-rapporto-annuale-sul-mercato-del-lavoro"],"yoast_head":"<!-- This site is optimized with the Yoast SEO plugin v26.8 - https:\/\/yoast.com\/product\/yoast-seo-wordpress\/ -->\n<title>LA PANDEMIA HA COLPITO CHI ERA IN CONDIZIONI DI SVANTAGGIO &#187; Spazio-News Magazine<\/title>\n<meta name=\"description\" content=\"L\u2019ISTAT ha presentato il rapporto annuale sul mercato del lavoro, frutto della collaborazione con il Ministero del lavoro e delle politiche\" \/>\n<meta name=\"robots\" content=\"index, follow, max-snippet:-1, max-image-preview:large, max-video-preview:-1\" \/>\n<link rel=\"canonical\" href=\"https:\/\/spazio-news.it\/?p=9703\" \/>\n<meta property=\"og:locale\" content=\"it_IT\" \/>\n<meta property=\"og:type\" content=\"article\" \/>\n<meta property=\"og:title\" content=\"LA PANDEMIA HA COLPITO CHI ERA IN CONDIZIONI DI SVANTAGGIO &#187; Spazio-News Magazine\" \/>\n<meta property=\"og:description\" content=\"L\u2019ISTAT ha presentato il rapporto annuale sul mercato del lavoro, frutto della collaborazione con il Ministero del lavoro e delle politiche\" \/>\n<meta property=\"og:url\" content=\"https:\/\/spazio-news.it\/?p=9703\" \/>\n<meta property=\"og:site_name\" content=\"Spazio-News Magazine\" \/>\n<meta property=\"article:publisher\" content=\"https:\/\/m.facebook.com\/spazio-news-magazine\" \/>\n<meta property=\"article:author\" content=\"@SpazioNewsMagazine\" \/>\n<meta property=\"article:published_time\" content=\"2021-03-08T04:07:00+00:00\" \/>\n<meta property=\"article:modified_time\" content=\"2021-03-15T06:37:40+00:00\" \/>\n<meta property=\"og:image\" content=\"https:\/\/spazio-news.it\/wp-content\/uploads\/2020\/05\/Leonardo-Company-Produzione-elicotteri-AgustaWestland-Vergiate-Industria-lavoro-Spazio-News-Magazine.jpg\" \/>\n\t<meta property=\"og:image:width\" content=\"800\" \/>\n\t<meta property=\"og:image:height\" content=\"446\" \/>\n\t<meta property=\"og:image:type\" content=\"image\/jpeg\" \/>\n<meta name=\"author\" content=\"Redazione\" \/>\n<meta name=\"twitter:card\" content=\"summary_large_image\" \/>\n<meta name=\"twitter:creator\" content=\"@news_spazio\" \/>\n<meta name=\"twitter:site\" content=\"@News_spazio\" \/>\n<meta name=\"twitter:label1\" content=\"Scritto da\" \/>\n\t<meta name=\"twitter:data1\" content=\"Redazione\" \/>\n\t<meta name=\"twitter:label2\" content=\"Tempo di lettura stimato\" \/>\n\t<meta name=\"twitter:data2\" content=\"2 minuti\" \/>\n<script type=\"application\/ld+json\" class=\"yoast-schema-graph\">{\"@context\":\"https:\/\/schema.org\",\"@graph\":[{\"@type\":\"NewsArticle\",\"@id\":\"https:\/\/spazio-news.it\/?p=9703#article\",\"isPartOf\":{\"@id\":\"https:\/\/spazio-news.it\/?p=9703\"},\"author\":{\"name\":\"Redazione\",\"@id\":\"http:\/\/spazio-news.it\/#\/schema\/person\/c600904e882e9e166ed8e5e3773d37b3\"},\"headline\":\"LA PANDEMIA HA COLPITO CHI ERA IN CONDIZIONI DI SVANTAGGIO\",\"datePublished\":\"2021-03-08T04:07:00+00:00\",\"dateModified\":\"2021-03-15T06:37:40+00:00\",\"mainEntityOfPage\":{\"@id\":\"https:\/\/spazio-news.it\/?p=9703\"},\"wordCount\":450,\"publisher\":{\"@id\":\"http:\/\/spazio-news.it\/#organization\"},\"image\":{\"@id\":\"https:\/\/spazio-news.it\/?p=9703#primaryimage\"},\"thumbnailUrl\":\"https:\/\/spazio-news.it\/wp-content\/uploads\/2020\/05\/Leonardo-Company-Produzione-elicotteri-AgustaWestland-Vergiate-Industria-lavoro-Spazio-News-Magazine.jpg\",\"keywords\":[\"Agenzia Nazionale Politiche Attive Lavoro \u2013 ANPAL\",\"COVID-19\",\"disoccupazione\",\"Economia\",\"Economia Italiana\",\"Istituto Nazionale Assicurazione Infortuni sul lavoro - INAIL\",\"Istituto Nazionale della Previdenza Sociale - INPS\",\"Istituto Nazionale di Statistica \u2013 ISTAT\",\"lavoro\",\"mercato del lavoro Italia\",\"Ministero del lavoro e delle politiche sociali\",\"Nota trimestrale occupazione italiana\",\"Rapporto annuale sul mercato del lavoro\"],\"articleSection\":[\"01 - PRIMA PAGINA\",\"04 - ECONOMIA &amp; SOCIET\u00c0\"],\"inLanguage\":\"it-IT\"},{\"@type\":\"WebPage\",\"@id\":\"https:\/\/spazio-news.it\/?p=9703\",\"url\":\"https:\/\/spazio-news.it\/?p=9703\",\"name\":\"LA PANDEMIA HA COLPITO CHI ERA IN CONDIZIONI DI SVANTAGGIO &#187; Spazio-News Magazine\",\"isPartOf\":{\"@id\":\"http:\/\/spazio-news.it\/#website\"},\"primaryImageOfPage\":{\"@id\":\"https:\/\/spazio-news.it\/?p=9703#primaryimage\"},\"image\":{\"@id\":\"https:\/\/spazio-news.it\/?p=9703#primaryimage\"},\"thumbnailUrl\":\"https:\/\/spazio-news.it\/wp-content\/uploads\/2020\/05\/Leonardo-Company-Produzione-elicotteri-AgustaWestland-Vergiate-Industria-lavoro-Spazio-News-Magazine.jpg\",\"datePublished\":\"2021-03-08T04:07:00+00:00\",\"dateModified\":\"2021-03-15T06:37:40+00:00\",\"description\":\"L\u2019ISTAT ha presentato il rapporto annuale sul mercato del lavoro, frutto della collaborazione con il Ministero del lavoro e delle politiche\",\"breadcrumb\":{\"@id\":\"https:\/\/spazio-news.it\/?p=9703#breadcrumb\"},\"inLanguage\":\"it-IT\",\"potentialAction\":[{\"@type\":\"ReadAction\",\"target\":[\"https:\/\/spazio-news.it\/?p=9703\"]}]},{\"@type\":\"ImageObject\",\"inLanguage\":\"it-IT\",\"@id\":\"https:\/\/spazio-news.it\/?p=9703#primaryimage\",\"url\":\"https:\/\/spazio-news.it\/wp-content\/uploads\/2020\/05\/Leonardo-Company-Produzione-elicotteri-AgustaWestland-Vergiate-Industria-lavoro-Spazio-News-Magazine.jpg\",\"contentUrl\":\"https:\/\/spazio-news.it\/wp-content\/uploads\/2020\/05\/Leonardo-Company-Produzione-elicotteri-AgustaWestland-Vergiate-Industria-lavoro-Spazio-News-Magazine.jpg\",\"width\":800,\"height\":446,\"caption\":\"Leonardo Company Produzione elicotteri AgustaWestland Vergiate Industria lavoro - Spazio-News Magazine\"},{\"@type\":\"BreadcrumbList\",\"@id\":\"https:\/\/spazio-news.it\/?p=9703#breadcrumb\",\"itemListElement\":[{\"@type\":\"ListItem\",\"position\":1,\"name\":\"Home\",\"item\":\"http:\/\/spazio-news.it\/\"},{\"@type\":\"ListItem\",\"position\":2,\"name\":\"LA PANDEMIA HA COLPITO CHI ERA IN CONDIZIONI DI SVANTAGGIO\"}]},{\"@type\":\"WebSite\",\"@id\":\"http:\/\/spazio-news.it\/#website\",\"url\":\"http:\/\/spazio-news.it\/\",\"name\":\"Spazio-News Magazine\",\"description\":\"La guida che sfida la complessit\u00e0 del mondo industriale\",\"publisher\":{\"@id\":\"http:\/\/spazio-news.it\/#organization\"},\"alternateName\":\"Spazio-news.it\",\"potentialAction\":[{\"@type\":\"SearchAction\",\"target\":{\"@type\":\"EntryPoint\",\"urlTemplate\":\"http:\/\/spazio-news.it\/?s={search_term_string}\"},\"query-input\":{\"@type\":\"PropertyValueSpecification\",\"valueRequired\":true,\"valueName\":\"search_term_string\"}}],\"inLanguage\":\"it-IT\"},{\"@type\":\"Organization\",\"@id\":\"http:\/\/spazio-news.it\/#organization\",\"name\":\"Spazio-News Magazine\",\"url\":\"http:\/\/spazio-news.it\/\",\"logo\":{\"@type\":\"ImageObject\",\"inLanguage\":\"it-IT\",\"@id\":\"http:\/\/spazio-news.it\/#\/schema\/logo\/image\/\",\"url\":\"http:\/\/spazio-news.it\/wp-content\/uploads\/2023\/09\/Logo-Spazio-News-512-x-512-NO-testo.jpg\",\"contentUrl\":\"http:\/\/spazio-news.it\/wp-content\/uploads\/2023\/09\/Logo-Spazio-News-512-x-512-NO-testo.jpg\",\"width\":512,\"height\":512,\"caption\":\"Spazio-News Magazine\"},\"image\":{\"@id\":\"http:\/\/spazio-news.it\/#\/schema\/logo\/image\/\"},\"sameAs\":[\"https:\/\/m.facebook.com\/spazio-news-magazine\",\"https:\/\/x.com\/News_spazio\"]},{\"@type\":\"Person\",\"@id\":\"http:\/\/spazio-news.it\/#\/schema\/person\/c600904e882e9e166ed8e5e3773d37b3\",\"name\":\"Redazione\",\"sameAs\":[\"http:\/\/spazio-news.it\",\"@SpazioNewsMagazine\",\"https:\/\/x.com\/@news_spazio\"],\"url\":\"https:\/\/spazio-news.it\/?author=1\"}]}<\/script>\n<!-- \/ Yoast SEO plugin. -->","yoast_head_json":{"title":"LA PANDEMIA HA COLPITO CHI ERA IN CONDIZIONI DI SVANTAGGIO &#187; Spazio-News Magazine","description":"L\u2019ISTAT ha presentato il rapporto annuale sul mercato del lavoro, frutto della collaborazione con il Ministero del lavoro e delle politiche","robots":{"index":"index","follow":"follow","max-snippet":"max-snippet:-1","max-image-preview":"max-image-preview:large","max-video-preview":"max-video-preview:-1"},"canonical":"https:\/\/spazio-news.it\/?p=9703","og_locale":"it_IT","og_type":"article","og_title":"LA PANDEMIA HA COLPITO CHI ERA IN CONDIZIONI DI SVANTAGGIO &#187; Spazio-News Magazine","og_description":"L\u2019ISTAT ha presentato il rapporto annuale sul mercato del lavoro, frutto della collaborazione con il Ministero del lavoro e delle politiche","og_url":"https:\/\/spazio-news.it\/?p=9703","og_site_name":"Spazio-News Magazine","article_publisher":"https:\/\/m.facebook.com\/spazio-news-magazine","article_author":"@SpazioNewsMagazine","article_published_time":"2021-03-08T04:07:00+00:00","article_modified_time":"2021-03-15T06:37:40+00:00","og_image":[{"width":800,"height":446,"url":"https:\/\/spazio-news.it\/wp-content\/uploads\/2020\/05\/Leonardo-Company-Produzione-elicotteri-AgustaWestland-Vergiate-Industria-lavoro-Spazio-News-Magazine.jpg","type":"image\/jpeg"}],"author":"Redazione","twitter_card":"summary_large_image","twitter_creator":"@news_spazio","twitter_site":"@News_spazio","twitter_misc":{"Scritto da":"Redazione","Tempo di lettura stimato":"2 minuti"},"schema":{"@context":"https:\/\/schema.org","@graph":[{"@type":"NewsArticle","@id":"https:\/\/spazio-news.it\/?p=9703#article","isPartOf":{"@id":"https:\/\/spazio-news.it\/?p=9703"},"author":{"name":"Redazione","@id":"http:\/\/spazio-news.it\/#\/schema\/person\/c600904e882e9e166ed8e5e3773d37b3"},"headline":"LA PANDEMIA HA COLPITO CHI ERA IN CONDIZIONI DI SVANTAGGIO","datePublished":"2021-03-08T04:07:00+00:00","dateModified":"2021-03-15T06:37:40+00:00","mainEntityOfPage":{"@id":"https:\/\/spazio-news.it\/?p=9703"},"wordCount":450,"publisher":{"@id":"http:\/\/spazio-news.it\/#organization"},"image":{"@id":"https:\/\/spazio-news.it\/?p=9703#primaryimage"},"thumbnailUrl":"https:\/\/spazio-news.it\/wp-content\/uploads\/2020\/05\/Leonardo-Company-Produzione-elicotteri-AgustaWestland-Vergiate-Industria-lavoro-Spazio-News-Magazine.jpg","keywords":["Agenzia Nazionale Politiche Attive Lavoro \u2013 ANPAL","COVID-19","disoccupazione","Economia","Economia Italiana","Istituto Nazionale Assicurazione Infortuni sul lavoro - INAIL","Istituto Nazionale della Previdenza Sociale - INPS","Istituto Nazionale di Statistica \u2013 ISTAT","lavoro","mercato del lavoro Italia","Ministero del lavoro e delle politiche sociali","Nota trimestrale occupazione italiana","Rapporto annuale sul mercato del lavoro"],"articleSection":["01 - PRIMA PAGINA","04 - ECONOMIA &amp; SOCIET\u00c0"],"inLanguage":"it-IT"},{"@type":"WebPage","@id":"https:\/\/spazio-news.it\/?p=9703","url":"https:\/\/spazio-news.it\/?p=9703","name":"LA PANDEMIA HA COLPITO CHI ERA IN CONDIZIONI DI SVANTAGGIO &#187; Spazio-News Magazine","isPartOf":{"@id":"http:\/\/spazio-news.it\/#website"},"primaryImageOfPage":{"@id":"https:\/\/spazio-news.it\/?p=9703#primaryimage"},"image":{"@id":"https:\/\/spazio-news.it\/?p=9703#primaryimage"},"thumbnailUrl":"https:\/\/spazio-news.it\/wp-content\/uploads\/2020\/05\/Leonardo-Company-Produzione-elicotteri-AgustaWestland-Vergiate-Industria-lavoro-Spazio-News-Magazine.jpg","datePublished":"2021-03-08T04:07:00+00:00","dateModified":"2021-03-15T06:37:40+00:00","description":"L\u2019ISTAT ha presentato il rapporto annuale sul mercato del lavoro, frutto della collaborazione con il Ministero del lavoro e delle politiche","breadcrumb":{"@id":"https:\/\/spazio-news.it\/?p=9703#breadcrumb"},"inLanguage":"it-IT","potentialAction":[{"@type":"ReadAction","target":["https:\/\/spazio-news.it\/?p=9703"]}]},{"@type":"ImageObject","inLanguage":"it-IT","@id":"https:\/\/spazio-news.it\/?p=9703#primaryimage","url":"https:\/\/spazio-news.it\/wp-content\/uploads\/2020\/05\/Leonardo-Company-Produzione-elicotteri-AgustaWestland-Vergiate-Industria-lavoro-Spazio-News-Magazine.jpg","contentUrl":"https:\/\/spazio-news.it\/wp-content\/uploads\/2020\/05\/Leonardo-Company-Produzione-elicotteri-AgustaWestland-Vergiate-Industria-lavoro-Spazio-News-Magazine.jpg","width":800,"height":446,"caption":"Leonardo Company Produzione elicotteri AgustaWestland Vergiate Industria lavoro - Spazio-News Magazine"},{"@type":"BreadcrumbList","@id":"https:\/\/spazio-news.it\/?p=9703#breadcrumb","itemListElement":[{"@type":"ListItem","position":1,"name":"Home","item":"http:\/\/spazio-news.it\/"},{"@type":"ListItem","position":2,"name":"LA PANDEMIA HA COLPITO CHI ERA IN CONDIZIONI DI SVANTAGGIO"}]},{"@type":"WebSite","@id":"http:\/\/spazio-news.it\/#website","url":"http:\/\/spazio-news.it\/","name":"Spazio-News Magazine","description":"La guida che sfida la complessit\u00e0 del mondo industriale","publisher":{"@id":"http:\/\/spazio-news.it\/#organization"},"alternateName":"Spazio-news.it","potentialAction":[{"@type":"SearchAction","target":{"@type":"EntryPoint","urlTemplate":"http:\/\/spazio-news.it\/?s={search_term_string}"},"query-input":{"@type":"PropertyValueSpecification","valueRequired":true,"valueName":"search_term_string"}}],"inLanguage":"it-IT"},{"@type":"Organization","@id":"http:\/\/spazio-news.it\/#organization","name":"Spazio-News Magazine","url":"http:\/\/spazio-news.it\/","logo":{"@type":"ImageObject","inLanguage":"it-IT","@id":"http:\/\/spazio-news.it\/#\/schema\/logo\/image\/","url":"http:\/\/spazio-news.it\/wp-content\/uploads\/2023\/09\/Logo-Spazio-News-512-x-512-NO-testo.jpg","contentUrl":"http:\/\/spazio-news.it\/wp-content\/uploads\/2023\/09\/Logo-Spazio-News-512-x-512-NO-testo.jpg","width":512,"height":512,"caption":"Spazio-News Magazine"},"image":{"@id":"http:\/\/spazio-news.it\/#\/schema\/logo\/image\/"},"sameAs":["https:\/\/m.facebook.com\/spazio-news-magazine","https:\/\/x.com\/News_spazio"]},{"@type":"Person","@id":"http:\/\/spazio-news.it\/#\/schema\/person\/c600904e882e9e166ed8e5e3773d37b3","name":"Redazione","sameAs":["http:\/\/spazio-news.it","@SpazioNewsMagazine","https:\/\/x.com\/@news_spazio"],"url":"https:\/\/spazio-news.it\/?author=1"}]}},"_links":{"self":[{"href":"https:\/\/spazio-news.it\/index.php?rest_route=\/wp\/v2\/posts\/9703","targetHints":{"allow":["GET"]}}],"collection":[{"href":"https:\/\/spazio-news.it\/index.php?rest_route=\/wp\/v2\/posts"}],"about":[{"href":"https:\/\/spazio-news.it\/index.php?rest_route=\/wp\/v2\/types\/post"}],"author":[{"embeddable":true,"href":"https:\/\/spazio-news.it\/index.php?rest_route=\/wp\/v2\/users\/1"}],"replies":[{"embeddable":true,"href":"https:\/\/spazio-news.it\/index.php?rest_route=%2Fwp%2Fv2%2Fcomments&post=9703"}],"version-history":[{"count":3,"href":"https:\/\/spazio-news.it\/index.php?rest_route=\/wp\/v2\/posts\/9703\/revisions"}],"predecessor-version":[{"id":9799,"href":"https:\/\/spazio-news.it\/index.php?rest_route=\/wp\/v2\/posts\/9703\/revisions\/9799"}],"wp:featuredmedia":[{"embeddable":true,"href":"https:\/\/spazio-news.it\/index.php?rest_route=\/wp\/v2\/media\/8616"}],"wp:attachment":[{"href":"https:\/\/spazio-news.it\/index.php?rest_route=%2Fwp%2Fv2%2Fmedia&parent=9703"}],"wp:term":[{"taxonomy":"category","embeddable":true,"href":"https:\/\/spazio-news.it\/index.php?rest_route=%2Fwp%2Fv2%2Fcategories&post=9703"},{"taxonomy":"post_tag","embeddable":true,"href":"https:\/\/spazio-news.it\/index.php?rest_route=%2Fwp%2Fv2%2Ftags&post=9703"}],"curies":[{"name":"wp","href":"https:\/\/api.w.org\/{rel}","templated":true}]}}